{"id":170,"date":"2016-10-26T13:56:55","date_gmt":"2016-10-26T13:56:55","guid":{"rendered":"http:\/\/blogs.elnortedecastilla.es\/lolaleonardo\/?p=170"},"modified":"2016-10-26T13:56:55","modified_gmt":"2016-10-26T13:56:55","slug":"las-edades-de-lina","status":"publish","type":"post","link":"https:\/\/blogs.elnortedecastilla.es\/lolaleonardo\/2016\/10\/26\/las-edades-de-lina\/","title":{"rendered":"Las edades de Lina"},"content":{"rendered":"<p>Me reconcilio moment\u00e1neamente con S\u00e1nchez Drag\u00f3 y reproduzco unas palabras suyas sobre la forma de vivir y de encarar la existencia: \u201cNacer y ser joven es una vocaci\u00f3n; se nace joven y se muere joven o se nace viejo y se muere viejo\u201d.<\/p>\n<p>Aunque no contempla el escritor que uno puede nacer joven o viejo y aprender a ser totalmente lo contrario, o dejarse llevar, o alternar periodos de juventud y senectud seg\u00fan las circunstancias y los asientos ocupados que haya durante el trayecto en autob\u00fas.<\/p>\n<p>A Lina, los datos de su partida de nacimiento no le han impedido parir a su hija a los 62 a\u00f1os despu\u00e9s de un tratamiento de fecundaci\u00f3n in vitro. Ya pas\u00f3 por otro a los 52, con lo cual podemos comprobar que es reincidente y queda claro que tambi\u00e9n es libre.<\/p>\n<p>Porque libres somos para abortar, para ser madres, para no serlo, para arrepentirnos, para elegir el momento, el m\u00e9todo y la forma en que nazca o se origine la prole.<\/p>\n<p>Atacan a Lina por ser una madre a\u00f1osa, por ser \u201cuna ego\u00edsta que s\u00f3lo piensa en su felicidad\u201d y no en el \u201cfuturo de su nueva criatura\u201d que \u201cpocos a\u00f1os podr\u00e1 estar a su cuidado\u201d. Qui\u00e9n sabe si quiz\u00e1 los mismos o m\u00e1s que los hijos de las mujeres asesinadas en Espa\u00f1a a manos de sus parejas, nada menos que 650 desde 2007. \u00bfContabilizamos el n\u00famero de hijos que quedan hu\u00e9rfanos de madre (por muerta) y de padre (por asesino), desprotegidos y con el gran trauma de haber vivido, incluso como espectadores de\u00a0 primera fila, la muerte de sus madres y la destrucci\u00f3n de la familia?<\/p>\n<p>Y cuando muchos aluden a la sexagenaria Lina \u00bfse olvidan de Carmen Cervera, la baronesa que adopt\u00f3 dos ni\u00f1as procedentes de un vientre de alquiler cuando ella ten\u00eda 64? \u00bfTita puede y Lina no?<\/p>\n<p>\u00bfLina tiene energ\u00eda suficiente para trabajar como m\u00e9dico en un servicio de urgencias y carece de ella para criar a su nena? Es m\u00e1s, tiene ya otros dos hijos, uno de 27 y otro de 10; el mayor, con par\u00e1lisis cerebral. \u00bfNos cuestionamos que no pueda atenderlos por sus a\u00f1os acumulados? \u00bfEn qu\u00e9 momento se pasa de una edad correcta para educar y atender a un hijo a otra de inutilidad? \u00bfQui\u00e9n se\u00f1ala en el calendario ese espantoso y denigrante l\u00edmite? \u00bfSe les marca tambi\u00e9n a los hombres?<\/p>\n<p>Lo \u00fanico que se le puede reprochar a Lina \u00c1lvarez es que hable de su reciente maternidad como un milagro y haya incluso expresado que la naturaleza es sabia. Ni prodigios celestiales ni naturaleza erudita: la ciencia al servicio de la humanidad, tan s\u00f3lo eso.<\/p>\n<p>El \u00fanico milagro constatado en los\u00a0 \u00faltimos tiempos es la ins\u00f3lita capacidad de estiramiento de los panes y los peces (m\u00e1s bien los pollos) en muchos hogares. Recordemos que la tasa de riesgo de pobreza infantil es del\u00a034,4% para los ni\u00f1os en Espa\u00f1a y escala hasta el 60,3%\u00a0cuando esos ni\u00f1os son hijos de migrantes.<\/p>\n<p>Es este panorama ante el que deber\u00edamos revolvernos e indignarnos y no protestar porque Lina madre no pueda saltar a la comba con Lina hija dentro de diez a\u00f1os.<\/p>\n<p>&nbsp;<\/p>\n<p>&nbsp;<\/p>\n<p>&nbsp;<\/p>\n","protected":false},"excerpt":{"rendered":"<p>Me reconcilio moment\u00e1neamente con S\u00e1nchez Drag\u00f3 y reproduzco unas palabras suyas sobre la forma de vivir y de encarar la existencia: \u201cNacer y ser joven es una vocaci\u00f3n; se nace joven y se muere joven o se nace viejo y se muere viejo\u201d. Aunque no contempla el escritor que uno puede nacer joven o viejo [&hellip;]<\/p>\n","protected":false},"author":11533,"featured_media":0,"comment_status":"open","ping_status":"open","sticky":false,"template":"","format":"standard","meta":[],"categories":[1],"tags":[90,96,103],"_links":{"self":[{"href":"https:\/\/blogs.elnortedecastilla.es\/lolaleonardo\/wp-json\/wp\/v2\/posts\/170"}],"collection":[{"href":"https:\/\/blogs.elnortedecastilla.es\/lolaleonardo\/wp-json\/wp\/v2\/posts"}],"about":[{"href":"https:\/\/blogs.elnortedecastilla.es\/lolaleonardo\/wp-json\/wp\/v2\/types\/post"}],"author":[{"embeddable":true,"href":"https:\/\/blogs.elnortedecastilla.es\/lolaleonardo\/wp-json\/wp\/v2\/users\/11533"}],"replies":[{"embeddable":true,"href":"https:\/\/blogs.elnortedecastilla.es\/lolaleonardo\/wp-json\/wp\/v2\/comments?post=170"}],"version-history":[{"count":0,"href":"https:\/\/blogs.elnortedecastilla.es\/lolaleonardo\/wp-json\/wp\/v2\/posts\/170\/revisions"}],"wp:attachment":[{"href":"https:\/\/blogs.elnortedecastilla.es\/lolaleonardo\/wp-json\/wp\/v2\/media?parent=170"}],"wp:term":[{"taxonomy":"category","embeddable":true,"href":"https:\/\/blogs.elnortedecastilla.es\/lolaleonardo\/wp-json\/wp\/v2\/categories?post=170"},{"taxonomy":"post_tag","embeddable":true,"href":"https:\/\/blogs.elnortedecastilla.es\/lolaleonardo\/wp-json\/wp\/v2\/tags?post=170"}],"curies":[{"name":"wp","href":"https:\/\/api.w.org\/{rel}","templated":true}]}}