{"id":172,"date":"2016-11-09T22:20:47","date_gmt":"2016-11-09T22:20:47","guid":{"rendered":"http:\/\/blogs.elnortedecastilla.es\/lolaleonardo\/?p=172"},"modified":"2016-11-09T22:20:47","modified_gmt":"2016-11-09T22:20:47","slug":"al-agua-libre","status":"publish","type":"post","link":"https:\/\/blogs.elnortedecastilla.es\/lolaleonardo\/2016\/11\/09\/al-agua-libre\/","title":{"rendered":"Al agua libre"},"content":{"rendered":"<p>Han pasado casi seis a\u00f1os y descansa disperso y extendido, mecido por las aguas lentas del r\u00edo entre pinares. Su memoria es transparente y en ella habitan peces dulces que lamieron la sal de los besos del \u00faltimo d\u00eda.<\/p>\n<p>Dej\u00f3 recuerdos de hombre bueno en los rincones de la piel de sus hijos y un vac\u00edo de barranco en la planicie. Se fue sin acordarse de volver ni de saber que hab\u00eda venido.<\/p>\n<p>Porque siempre quiso regresar a los pinos y a las eras, viaj\u00f3 reducido a cenizas hasta el cauce de su luna.<\/p>\n<p>Otra despedida y esta vez sin iglesias ni sermones. Un adi\u00f3s con un vaso de clarete. Un trago bast\u00f3 para borrar las huellas devotas de la viuda, que sigui\u00f3 insistiendo, a\u00f1o tras a\u00f1o, en cumplir la gazmo\u00f1a tradici\u00f3n de un <em>in memoriam<\/em> pagado sobre alguien que prefiri\u00f3 los campos a los santos.<\/p>\n<p>M\u00e1s all\u00e1 de la muerte llevando la contraria y ahora, con la publicaci\u00f3n de la instrucci\u00f3n <em>Ad resurgendum cum Christo<\/em>, el Vaticano le da a ella alas para recuperar el tim\u00f3n de su fe chamuscada. La Iglesia cat\u00f3lica obliga a mantener las cenizas en un lugar sagrado (\u00bfno lo es el r\u00edo entre pinares?) ya sea un cementerio o el columbario de una parroquia (sin palomas libres) y proh\u00edbe de forma taxativa su dispersi\u00f3n por tierra, agua o aire para evitar cualquier \u201cmalentendido pante\u00edsta, naturalista o nihilista\u201d.<\/p>\n<p>Lo de \u00e9l, hace casi seis a\u00f1os, no fue ning\u00fan malentendido; estaba completamente claro. Cuando clara era su mente y el vino claro, cuando antes de olvidar record\u00f3 su pueblo, cuando antes de morir quiso volver, cuando volvi\u00f3 en polvo al polvo del camino que lleva al r\u00edo, al r\u00edo que le lleva, que le mece, que le arropa.<\/p>\n<p>Ella, a fin de ganarse el cielo y de revolver las aguas, publica la instrucci\u00f3n <em>Defuncti quaerere<\/em>, algo as\u00ed como \u2018en busca del difunto\u2019, re\u00fane a su familia para que se cumpla el mandato papal y organiza una expedici\u00f3n al r\u00edo entre pinares para recuperar los restos y llevarlos al columbario de las palomas presas. Su poder de convocatoria se queda en agua de borrajas y los hijos llenan sus vasos bajo el recuerdo del deseo paterno.<\/p>\n<p>Con un sentimiento de culpa que pesa m\u00e1s que sus cansados huesos, decide desheredar a la prole y gastar el dinero en salvar su alma. Contrata a un titulado en recuperaci\u00f3n fluvial y \u00e9ste inicia la b\u00fasqueda previo pago de honorarios, dietas e imprevistos. Equipado con un colador de caf\u00e9 y un cedazo, se instala en el mismo punto desde donde \u00e9l se fundi\u00f3 con el r\u00edo. Al cabo de unas semanas le entrega a la viuda una peque\u00f1a urna a cambio de otro cheque. Un folio manuscrito por el titulado certifica el contenido. Ella, como mujer de fe, recoge la urna sin abrir y la deposita en lugar sagrado. Su conciencia por fin est\u00e1 m\u00e1s limpia que el contenido real del tarro funerario: diez peque\u00f1os guijarros, c\u00e1scaras de pi\u00f1ones, la anilla de una lata de cerveza y un trozo del vidrio verde de una botella de clarete.<\/p>\n<p>Los peces se carcajean y son excomulgados.<\/p>\n<p>&nbsp;<\/p>\n<p>&nbsp;<\/p>\n","protected":false},"excerpt":{"rendered":"<p>Han pasado casi seis a\u00f1os y descansa disperso y extendido, mecido por las aguas lentas del r\u00edo entre pinares. Su memoria es transparente y en ella habitan peces dulces que lamieron la sal de los besos del \u00faltimo d\u00eda. Dej\u00f3 recuerdos de hombre bueno en los rincones de la piel de sus hijos y un [&hellip;]<\/p>\n","protected":false},"author":11533,"featured_media":0,"comment_status":"open","ping_status":"open","sticky":false,"template":"","format":"standard","meta":[],"categories":[1],"tags":[23,49,171],"_links":{"self":[{"href":"https:\/\/blogs.elnortedecastilla.es\/lolaleonardo\/wp-json\/wp\/v2\/posts\/172"}],"collection":[{"href":"https:\/\/blogs.elnortedecastilla.es\/lolaleonardo\/wp-json\/wp\/v2\/posts"}],"about":[{"href":"https:\/\/blogs.elnortedecastilla.es\/lolaleonardo\/wp-json\/wp\/v2\/types\/post"}],"author":[{"embeddable":true,"href":"https:\/\/blogs.elnortedecastilla.es\/lolaleonardo\/wp-json\/wp\/v2\/users\/11533"}],"replies":[{"embeddable":true,"href":"https:\/\/blogs.elnortedecastilla.es\/lolaleonardo\/wp-json\/wp\/v2\/comments?post=172"}],"version-history":[{"count":0,"href":"https:\/\/blogs.elnortedecastilla.es\/lolaleonardo\/wp-json\/wp\/v2\/posts\/172\/revisions"}],"wp:attachment":[{"href":"https:\/\/blogs.elnortedecastilla.es\/lolaleonardo\/wp-json\/wp\/v2\/media?parent=172"}],"wp:term":[{"taxonomy":"category","embeddable":true,"href":"https:\/\/blogs.elnortedecastilla.es\/lolaleonardo\/wp-json\/wp\/v2\/categories?post=172"},{"taxonomy":"post_tag","embeddable":true,"href":"https:\/\/blogs.elnortedecastilla.es\/lolaleonardo\/wp-json\/wp\/v2\/tags?post=172"}],"curies":[{"name":"wp","href":"https:\/\/api.w.org\/{rel}","templated":true}]}}