{"id":176,"date":"2016-12-07T12:36:38","date_gmt":"2016-12-07T12:36:38","guid":{"rendered":"http:\/\/blogs.elnortedecastilla.es\/lolaleonardo\/?p=176"},"modified":"2016-12-07T12:36:38","modified_gmt":"2016-12-07T12:36:38","slug":"las-botas-del-soldado","status":"publish","type":"post","link":"https:\/\/blogs.elnortedecastilla.es\/lolaleonardo\/2016\/12\/07\/las-botas-del-soldado\/","title":{"rendered":"Las botas del soldado"},"content":{"rendered":"<p>Con solamente dos frases se puede definir la pel\u00edcula \u20181998. Los \u00faltimos de Filipinas\u2019: \u201cViva Espa\u00f1a\u201d y \u201cA la mierda Espa\u00f1a\u201d. Ambas las pronuncia el mismo personaje, el sargento Jimeno al principio y al final de esta experiencia neo\u00e9pica. A trav\u00e9s de este reduccionismo no quiero simplificar el bestial trabajo de todo el equipo, sino admirar una evoluci\u00f3n de pensamiento que arrastra y envuelve al espectador, haci\u00e9ndonos sentir m\u00e1s verg\u00fcenza que la que sentimos cuando de pasada estudi\u00e1bamos la historia del fin del imperio; como siempre, el esplendor copaba los temas gordos y las derrotas se ventilaban en cap\u00edtulos que cab\u00edan en etiquetas de quesitos.<\/p>\n<p>La sensaci\u00f3n de olvido y abandono que sintieron aquellos soldados por parte del Estado es comparable a la que vivimos en la actualidad. La ineptitud de los gobernantes es hereditaria y contagiosa; la desolaci\u00f3n del pueblo se ha enquistado en su ADN. No hay manera.<\/p>\n<p>As\u00ed las cosas, si alguna vez nos da por no sentirnos espa\u00f1oles, o por sentirnos no espa\u00f1oles, no merecemos ser fusilados al alba en twitter, o s\u00ed, pero sin sangre, porque siempre sale al viento, al paso y al repaso alg\u00fan patriota sin m\u00e1s patria que la intolerancia.<\/p>\n<p>He escuchado un par de veces el discurso de Fernando Trueba en 2015 tras ser galardonado con el Premio Nacional de Cinematograf\u00eda y, haciendo recuento, me habr\u00e9 sentido Trueba unos quinientos segundos al d\u00eda en los \u00faltimos lustros. T\u00fa tambi\u00e9n. Y m\u00e1s si a tu lado est\u00e1 \u00cd\u00f1igo M\u00e9ndez de Vigo y Montojo (es una sola persona, s\u00ed, aunque parezca trino), bar\u00f3n de Claret, actual ministro de Educaci\u00f3n, Cultura, Deportes y Repollos, gran aficionado a Cine de Barrio. Y entre esta querencia del tambi\u00e9n portavoz del Gobierno y que muy poco debe saber de ense\u00f1anza p\u00fablica (los arist\u00f3cratas viven y van a misa en mundos paralelos a \u00e9ste), no es de extra\u00f1ar que a eso de las seis de la tarde nos entren ganas de expatriarnos a Par\u00eds y no volver hasta despu\u00e9s de la media noche, o de no volver nunca.<\/p>\n<p>Dos a\u00f1os antes que Trueba, el director de \u2018Lo imposible\u2019 recog\u00eda su premio y sonrojaba con sus palabras al predecesor del bar\u00f3n. \u201cMis padres entendieron mejor que nadie que la educaci\u00f3n no era un gasto, sino una inversi\u00f3n\u201d, se\u00f1alaba Juan Antonio Bayona. Wert puso cara de querer ser tragado por la tierra y poco despu\u00e9s \u00e9l se teletransport\u00f3 a orillas del Sena para vivir de lujo a costa de nuestros costados y de las botas peque\u00f1as que le dieron al soldado artista extreme\u00f1o para ir a luchar a Filipinas.<\/p>\n<p>Mientras el mundo del cine se rebota, los estudiantes se indignan y los casi cuatro millones de parados se levantan con la angustia de c\u00f3mo poder llegar a fin de d\u00eda, ellos, los de arriba, sue\u00f1an c\u00f3mo embarcarnos rumbo a Manila. Han pedido a los reyes magos una gran remesa de fusiles de <em>berjusa<\/em> y chanclas del <em>todoaci\u00e9n<\/em> para todos estos siervos de la gleba sin tierra en que nos han convertido. Y luego que nos duele Espa\u00f1a\u2026<\/p>\n","protected":false},"excerpt":{"rendered":"<p>Con solamente dos frases se puede definir la pel\u00edcula \u20181998. Los \u00faltimos de Filipinas\u2019: \u201cViva Espa\u00f1a\u201d y \u201cA la mierda Espa\u00f1a\u201d. Ambas las pronuncia el mismo personaje, el sargento Jimeno al principio y al final de esta experiencia neo\u00e9pica. A trav\u00e9s de este reduccionismo no quiero simplificar el bestial trabajo de todo el equipo, sino [&hellip;]<\/p>\n","protected":false},"author":11533,"featured_media":0,"comment_status":"open","ping_status":"open","sticky":false,"template":"","format":"standard","meta":[],"categories":[1],"tags":[93],"_links":{"self":[{"href":"https:\/\/blogs.elnortedecastilla.es\/lolaleonardo\/wp-json\/wp\/v2\/posts\/176"}],"collection":[{"href":"https:\/\/blogs.elnortedecastilla.es\/lolaleonardo\/wp-json\/wp\/v2\/posts"}],"about":[{"href":"https:\/\/blogs.elnortedecastilla.es\/lolaleonardo\/wp-json\/wp\/v2\/types\/post"}],"author":[{"embeddable":true,"href":"https:\/\/blogs.elnortedecastilla.es\/lolaleonardo\/wp-json\/wp\/v2\/users\/11533"}],"replies":[{"embeddable":true,"href":"https:\/\/blogs.elnortedecastilla.es\/lolaleonardo\/wp-json\/wp\/v2\/comments?post=176"}],"version-history":[{"count":0,"href":"https:\/\/blogs.elnortedecastilla.es\/lolaleonardo\/wp-json\/wp\/v2\/posts\/176\/revisions"}],"wp:attachment":[{"href":"https:\/\/blogs.elnortedecastilla.es\/lolaleonardo\/wp-json\/wp\/v2\/media?parent=176"}],"wp:term":[{"taxonomy":"category","embeddable":true,"href":"https:\/\/blogs.elnortedecastilla.es\/lolaleonardo\/wp-json\/wp\/v2\/categories?post=176"},{"taxonomy":"post_tag","embeddable":true,"href":"https:\/\/blogs.elnortedecastilla.es\/lolaleonardo\/wp-json\/wp\/v2\/tags?post=176"}],"curies":[{"name":"wp","href":"https:\/\/api.w.org\/{rel}","templated":true}]}}