{"id":185,"date":"2017-01-31T22:39:22","date_gmt":"2017-01-31T22:39:22","guid":{"rendered":"http:\/\/blogs.elnortedecastilla.es\/lolaleonardo\/?p=185"},"modified":"2017-01-31T22:39:22","modified_gmt":"2017-01-31T22:39:22","slug":"tu-pares-el-para","status":"publish","type":"post","link":"https:\/\/blogs.elnortedecastilla.es\/lolaleonardo\/2017\/01\/31\/tu-pares-el-para\/","title":{"rendered":"T\u00fa pares, \u00e9l para"},"content":{"rendered":"<p>Se han empe\u00f1ado en hablar por nosotras crey\u00e9ndonos incapaces. Se han erigido en figuras paternalistas crey\u00e9ndonos menores mentales. Se han obcecado en dirigir nuestras vidas crey\u00e9ndose capaces de ser due\u00f1os, conductores, pastores, coach de almas y de \u00fateros.<\/p>\n<p>Lo peor es que entre ellos tambi\u00e9n habitan algunas ellas. Ya no s\u00f3lo los sectores m\u00e1s rancios de los grupos religiosos, los ultraconservadores de ciertos partidos pol\u00edticos (los hay en todos y cada uno de ellos) o lobbies cabildeando en pro de la sagrada familia del pajarito, sino tambi\u00e9n algunos miembros de colectivos feministas que tienen un poco atragantado el tema de las libertades siempre con la excusa de blindar la dignidad de la mujer, sin reconocer que la dignidad, como la verdad, no es ni mucho menos absoluta.<\/p>\n<p>Frases como \u201catentado contra la maternidad\u201d, \u201cacto il\u00edcito de procreaci\u00f3n\u201d, \u201ccosificaci\u00f3n y despersonalizaci\u00f3n del ser engendrado\u201d, son lanzadas contra la pr\u00e1ctica de los vientres de alquiler, apoyadas adem\u00e1s por una defensa a ultranza de la mujer a fin de que no sea tratada como un contenedor de embriones para repartir a diestra y siniestra, dicho por diestros y siniestros.<\/p>\n<p>\u00bfAhora se preocupan? \u00bfQu\u00e9 ha sido la mujer durante siglos sino un recipiente de criaturas para ofrecer a dios, a la tierra para trabajarla o a los ej\u00e9rcitos para morir por las guerras de los hombres?<\/p>\n<p>Cuando ya hemos logrado la consideraci\u00f3n de seres humanos pensantes, libres, iguales, distintas, ahora tratan de manipular nuestra libertad de decidir. Qu\u00e9 pesadez.<\/p>\n<p>Al contrario que en el tema de la prostituci\u00f3n, del que habl\u00e9 en este mismo espacio en abril de 2015, en \u00e9ste que nos ocupa a\u00fan falta mucho para que el personal deje de plantearse la cuesti\u00f3n en t\u00e9rminos de moralidad y entre ya s\u00f3lo en el debate sobre si la maternidad subrogada es una forma de explotaci\u00f3n que no debe ser legalizada o ser considerada una pr\u00e1ctica leg\u00edtima que es necesario reglamentar. Lo que es fundamental ya sea si se legaliza, se regulariza o se convierte en punto del d\u00eda de alg\u00fan programa electoral para mostrarla como objeto de asistencia, es que hagan de la madre que alquila su vientre el sujeto de la conquista de sus propios derechos.<\/p>\n<p>Si al eslogan de \u201cnosotras parimos, nosotras decidimos\u201d, que ya es m\u00e1s viejo que el hilo negro, pero no por ello menos cierto y con una vigencia que deber\u00eda incrustarse de una vez por todas en nuestros genes, a\u00f1adimos sin atender a consignas que \u201cparimos los hijos de quien nos d\u00e9 la gana\u201d, \u00bfqu\u00e9 tienen otros y otras que decir?<\/p>\n<p>La maternidad subrogada est\u00e1 en la agenda del Gobierno para esta legislatura, pero me da en la nariz que va para largo. Espero tambi\u00e9n que se tenga en cuenta que las mujeres que ofrecen este servicio tienen derecho a una compensaci\u00f3n econ\u00f3mica y no a un precio de mercado, porque \u00e9ste lo controlan siempre otros.<\/p>\n<p>Recordemos que la dignidad nos otorga la prerrogativa de ser respetados.<\/p>\n","protected":false},"excerpt":{"rendered":"<p>Se han empe\u00f1ado en hablar por nosotras crey\u00e9ndonos incapaces. Se han erigido en figuras paternalistas crey\u00e9ndonos menores mentales. Se han obcecado en dirigir nuestras vidas crey\u00e9ndose capaces de ser due\u00f1os, conductores, pastores, coach de almas y de \u00fateros. Lo peor es que entre ellos tambi\u00e9n habitan algunas ellas. Ya no s\u00f3lo los sectores m\u00e1s rancios [&hellip;]<\/p>\n","protected":false},"author":11533,"featured_media":0,"comment_status":"open","ping_status":"open","sticky":false,"template":"","format":"standard","meta":[],"categories":[1],"tags":[104,173],"_links":{"self":[{"href":"https:\/\/blogs.elnortedecastilla.es\/lolaleonardo\/wp-json\/wp\/v2\/posts\/185"}],"collection":[{"href":"https:\/\/blogs.elnortedecastilla.es\/lolaleonardo\/wp-json\/wp\/v2\/posts"}],"about":[{"href":"https:\/\/blogs.elnortedecastilla.es\/lolaleonardo\/wp-json\/wp\/v2\/types\/post"}],"author":[{"embeddable":true,"href":"https:\/\/blogs.elnortedecastilla.es\/lolaleonardo\/wp-json\/wp\/v2\/users\/11533"}],"replies":[{"embeddable":true,"href":"https:\/\/blogs.elnortedecastilla.es\/lolaleonardo\/wp-json\/wp\/v2\/comments?post=185"}],"version-history":[{"count":0,"href":"https:\/\/blogs.elnortedecastilla.es\/lolaleonardo\/wp-json\/wp\/v2\/posts\/185\/revisions"}],"wp:attachment":[{"href":"https:\/\/blogs.elnortedecastilla.es\/lolaleonardo\/wp-json\/wp\/v2\/media?parent=185"}],"wp:term":[{"taxonomy":"category","embeddable":true,"href":"https:\/\/blogs.elnortedecastilla.es\/lolaleonardo\/wp-json\/wp\/v2\/categories?post=185"},{"taxonomy":"post_tag","embeddable":true,"href":"https:\/\/blogs.elnortedecastilla.es\/lolaleonardo\/wp-json\/wp\/v2\/tags?post=185"}],"curies":[{"name":"wp","href":"https:\/\/api.w.org\/{rel}","templated":true}]}}