{"id":193,"date":"2017-03-30T05:19:56","date_gmt":"2017-03-30T05:19:56","guid":{"rendered":"http:\/\/blogs.elnortedecastilla.es\/lolaleonardo\/?p=193"},"modified":"2017-03-30T05:19:56","modified_gmt":"2017-03-30T05:19:56","slug":"la-rebelion-de-las-madres","status":"publish","type":"post","link":"https:\/\/blogs.elnortedecastilla.es\/lolaleonardo\/2017\/03\/30\/la-rebelion-de-las-madres\/","title":{"rendered":"La rebeli\u00f3n de las madres"},"content":{"rendered":"<p>Dice la OMS que calidad de vida es la percepci\u00f3n que un individuo tiene de su lugar en la existencia, en el contexto de cultura y del sistema de valores en los que vive y en relaci\u00f3n con sus normas y sus inquietudes.\u00a0Se trata de un concepto amplio que est\u00e1 influido de un modo complejo por la salud f\u00edsica del sujeto, su estado psicol\u00f3gico, su nivel de independencia, sus relaciones sociales y la relaci\u00f3n con su entorno.<\/p>\n<p>Como es una definici\u00f3n un tanto imprecisa y bastante pl\u00fambea, vamos a cambiar todo ese p\u00e1rrafo por la palabra bienestar.<\/p>\n<p>La ha liado la periodista Samanta Villar al comentar que la maternidad le ha restado calidad de vida (prep\u00e1rate, compa\u00f1era, para cuando, de repente, te encuentres en tu casa a dos adolescentes) y que no es mucho m\u00e1s feliz tras ser madre. Estoy contigo, a ver si de una vez nos dejan pensar libremente si querer ser madre es una decisi\u00f3n personal, una imposici\u00f3n social o cualquier otra circunstancia. Y que no querer serlo es fruto, igualmente, de una profunda reflexi\u00f3n.<\/p>\n<p>Tras haber decidido serlo por unos u otros motivos, que nos permitan expresar lo que significa la maternidad del d\u00eda a d\u00eda o que nos arranquen la lengua. Aun as\u00ed, habr\u00e1 cosas que nos callemos por si resucitan m\u00e1s justicieros de la moral y del discurso at\u00e1vico. Ya no.<\/p>\n<p>Muchas de las madres que conozco, por serlo, no sienten haber alcanzado la prometida plenitud. Otras, en realidad, no sab\u00edamos lo que busc\u00e1bamos, quiz\u00e1 el sentido de la vida que, al menos doce \u2013en ocasiones hasta catorce- horas al d\u00eda parece no tener sentido alguno.<\/p>\n<p>De nuevo molestan los sentimientos de las mujeres y m\u00e1s los de las mujeres madres que se atreven a manifestarlos de una manera real y cotidiana. Pertenecemos a una generaci\u00f3n que ha formado parte durante m\u00e1s a\u00f1os del sistema laboral que del \u2018maternal\u2019, quiz\u00e1 porque asumimos la dificultad de compaginar o porque cre\u00edmos que con nuestro trabajo y con un m\u00e1s que satisfactorio ocio lo ten\u00edamos todo ganado. Madres tard\u00edas -a\u00f1osas, nos llaman, porque las palabras tambi\u00e9n las crearon ellos-, lo fuimos por decisi\u00f3n propia y porque fue as\u00ed, tambi\u00e9n nos da la gana amarlos las 24 horas del d\u00eda, querer amordazarlos durante diez minutos, hacer que desaparezcan hora y cuarto y, por favor, que lleguen ya, que son las once de la noche.<\/p>\n<p>Estos sentimientos complejos y contradictorios no nos hacen ser despreciables seres, o s\u00ed, seg\u00fan quien nos escuche. Pues que nos oigan decir que s\u00ed, que hay pedazos del d\u00eda y trozos de la noche en que somos jirones de madres arrepentidas, porque te pica su varicela, te duele su pierna rota, te parte el alma su primer desenga\u00f1o y te mata su tardanza. Que le pongan nombre a esto.<\/p>\n<p>Ellas, las mujeres NoMo (no mother) tambi\u00e9n son criticadas por su ego\u00edsmo. Siempre son los mismos bocazas. Contra ellas, contra nosotras, contra todas.<\/p>\n<p>Decidir no tener hijos deber\u00eda ser el final de la conversaci\u00f3n. Es el final de la conversaci\u00f3n.<\/p>\n","protected":false},"excerpt":{"rendered":"<p>Dice la OMS que calidad de vida es la percepci\u00f3n que un individuo tiene de su lugar en la existencia, en el contexto de cultura y del sistema de valores en los que vive y en relaci\u00f3n con sus normas y sus inquietudes.\u00a0Se trata de un concepto amplio que est\u00e1 influido de un modo complejo [&hellip;]<\/p>\n","protected":false},"author":11533,"featured_media":0,"comment_status":"open","ping_status":"open","sticky":false,"template":"","format":"standard","meta":[],"categories":[1],"tags":[95,119,148],"_links":{"self":[{"href":"https:\/\/blogs.elnortedecastilla.es\/lolaleonardo\/wp-json\/wp\/v2\/posts\/193"}],"collection":[{"href":"https:\/\/blogs.elnortedecastilla.es\/lolaleonardo\/wp-json\/wp\/v2\/posts"}],"about":[{"href":"https:\/\/blogs.elnortedecastilla.es\/lolaleonardo\/wp-json\/wp\/v2\/types\/post"}],"author":[{"embeddable":true,"href":"https:\/\/blogs.elnortedecastilla.es\/lolaleonardo\/wp-json\/wp\/v2\/users\/11533"}],"replies":[{"embeddable":true,"href":"https:\/\/blogs.elnortedecastilla.es\/lolaleonardo\/wp-json\/wp\/v2\/comments?post=193"}],"version-history":[{"count":0,"href":"https:\/\/blogs.elnortedecastilla.es\/lolaleonardo\/wp-json\/wp\/v2\/posts\/193\/revisions"}],"wp:attachment":[{"href":"https:\/\/blogs.elnortedecastilla.es\/lolaleonardo\/wp-json\/wp\/v2\/media?parent=193"}],"wp:term":[{"taxonomy":"category","embeddable":true,"href":"https:\/\/blogs.elnortedecastilla.es\/lolaleonardo\/wp-json\/wp\/v2\/categories?post=193"},{"taxonomy":"post_tag","embeddable":true,"href":"https:\/\/blogs.elnortedecastilla.es\/lolaleonardo\/wp-json\/wp\/v2\/tags?post=193"}],"curies":[{"name":"wp","href":"https:\/\/api.w.org\/{rel}","templated":true}]}}