{"id":195,"date":"2017-04-19T15:50:54","date_gmt":"2017-04-19T15:50:54","guid":{"rendered":"http:\/\/blogs.elnortedecastilla.es\/lolaleonardo\/?p=195"},"modified":"2017-04-19T15:50:54","modified_gmt":"2017-04-19T15:50:54","slug":"la-libertad-en-un-frasco","status":"publish","type":"post","link":"https:\/\/blogs.elnortedecastilla.es\/lolaleonardo\/2017\/04\/19\/la-libertad-en-un-frasco\/","title":{"rendered":"La libertad en un frasco"},"content":{"rendered":"<p>\u201cSi est\u00e1s viendo este video es que he conseguido ser libre\u201d. No hemos sido capaces de parpadear ante las pantallas durante las noticias. Hemos escuchado sus palabras cercanas a trav\u00e9s de la radio. Y estamos seguros, desde una extensa tristeza y una extra\u00f1a rabia, de que es libre ahora porque antes no lo fue.<\/p>\n<p>\u201cSoy Jos\u00e9 Antonio Arrabal. Tengo 58 a\u00f1os, casado, con dos hijos y enfermo de ELA\u201d. Domingo 2 de abril. Est\u00e1 en el sal\u00f3n de su vivienda. A su izquierda, en un rinc\u00f3n, dos tristes macetas. Frente a \u00e9l, sobre una mesita, un frasco contiene unos mililitros de libertad transparente.<\/p>\n<p>Ning\u00fan especialista le ha recetado la medicaci\u00f3n con la que poder morir dulcemente, as\u00ed que se las ha apa\u00f1ado para hacerse con ella. Su mujer y sus hijos no le acompa\u00f1an porque de nuevo las leyes les han dejado indefensos, ech\u00e1ndoles a patadas de la casa, con una despedida temprana y un dolor de ausencia obligada.<\/p>\n<p>Mientras ellos se rebelan contra las razones, Jos\u00e9 Antonio habla pausadamente, trag\u00e1ndose ahogos, quiz\u00e1 dolores, frente a la c\u00e1mara que le graba: \u201cMe parece indignante que en este pa\u00eds no est\u00e9 legalizado el suicidio asistido o la eutanasia. Me parece indignante que una persona tenga que morir sola y en la clandestinidad. Me parece indignante que tu familia se tenga que marchar de casa para no verse implicada y acabar en la c\u00e1rcel\u201d.<\/p>\n<p>Quer\u00eda morir, pero no le dejaban. \u201cNo lo entiendo: \u00bfd\u00f3nde est\u00e1 mi libertad? \u00bfA santo de qu\u00e9 pod\u00e9is negarme el derecho a disponer de mi existencia?\u201d<\/p>\n<p>Jos\u00e9 Antonio ingiere una combinaci\u00f3n letal de medicamentos. Lo hace cuando a\u00fan tiene movilidad en la mano derecha y la capacidad de sorber. Cae en un sue\u00f1o profundo. Y llega el eterno. De banda sonora, la canci\u00f3n que eligi\u00f3 \u00e9l mismo como r\u00e9quiem: \u2018Libre\u2019, de Nino Bravo.<\/p>\n<p>Pocos d\u00edas antes sus palabras resonaron en el Congreso. El l\u00edder de Podemos las vomit\u00f3 sobre las conciencias de los diputados, pero de nuevo los derechos civiles les sonaron a revoluci\u00f3n y los barrieron bajo la alfombra.<\/p>\n<p>Jos\u00e9 Antonio aprendi\u00f3, como tantos otros en su situaci\u00f3n, a leer las caras de todas las personas que estaban a su alrededor: \u201cVeo la impotencia que sienten al no poder hacer nada para mejorar mi existencia. Veo el sufrimiento que padecen al imaginarse el m\u00edo. No todos comparten mi decisi\u00f3n, pero la respetan porque es m\u00eda\u201d. Ya ves, Jos\u00e9 Antonio, de respeto se trata y los que tumban propuestas no saben ni deletrearlo.<\/p>\n<p>Decidi\u00f3 libremente no querer seguir viviendo su infierno. Nadie puede comprender sus l\u00e1grimas cada ma\u00f1ana cuando al despertarse descubr\u00eda que estaba abocado a enfrentarse a \u201cotro d\u00eda de padecimiento sin l\u00edmite\u201d y con la sola perspectiva de \u201ccontinuar mirando el mismo trozo de techo\u201d. \u00a0Y ese sufrimiento de d\u00edas sin fin y con la mala suerte de no haberse muerto mientras dorm\u00eda, que es lo que m\u00e1s deseaba en este mundo.<\/p>\n<p>Los se\u00f1ores diputados han comenzado sus vacaciones. Se les ha olvidado ya tu dignidad.<\/p>\n","protected":false},"excerpt":{"rendered":"<p>\u201cSi est\u00e1s viendo este video es que he conseguido ser libre\u201d. No hemos sido capaces de parpadear ante las pantallas durante las noticias. Hemos escuchado sus palabras cercanas a trav\u00e9s de la radio. Y estamos seguros, desde una extensa tristeza y una extra\u00f1a rabia, de que es libre ahora porque antes no lo fue. \u201cSoy [&hellip;]<\/p>\n","protected":false},"author":11533,"featured_media":0,"comment_status":"open","ping_status":"open","sticky":false,"template":"","format":"standard","meta":[],"categories":[1],"tags":[66,85,159],"_links":{"self":[{"href":"https:\/\/blogs.elnortedecastilla.es\/lolaleonardo\/wp-json\/wp\/v2\/posts\/195"}],"collection":[{"href":"https:\/\/blogs.elnortedecastilla.es\/lolaleonardo\/wp-json\/wp\/v2\/posts"}],"about":[{"href":"https:\/\/blogs.elnortedecastilla.es\/lolaleonardo\/wp-json\/wp\/v2\/types\/post"}],"author":[{"embeddable":true,"href":"https:\/\/blogs.elnortedecastilla.es\/lolaleonardo\/wp-json\/wp\/v2\/users\/11533"}],"replies":[{"embeddable":true,"href":"https:\/\/blogs.elnortedecastilla.es\/lolaleonardo\/wp-json\/wp\/v2\/comments?post=195"}],"version-history":[{"count":0,"href":"https:\/\/blogs.elnortedecastilla.es\/lolaleonardo\/wp-json\/wp\/v2\/posts\/195\/revisions"}],"wp:attachment":[{"href":"https:\/\/blogs.elnortedecastilla.es\/lolaleonardo\/wp-json\/wp\/v2\/media?parent=195"}],"wp:term":[{"taxonomy":"category","embeddable":true,"href":"https:\/\/blogs.elnortedecastilla.es\/lolaleonardo\/wp-json\/wp\/v2\/categories?post=195"},{"taxonomy":"post_tag","embeddable":true,"href":"https:\/\/blogs.elnortedecastilla.es\/lolaleonardo\/wp-json\/wp\/v2\/tags?post=195"}],"curies":[{"name":"wp","href":"https:\/\/api.w.org\/{rel}","templated":true}]}}