{"id":20,"date":"2012-11-21T08:48:34","date_gmt":"2012-11-21T08:48:34","guid":{"rendered":"http:\/\/blogs.elnortedecastilla.es\/lolaleonardo\/?p=20"},"modified":"2012-11-21T08:48:34","modified_gmt":"2012-11-21T08:48:34","slug":"homer-guindos-y-los-sans-culottes","status":"publish","type":"post","link":"https:\/\/blogs.elnortedecastilla.es\/lolaleonardo\/2012\/11\/21\/homer-guindos-y-los-sans-culottes\/","title":{"rendered":"Homer Guindos y los sans culottes"},"content":{"rendered":"<p>De Guindos, ese empleado nuestro con perpetuo gesto de afectado por acidez, no deja de recordarme frases de la sabidur\u00eda popular, que parece ser lo \u00fanico que le queda al pueblo, reflexiones de grandes pensadores y m\u00e1ximas taxativas de nuestros h\u00e9roes contempor\u00e1neos, como Homer Simpson o el cantante de U2.<\/p>\n<p>As\u00ed, cuando esperamos que nos alegre la ma\u00f1ana con una soluci\u00f3n a nuestra ca\u00edda en el fango, rebozados y sin resuello, nos resignamos a repetir: \u201cNo se puede pedir peras al guindo; ni siquiera guindas.\u201d<\/p>\n<p>En el caso de que se le preguntara por qu\u00e9 una sobrina suya, Leticia, ocupa una agregadur\u00eda de la embajada espa\u00f1ola en Washington, seguro que ilustrar\u00eda a la perfecci\u00f3n aquello de \u201c\u00bfAd\u00f3nde vas?\u201d \u201cManzanas traigo\u201d. \u00bfVes? Se vuelve a quedar con las guindas.<\/p>\n<p>El d\u00eda de la huelga, el suyo fue un combate de cifras con l\u00edderes sindicales, delegaciones de gobierno, patronal y cuentacuentos. Todos ellos, al final, se retrataron con la frase del padre de Bart en una pancarta compartida: \u201cExisten TRES clases de personas: las que saben contar y las que no\u201d. Y todos ellos tambi\u00e9n, tras una jornada agotadora, acabaron en un karaoke cantando al un\u00edsono aquella de U2: \u201c<em>Un, dos, tres, 14<\/em> (te recuerdo que no saben contar). <em>Dale ca\u00f1a, capit\u00e1n. Hola, hola. Estoy en un lugar llamado V\u00e9rtigo. Todo esto puede ser tuyo. Todo esto puede ser tuyo. Todo esto puede ser tuyo<\/em>\u201d. Y, de tanto repetir la cancioncita, van y se lo quedan. Todo. Ya no s\u00f3lo las guindas.<\/p>\n<p>Sangra m\u00e1s la postura o impostura del ministro ante el tema de los desahucios, d\u00e1ndole la m\u00e1xima importancia a que las medidillas no eleven la mora hipotecaria. Desde el primer momento, este empleado nuestro, responsable de \u00bfEconom\u00eda? y \u00bfCompetitividad? ha relativizado el tema sin darse cuenta (caerse del guindo) de que cuando el drama es absoluto el problema jam\u00e1s puede ser relativo. En cualquier momento, para darnos \u00e1nimos, nos suelta la de Proudhon, \u00e9sa de que la propiedad es un robo, para hacernos sentir decentes de puro pobres.<\/p>\n<p>Cl\u00e1usulas abusivas e indefensi\u00f3n jur\u00eddica. Ante esto se desmoronan familias enteras tras quebrarse sus ilusiones de tener un techo en cualquier suelo, y no ya en La Moraleja como nuestros asalariados del Gobierno. Si ya no tenemos privilegios jur\u00eddicos y nos han arrebatado los econ\u00f3micos, formamos parte de los sans culottes. Y luego, ya sabes, que se quejan de esas cosillas de la Bastilla y la revoluci\u00f3n.<\/p>\n","protected":false},"excerpt":{"rendered":"<p>De Guindos, ese empleado nuestro con perpetuo gesto de afectado por acidez, no deja de recordarme frases de la sabidur\u00eda popular, que parece ser lo \u00fanico que le queda al pueblo, reflexiones de grandes pensadores y m\u00e1ximas taxativas de nuestros h\u00e9roes contempor\u00e1neos, como Homer Simpson o el cantante de U2. As\u00ed, cuando esperamos que nos [&hellip;]<\/p>\n","protected":false},"author":11533,"featured_media":0,"comment_status":"open","ping_status":"closed","sticky":false,"template":"","format":"standard","meta":[],"categories":[1],"tags":[37,128],"_links":{"self":[{"href":"https:\/\/blogs.elnortedecastilla.es\/lolaleonardo\/wp-json\/wp\/v2\/posts\/20"}],"collection":[{"href":"https:\/\/blogs.elnortedecastilla.es\/lolaleonardo\/wp-json\/wp\/v2\/posts"}],"about":[{"href":"https:\/\/blogs.elnortedecastilla.es\/lolaleonardo\/wp-json\/wp\/v2\/types\/post"}],"author":[{"embeddable":true,"href":"https:\/\/blogs.elnortedecastilla.es\/lolaleonardo\/wp-json\/wp\/v2\/users\/11533"}],"replies":[{"embeddable":true,"href":"https:\/\/blogs.elnortedecastilla.es\/lolaleonardo\/wp-json\/wp\/v2\/comments?post=20"}],"version-history":[{"count":0,"href":"https:\/\/blogs.elnortedecastilla.es\/lolaleonardo\/wp-json\/wp\/v2\/posts\/20\/revisions"}],"wp:attachment":[{"href":"https:\/\/blogs.elnortedecastilla.es\/lolaleonardo\/wp-json\/wp\/v2\/media?parent=20"}],"wp:term":[{"taxonomy":"category","embeddable":true,"href":"https:\/\/blogs.elnortedecastilla.es\/lolaleonardo\/wp-json\/wp\/v2\/categories?post=20"},{"taxonomy":"post_tag","embeddable":true,"href":"https:\/\/blogs.elnortedecastilla.es\/lolaleonardo\/wp-json\/wp\/v2\/tags?post=20"}],"curies":[{"name":"wp","href":"https:\/\/api.w.org\/{rel}","templated":true}]}}