{"id":205,"date":"2017-11-24T19:14:28","date_gmt":"2017-11-24T19:14:28","guid":{"rendered":"http:\/\/blogs.elnortedecastilla.es\/lolaleonardo\/?p=205"},"modified":"2017-11-24T19:14:28","modified_gmt":"2017-11-24T19:14:28","slug":"de-nuevo-muere-ana","status":"publish","type":"post","link":"https:\/\/blogs.elnortedecastilla.es\/lolaleonardo\/2017\/11\/24\/de-nuevo-muere-ana\/","title":{"rendered":"De nuevo muere Ana"},"content":{"rendered":"<p>Ni siquiera estoy segura de que, durante el tiempo que tarda en llegar esta columna desde mi ordenador al peri\u00f3dico, no haya muerto otra mujer: ser\u00eda la n\u00famero 50 de la violencia de g\u00e9nero.<br \/>\nYa coment\u00e9 en estas p\u00e1ginas en otra ocasi\u00f3n que estamos aprendiendo geograf\u00eda y nociones de toponimia marcando con chinchetas en un mapa los lugares donde han muerto las mujeres. Y no nos atrevemos a calcular los metros c\u00fabicos de sangre que arrastra por la cuenca de nuestros ojos el r\u00edo rojo.<br \/>\nCinco disparos contra Jessica, una pu\u00f1alada en el centro del mundo a la anterior, un empuj\u00f3n al vac\u00edo, un hachazo, una paliza de norte a sur, un arrebato de cuchillos, la tortura de un ej\u00e9rcito de demonios\u2026 Total, 49 muertas y un pa\u00eds mirando sin saber qu\u00e9 hacer, esperando, tal vez, a que el problema se extinga en alguna glaciaci\u00f3n.<br \/>\nSe cumplen ahora 20 a\u00f1os del asesinato de Ana Orantes, la primera mujer que habl\u00f3 p\u00fablicamente de los malos tratos, vejaciones y abusos de su marido. Ya se hab\u00eda separado de \u00e9l, pero el fallo judicial autorizaba a su agresor ocupar una de las plantas del chal\u00e9 familiar, lo que le permit\u00eda seguir agredi\u00e9ndola cuando le ven\u00eda en gana.<br \/>\nDos d\u00edas despu\u00e9s de que Ana contara su caso en televisi\u00f3n, el ex marido la arrastr\u00f3 hacia el patio de la casa, la at\u00f3 sentada en una silla, la roci\u00f3 con gasolina y le prendi\u00f3 fuego. Uno de los hijos llegaba del colegio para presenciar c\u00f3mo su madre descansaba carbonizada en el jard\u00edn.<br \/>\nPero lo peor de todo es que la muerte de Ana Orantes no fue la \u00faltima. Lo m\u00e1s terrible es que el asesinato de Jessica no cerrar\u00e1 el ciclo. Lo bochornoso es que seguiremos contando v\u00edctimas.<br \/>\nAna era la n\u00famero 59 del a\u00f1o 97; Jessica, la 49 de veinte a\u00f1os despu\u00e9s. En este tiempo \u00bfs\u00f3lo hemos sido capaces de restar 10? Pensemos que entonces no exist\u00eda todav\u00eda una fiscal\u00eda especializada ni el sistema judicial contaba con juzgados espec\u00edficos. El pa\u00eds entero lo ped\u00eda a gritos cada vez que marc\u00e1bamos en el mapa el lugar de los hechos, uno por semana. En 2005 comenzaron a funcionar los Juzgados de Violencia sobre la Mujer. Y ya comenz\u00f3 a articularse todo un sistema que ten\u00eda como punto principal la protecci\u00f3n a la v\u00edctima: cuerpos de seguridad concretos, departamentos de la administraci\u00f3n central y auton\u00f3mica, puntos de informaci\u00f3n, tel\u00e9fonos de ayuda inmediata, penas m\u00e1s duras para los agresores, \u00f3rdenes de alejamiento\u2026. Todo elogiable, pero ah\u00ed est\u00e1n las cifras.<br \/>\nHay un innegable fallo sist\u00e9mico y es el momento de reconocerlo y de poner remedio.<br \/>\nMe pregunto si estamos poniendo la atenci\u00f3n s\u00f3lo en la v\u00edctima (que se merece toda y m\u00e1s) y dejamos a un lado al agresor. Valga el ejemplo de que en un caso de maltrato se le aleja de la v\u00edctima y se le condena a 40 horas de trabajos para la comunidad quitando rastrojos de las cunetas. \u00bfNo es necesario ya ponerse a tratar la enfermedad del agresor? Medicina preventiva antes de transformarse en bestia asesina.<\/p>\n","protected":false},"excerpt":{"rendered":"<p>Ni siquiera estoy segura de que, durante el tiempo que tarda en llegar esta columna desde mi ordenador al peri\u00f3dico, no haya muerto otra mujer: ser\u00eda la n\u00famero 50 de la violencia de g\u00e9nero. Ya coment\u00e9 en estas p\u00e1ginas en otra ocasi\u00f3n que estamos aprendiendo geograf\u00eda y nociones de toponimia marcando con chinchetas en un [&hellip;]<\/p>\n","protected":false},"author":11533,"featured_media":0,"comment_status":"open","ping_status":"open","sticky":false,"template":"","format":"standard","meta":[],"categories":[1],"tags":[],"_links":{"self":[{"href":"https:\/\/blogs.elnortedecastilla.es\/lolaleonardo\/wp-json\/wp\/v2\/posts\/205"}],"collection":[{"href":"https:\/\/blogs.elnortedecastilla.es\/lolaleonardo\/wp-json\/wp\/v2\/posts"}],"about":[{"href":"https:\/\/blogs.elnortedecastilla.es\/lolaleonardo\/wp-json\/wp\/v2\/types\/post"}],"author":[{"embeddable":true,"href":"https:\/\/blogs.elnortedecastilla.es\/lolaleonardo\/wp-json\/wp\/v2\/users\/11533"}],"replies":[{"embeddable":true,"href":"https:\/\/blogs.elnortedecastilla.es\/lolaleonardo\/wp-json\/wp\/v2\/comments?post=205"}],"version-history":[{"count":1,"href":"https:\/\/blogs.elnortedecastilla.es\/lolaleonardo\/wp-json\/wp\/v2\/posts\/205\/revisions"}],"predecessor-version":[{"id":206,"href":"https:\/\/blogs.elnortedecastilla.es\/lolaleonardo\/wp-json\/wp\/v2\/posts\/205\/revisions\/206"}],"wp:attachment":[{"href":"https:\/\/blogs.elnortedecastilla.es\/lolaleonardo\/wp-json\/wp\/v2\/media?parent=205"}],"wp:term":[{"taxonomy":"category","embeddable":true,"href":"https:\/\/blogs.elnortedecastilla.es\/lolaleonardo\/wp-json\/wp\/v2\/categories?post=205"},{"taxonomy":"post_tag","embeddable":true,"href":"https:\/\/blogs.elnortedecastilla.es\/lolaleonardo\/wp-json\/wp\/v2\/tags?post=205"}],"curies":[{"name":"wp","href":"https:\/\/api.w.org\/{rel}","templated":true}]}}