{"id":213,"date":"2017-12-27T22:38:56","date_gmt":"2017-12-27T22:38:56","guid":{"rendered":"http:\/\/blogs.elnortedecastilla.es\/lolaleonardo\/?p=213"},"modified":"2017-12-27T22:38:56","modified_gmt":"2017-12-27T22:38:56","slug":"error-de-prohibicion","status":"publish","type":"post","link":"https:\/\/blogs.elnortedecastilla.es\/lolaleonardo\/2017\/12\/27\/error-de-prohibicion\/","title":{"rendered":"Error de prohibici\u00f3n"},"content":{"rendered":"<p>Marius ten\u00eda 14 a\u00f1os en 2014. Conoci\u00f3 \u2013por Facebook, claro- a una chica de 11 que minti\u00f3 sobre su edad \u2013como yo, pero ella a\u00f1adiendo primaveras- y ambos se enamoraron perdidamente, tanto que, tras un fugaz noviazgo de dos d\u00edas (es necesario inventar una nueva palabra para este espacio de tiempo, o para el concepto de tiempo), se casaron. Tras un a\u00f1o de matrimonio y de relaciones sexuales plenas (me acuerdo perfectamente que las chicas de mi generaci\u00f3n, a los 11, a\u00fan no ten\u00edamos vagina) ella le denuncia por malos tratos. Esper\u00f3 mucho para volver a formar una familia y a los 14 ya se qued\u00f3 embarazada del que ahora, con 15, es su marido. Termino agotada s\u00f3lo de pensarlo, m\u00e1s que cuando le\u00ed \u2018El c\u00f3digo Da Vinci\u2019. Qu\u00e9 estr\u00e9s.<br \/>\nA ra\u00edz de la denuncia fue cuando la sociedad entera clam\u00f3 a los cielos. Antes no, porque hasta un determinado momento la ceguera mental est\u00e1 permitida y hasta jurisprudencia hay que lo avala. Pues bien, denunciado por maltratar a su ni\u00f1a-esposa, el ni\u00f1o Marius ha sido juzgado estos d\u00edas no por eso, sino por haber transgredido unas leyes que en su cultura son otras. Marius es rumano de etnia gitana. Sus padres y sus suegros han sido tambi\u00e9n sometidos a nuestras normas y juzgados como colaboradores necesarios del delito de abuso sexual a una menor.<br \/>\nDurante el proceso ha quedado claro que ella minti\u00f3: no hubo malos tratos y s\u00ed celos \u201cporque miraba a otras chicas\u201d, as\u00ed que invent\u00f3 las palizas para joderle a \u00e9l y a todas las mujeres del mundo. Pero no es m\u00e1s que una ni\u00f1a y la culpa es de quienes la creyeron a pies juntillas sin una investigaci\u00f3n al respecto para colgarse las medallas de luchadores contra el maltrato.<br \/>\nPues entre que apenas conoc\u00edan las costumbres de este \u2018civilizado\u2019 pa\u00eds, que el idioma no lo dominaban ni por asomo y que se les considera casi analfabetos funcionales, el joven y las familias han quedado absueltos. Es lo que en Derecho se denomina \u2018error de prohibici\u00f3n invencible\u2019 que, una vez probado, anula la culpabilidad.<br \/>\nProhibici\u00f3n imposible fue en este pa\u00eds hace un tiempo intentar acabar con las armas de juguete como juguetes. Mal visto estaba comprar un rev\u00f3lver del sheriff King a tu hijo, aunque fuera del mejor pl\u00e1stico, mientras otros se iban a cazar elefantes a Botsuana.<br \/>\nY s\u00ed, bien est\u00e1 formar un frente com\u00fan contra los juguetes que incitan a la violencia o contra los que imponen roles sexistas. Entonces, \u00bfpor qu\u00e9 mi amiga Elena Hache, feminista, revolucionaria, libertaria, pacifista, impulsora de una educaci\u00f3n con valores que valen la pena, activista de pleno derecho, ha tenido que leer la carta a los reyes magos (qu\u00e9 reyes) que a su hija le hab\u00edan puesto como actividad? A punto de salir disparada hacia el cole laico que eligi\u00f3 para su prole, le estallan las c\u00f3rneas al fijarse en lo que su peque\u00f1a Johnny sin fusil ha pedido como regalo: el \u2018beauty nails\u2019, un minisal\u00f3n de u\u00f1as postizas para ni\u00f1as. \u00bfEn qu\u00e9 hemos avanzado?<\/p>\n","protected":false},"excerpt":{"rendered":"<p>Marius ten\u00eda 14 a\u00f1os en 2014. Conoci\u00f3 \u2013por Facebook, claro- a una chica de 11 que minti\u00f3 sobre su edad \u2013como yo, pero ella a\u00f1adiendo primaveras- y ambos se enamoraron perdidamente, tanto que, tras un fugaz noviazgo de dos d\u00edas (es necesario inventar una nueva palabra para este espacio de tiempo, o para el concepto [&hellip;]<\/p>\n","protected":false},"author":11533,"featured_media":0,"comment_status":"open","ping_status":"open","sticky":false,"template":"","format":"standard","meta":[],"categories":[1],"tags":[182,183],"_links":{"self":[{"href":"https:\/\/blogs.elnortedecastilla.es\/lolaleonardo\/wp-json\/wp\/v2\/posts\/213"}],"collection":[{"href":"https:\/\/blogs.elnortedecastilla.es\/lolaleonardo\/wp-json\/wp\/v2\/posts"}],"about":[{"href":"https:\/\/blogs.elnortedecastilla.es\/lolaleonardo\/wp-json\/wp\/v2\/types\/post"}],"author":[{"embeddable":true,"href":"https:\/\/blogs.elnortedecastilla.es\/lolaleonardo\/wp-json\/wp\/v2\/users\/11533"}],"replies":[{"embeddable":true,"href":"https:\/\/blogs.elnortedecastilla.es\/lolaleonardo\/wp-json\/wp\/v2\/comments?post=213"}],"version-history":[{"count":2,"href":"https:\/\/blogs.elnortedecastilla.es\/lolaleonardo\/wp-json\/wp\/v2\/posts\/213\/revisions"}],"predecessor-version":[{"id":215,"href":"https:\/\/blogs.elnortedecastilla.es\/lolaleonardo\/wp-json\/wp\/v2\/posts\/213\/revisions\/215"}],"wp:attachment":[{"href":"https:\/\/blogs.elnortedecastilla.es\/lolaleonardo\/wp-json\/wp\/v2\/media?parent=213"}],"wp:term":[{"taxonomy":"category","embeddable":true,"href":"https:\/\/blogs.elnortedecastilla.es\/lolaleonardo\/wp-json\/wp\/v2\/categories?post=213"},{"taxonomy":"post_tag","embeddable":true,"href":"https:\/\/blogs.elnortedecastilla.es\/lolaleonardo\/wp-json\/wp\/v2\/tags?post=213"}],"curies":[{"name":"wp","href":"https:\/\/api.w.org\/{rel}","templated":true}]}}