{"id":222,"date":"2018-02-06T21:34:56","date_gmt":"2018-02-06T21:34:56","guid":{"rendered":"http:\/\/blogs.elnortedecastilla.es\/lolaleonardo\/?p=222"},"modified":"2018-02-06T21:34:56","modified_gmt":"2018-02-06T21:34:56","slug":"y-si-fuera-gato","status":"publish","type":"post","link":"https:\/\/blogs.elnortedecastilla.es\/lolaleonardo\/2018\/02\/06\/y-si-fuera-gato\/","title":{"rendered":"\u00bfY si fuera gato?"},"content":{"rendered":"<p>Tengo una foto de ella firmada por Serrat. Al cantautor le pareci\u00f3 gracioso que le hubiera puesto Pen\u00e9lope a mi gatita naranja por su canci\u00f3n.<br \/>\nDespu\u00e9s de casi 21 a\u00f1os acompa\u00f1\u00e1ndome, muri\u00f3 hace ocho d\u00edas, conmigo al lado d\u00e1ndole besos.<br \/>\nCuento mi vida en gatos. En 2003, Blanquito; en 2010, Pancho; un lustro m\u00e1s tarde, Marta; el verano pasado, Pizca, mi macarrilla, y a hora la Pi, mi dulce Pen\u00e9lope.<br \/>\nY con cada muerte recuerdo las palabras de Fern\u00e1n G\u00f3mez en la pel\u00edcula \u2018El abuelo\u2019: \u201c\u00bfUsted me va a hablar a m\u00ed de soledad? Ya voy por el tercer perro enterrado\u201d.<br \/>\nAs\u00ed se queda uno, vac\u00edo, como con varios trozos arrancados de cuajo. Uno de dentro y otro de ese lado del sof\u00e1, y de la butaca al lado de la chimenea, y de los pedazos de sol que habitan en el jard\u00edn, y de los pies de la cama, y del grifo del lavabo y de la ventana desde donde maullaban a las urracas y al mirlo negro. Y del ficus mordisqueado, y del esquinazo del mueble horadado con dibujos de afiladas u\u00f1as.<br \/>\nAhora que mi madre se retuerce de dolor con ganas de morir, me pregunto por qu\u00e9 pude acudir al veterinario cuando uno de mis gatos enferm\u00f3, ya viejito, con un tumor inoperable, y acceder a que falleciera dulcemente tras un pinchazo, para que no sufriera ni un solo amago de suplicio. Por qu\u00e9 tuvo mi padre que soportar durante dos a\u00f1os la m\u00e1s terrible de las degradaciones cuando se le empez\u00f3 a despachurrar el cerebro olvidando nombres, hijos, amigos y funciones vitales.<br \/>\nEs terriblemente injusto. Cuando la vida ya no es y no da para m\u00e1s\u2026 Cuando la vida no se puede vivir, ya no es un privilegio.<br \/>\nConflictos legales, \u00e9ticos, morales, m\u00e9dicos, religiosos, sociales y hasta filos\u00f3ficos. Todo eso, y m\u00e1s provoca simplemente pronunciar la palabra eutanasia.<br \/>\nCada d\u00eda m\u00e1s casos nos hacen enrojecer. Hace poco menos de un a\u00f1o escrib\u00eda en este mismo espacio sobre Jos\u00e9 Antonio Arrabal. Enfermo de ELA, grab\u00f3 un v\u00eddeo a modo de alegato mientras se tomaba una dosis letal de medicamentos: un frasco con unos mililitros de libertad transparente: \u201cMe parece indignante que en este pa\u00eds no est\u00e9 legalizado el suicidio asistido o la eutanasia. Me parece indignante que una persona tenga que morir sola y en la clandestinidad. Me parece indignante que tu familia se tenga que marchar para no verse implicada y acabar en la c\u00e1rcel\u201d.<br \/>\nY muri\u00f3 solo, con sus hijos y su mujer arrojados moment\u00e1neamente fuera de la casa con un equipaje lleno de rabia.<br \/>\nY a\u00fan recordamos tambi\u00e9n a Andrea, la ni\u00f1a de 12 a\u00f1os con una enfermedad neurodegenerativa irreversible que le produc\u00eda tantos dolores como l\u00e1grimas derramaron sus padres, mendigando un poco de piedad por juzgados y comit\u00e9s de \u00e9tica. Conseguirlo no les priv\u00f3 a ellos del dolor, pero s\u00ed a ella.<br \/>\nPorque hay decisiones que duelen m\u00e1s que la muerte.<br \/>\nLos gemidos que les despertaron tantas noches resuenan a\u00fan en un mundo tremendamente injusto.<br \/>\nMam\u00e1, si a\u00fan quieres morir, puedo decir que eres un gato.<\/p>\n","protected":false},"excerpt":{"rendered":"<p>Tengo una foto de ella firmada por Serrat. Al cantautor le pareci\u00f3 gracioso que le hubiera puesto Pen\u00e9lope a mi gatita naranja por su canci\u00f3n. Despu\u00e9s de casi 21 a\u00f1os acompa\u00f1\u00e1ndome, muri\u00f3 hace ocho d\u00edas, conmigo al lado d\u00e1ndole besos. Cuento mi vida en gatos. En 2003, Blanquito; en 2010, Pancho; un lustro m\u00e1s tarde, [&hellip;]<\/p>\n","protected":false},"author":11533,"featured_media":0,"comment_status":"open","ping_status":"open","sticky":false,"template":"","format":"standard","meta":[],"categories":[1],"tags":[66],"_links":{"self":[{"href":"https:\/\/blogs.elnortedecastilla.es\/lolaleonardo\/wp-json\/wp\/v2\/posts\/222"}],"collection":[{"href":"https:\/\/blogs.elnortedecastilla.es\/lolaleonardo\/wp-json\/wp\/v2\/posts"}],"about":[{"href":"https:\/\/blogs.elnortedecastilla.es\/lolaleonardo\/wp-json\/wp\/v2\/types\/post"}],"author":[{"embeddable":true,"href":"https:\/\/blogs.elnortedecastilla.es\/lolaleonardo\/wp-json\/wp\/v2\/users\/11533"}],"replies":[{"embeddable":true,"href":"https:\/\/blogs.elnortedecastilla.es\/lolaleonardo\/wp-json\/wp\/v2\/comments?post=222"}],"version-history":[{"count":2,"href":"https:\/\/blogs.elnortedecastilla.es\/lolaleonardo\/wp-json\/wp\/v2\/posts\/222\/revisions"}],"predecessor-version":[{"id":224,"href":"https:\/\/blogs.elnortedecastilla.es\/lolaleonardo\/wp-json\/wp\/v2\/posts\/222\/revisions\/224"}],"wp:attachment":[{"href":"https:\/\/blogs.elnortedecastilla.es\/lolaleonardo\/wp-json\/wp\/v2\/media?parent=222"}],"wp:term":[{"taxonomy":"category","embeddable":true,"href":"https:\/\/blogs.elnortedecastilla.es\/lolaleonardo\/wp-json\/wp\/v2\/categories?post=222"},{"taxonomy":"post_tag","embeddable":true,"href":"https:\/\/blogs.elnortedecastilla.es\/lolaleonardo\/wp-json\/wp\/v2\/tags?post=222"}],"curies":[{"name":"wp","href":"https:\/\/api.w.org\/{rel}","templated":true}]}}