{"id":225,"date":"2018-02-21T20:46:27","date_gmt":"2018-02-21T20:46:27","guid":{"rendered":"http:\/\/blogs.elnortedecastilla.es\/lolaleonardo\/?p=225"},"modified":"2018-02-21T20:52:57","modified_gmt":"2018-02-21T20:52:57","slug":"huele-a-peza-muerta","status":"publish","type":"post","link":"https:\/\/blogs.elnortedecastilla.es\/lolaleonardo\/2018\/02\/21\/huele-a-peza-muerta\/","title":{"rendered":"Huele a peza muerta"},"content":{"rendered":"<p>Corr\u00eda que se mataba mi adolescencia y la de mis coet\u00e1neos de la EGB y el BUP, cuando ya en mi pueblo realizamos un gran avance en esto de la igualdad dotando a Esther, la hija de Iris, de un mote acorde con su g\u00e9nero, aunque transgredi\u00e9ramos todas las normas acad\u00e9micas. Como ten\u00eda ojos de besugo, en un alarde de originalidad ling\u00fc\u00edstica, decidimos \u2013no s\u00e9 si por plebiscito popular o por generaci\u00f3n espont\u00e1nea- llamarle, desde un verano de no s\u00e9 qu\u00e9 a\u00f1o de los ochenta, Esther la Peza.<br \/>\nNadie, ni siquiera el vetusto cura barrigudo, puso el grito en el cielo ante ese intento de feminismo subversivo, principalmente porque no era tal. O s\u00ed, pero ni nos dimos cuenta.<br \/>\nPor no s\u00e9 qu\u00e9 asociaci\u00f3n de ideas (lo s\u00e9 perfectamente) he recordado este hecho en la polvareda que se ha levantado con esto de la portavoza y el portavoz. La voza me ha hecho rememorar a la Peza. Fuimos m\u00e1s espabilados y hasta visionarios entonces: el pez es masculino, la voz, femenino. No todos los sustantivos de este g\u00e9nero han de acabar en a; con anteponer el art\u00edculo la, ya es suficiente. En este caso, tendr\u00edan que ser ellos los que exigieran la o: el portavozo. Y ya que se ponen: el portovozo.<br \/>\nClaro que es una an\u00e9cdota en un lenguaje a\u00fan machista, pero me indigna m\u00e1s un reportaje que han emitido estos d\u00edas en no s\u00e9 qu\u00e9 cadena sobre el absentismo laboral. Tomando como objeto de investigaci\u00f3n la Ciudad de la Justicia de Valencia, el programa \u2018En el punto de mira\u2019 pudo comprobar c\u00f3mo una cantidad nada desde\u00f1able de funcionarios llegaba, fichaba y se piraba. Ah\u00ed es nada. Y el resto de trabajadores asfixiados por los impuestos con los que se pagan los sueldos de los caraduras, trabajadores entre los que se encuentran, por supuesto, los propios compa\u00f1eros de estos p\u00edcaros de oficina.<br \/>\nY siempre son los mismos. Me pregunto si nadie los echa de menos, si su continuada ausencia no canta como un besugo descompuesto o como una peza muerta. \u00bfO es que son tan in\u00fatiles que da igual que est\u00e9 su culo en el sill\u00f3n de la planta tres, oficina 8, o en el taburete del bar de enfrente?<br \/>\n\u00bfSon sus mismos compa\u00f1eros los que los animan a que no se dejen ver a fin de poder trabajar sin r\u00e9moras?<br \/>\n\u00bfD\u00f3nde est\u00e1n sus jefecillos, jefes, jefazos y jefones? \u00bfD\u00f3nde los sindicatos defendiendo al trabajador que pringa?<br \/>\nEn estos momentos hay 18 millones de trabajadores en Espa\u00f1a. De \u00e9stos, m\u00e1s de tres millones son funcionarios y empleados p\u00fablicos. Para pagar su sueldo, de las arcas del Estado salen unos 120.000 millones de euros anualmente.<br \/>\nPues bien, transcurriendo el programa y con toda la rabia a flor de piel de los espectadores, los periodistas abordan a unos cuantos de esos \u2018listillos\u2019 cuando salen de fichar y entran en bares y centros comerciales a \u2018asuntos propios\u2019 que les llevan horas.  Parad\u00f3jicamente, cuando en im\u00e1genes anteriores vimos tanto a hombres como mujeres en pleno escaqueo, los abordados eran todos \u2018ellas\u2019. Curioso \u00bfno?<\/p>\n","protected":false},"excerpt":{"rendered":"<p>Corr\u00eda que se mataba mi adolescencia y la de mis coet\u00e1neos de la EGB y el BUP, cuando ya en mi pueblo realizamos un gran avance en esto de la igualdad dotando a Esther, la hija de Iris, de un mote acorde con su g\u00e9nero, aunque transgredi\u00e9ramos todas las normas acad\u00e9micas. Como ten\u00eda ojos de [&hellip;]<\/p>\n","protected":false},"author":11533,"featured_media":0,"comment_status":"open","ping_status":"open","sticky":false,"template":"","format":"standard","meta":[],"categories":[1],"tags":[190,189,191],"_links":{"self":[{"href":"https:\/\/blogs.elnortedecastilla.es\/lolaleonardo\/wp-json\/wp\/v2\/posts\/225"}],"collection":[{"href":"https:\/\/blogs.elnortedecastilla.es\/lolaleonardo\/wp-json\/wp\/v2\/posts"}],"about":[{"href":"https:\/\/blogs.elnortedecastilla.es\/lolaleonardo\/wp-json\/wp\/v2\/types\/post"}],"author":[{"embeddable":true,"href":"https:\/\/blogs.elnortedecastilla.es\/lolaleonardo\/wp-json\/wp\/v2\/users\/11533"}],"replies":[{"embeddable":true,"href":"https:\/\/blogs.elnortedecastilla.es\/lolaleonardo\/wp-json\/wp\/v2\/comments?post=225"}],"version-history":[{"count":2,"href":"https:\/\/blogs.elnortedecastilla.es\/lolaleonardo\/wp-json\/wp\/v2\/posts\/225\/revisions"}],"predecessor-version":[{"id":227,"href":"https:\/\/blogs.elnortedecastilla.es\/lolaleonardo\/wp-json\/wp\/v2\/posts\/225\/revisions\/227"}],"wp:attachment":[{"href":"https:\/\/blogs.elnortedecastilla.es\/lolaleonardo\/wp-json\/wp\/v2\/media?parent=225"}],"wp:term":[{"taxonomy":"category","embeddable":true,"href":"https:\/\/blogs.elnortedecastilla.es\/lolaleonardo\/wp-json\/wp\/v2\/categories?post=225"},{"taxonomy":"post_tag","embeddable":true,"href":"https:\/\/blogs.elnortedecastilla.es\/lolaleonardo\/wp-json\/wp\/v2\/tags?post=225"}],"curies":[{"name":"wp","href":"https:\/\/api.w.org\/{rel}","templated":true}]}}