{"id":24,"date":"2012-12-18T20:12:40","date_gmt":"2012-12-18T20:12:40","guid":{"rendered":"http:\/\/blogs.elnortedecastilla.es\/lolaleonardo\/?p=24"},"modified":"2012-12-18T20:12:40","modified_gmt":"2012-12-18T20:12:40","slug":"la-parabola-del-esquiador","status":"publish","type":"post","link":"https:\/\/blogs.elnortedecastilla.es\/lolaleonardo\/2012\/12\/18\/la-parabola-del-esquiador\/","title":{"rendered":"La par\u00e1bola del esquiador"},"content":{"rendered":"<p>Esquiando un soleado d\u00eda en Baqueira, un diputado, educado en colegios suizos, con unos cuantos masters del universo pagados a precio de oro blanco y propiedades heredadas de una familia que jam\u00e1s conoci\u00f3 el fr\u00edo ni los n\u00fameros rojos, esquiando, repito, choc\u00f3 contra un deportista dominguero y se fusionaron sus morros y sus anoraks. Todo qued\u00f3 en un incidente sin importancia y siguieron sus caminos nevados.<\/p>\n<p>Al atardecer, coincidieron en la cafeter\u00eda del hotel y el deportista dominguero pag\u00f3 el capuchino del rico heredero mientras \u00e9l se trincaba un solisombra. Conversaron apoyados en la barra. Todo perfecto hasta que al que convidaba se le ocurri\u00f3 decir que trabajaba en la Seat de Martorell. \u201c\u00bfAlto directivo, supongo?\u201d pregunt\u00f3 el otro. \u201cNo, estoy en la cadena de montaje\u201d. De un sorbo bebi\u00f3 el caf\u00e9 y se march\u00f3 sin adi\u00f3s.<\/p>\n<p>En el ascensor sub\u00eda hasta la suite donde su mujer se acicalaba para salir a cenar. En el tocador, junto a cremas de caviar e hilos de oro para el rostro, descansaba la foto del matrimonio junto a sus doce o quince hijos, que ya pierde una la cuenta, y que se hab\u00edan quedado al cuidado de las nanis en su casopl\u00f3n de La Moraleja.<\/p>\n<p>Pues bien, sub\u00eda ya con la cara descompuesta y de tal guisa entr\u00f3 en la suite. \u201cAy, esposa m\u00eda, esto no puede ser cierto. \u00bfSabes contra qui\u00e9n he chocado esquiando?\u201d<\/p>\n<p>\u201c\u00bfAlguien de la familia real?\u201d (ella lo dijo en may\u00fasculas). \u201c\u00bfTal vez el presidente?\u201d<\/p>\n<p>\u201cUn obrero\u201d.<\/p>\n<p>El grito de horror que naci\u00f3 del alma de la esposa fue indescriptible, a\u00fan lo es. Ordenaron a su empleada hacer las maletas y desaparecieron.<\/p>\n<p>Desde aquel d\u00eda, por aquel suceso y no por otro motivo, se decidi\u00f3 que ya estaba bien, que el pueblo se hab\u00eda salido de las lindes y que era preciso frenarlo.<\/p>\n<p>Hasta entonces hab\u00edan permitido que los hijos de los \u2018otros\u2019 pudieran estudiar, acceder a c\u00e1tedras, tener una Erasmus, destacar en alg\u00fan deporte y hasta poder grabar un disco o colarse en la lista de los mejores escritores\u2026 Pero, \u00bfchocarse con ellos en las pistas de Baqueira?<\/p>\n<p>Con la crisis como tel\u00f3n de fondo decidieron no tocarse sus sueldos ni sus prebendas, ni siquiera mermar sus huestes, mientras observaban c\u00f3mo el n\u00famero de parados caminaba hacia los seis millones. El obrero de Martorell fue v\u00edctima de ERE y a poco sufre un desnonament (desahucio en catal\u00e1n, se\u00f1or Wert), as\u00ed que este invierno no chocar\u00e1 con nadie en Baqueira ni en San Glorio. Acaba de empe\u00f1ar los esqu\u00eds.<\/p>\n","protected":false},"excerpt":{"rendered":"<p>Esquiando un soleado d\u00eda en Baqueira, un diputado, educado en colegios suizos, con unos cuantos masters del universo pagados a precio de oro blanco y propiedades heredadas de una familia que jam\u00e1s conoci\u00f3 el fr\u00edo ni los n\u00fameros rojos, esquiando, repito, choc\u00f3 contra un deportista dominguero y se fusionaron sus morros y sus anoraks. Todo [&hellip;]<\/p>\n","protected":false},"author":11533,"featured_media":0,"comment_status":"open","ping_status":"closed","sticky":false,"template":"","format":"standard","meta":[],"categories":[1],"tags":[27,37,59],"_links":{"self":[{"href":"https:\/\/blogs.elnortedecastilla.es\/lolaleonardo\/wp-json\/wp\/v2\/posts\/24"}],"collection":[{"href":"https:\/\/blogs.elnortedecastilla.es\/lolaleonardo\/wp-json\/wp\/v2\/posts"}],"about":[{"href":"https:\/\/blogs.elnortedecastilla.es\/lolaleonardo\/wp-json\/wp\/v2\/types\/post"}],"author":[{"embeddable":true,"href":"https:\/\/blogs.elnortedecastilla.es\/lolaleonardo\/wp-json\/wp\/v2\/users\/11533"}],"replies":[{"embeddable":true,"href":"https:\/\/blogs.elnortedecastilla.es\/lolaleonardo\/wp-json\/wp\/v2\/comments?post=24"}],"version-history":[{"count":0,"href":"https:\/\/blogs.elnortedecastilla.es\/lolaleonardo\/wp-json\/wp\/v2\/posts\/24\/revisions"}],"wp:attachment":[{"href":"https:\/\/blogs.elnortedecastilla.es\/lolaleonardo\/wp-json\/wp\/v2\/media?parent=24"}],"wp:term":[{"taxonomy":"category","embeddable":true,"href":"https:\/\/blogs.elnortedecastilla.es\/lolaleonardo\/wp-json\/wp\/v2\/categories?post=24"},{"taxonomy":"post_tag","embeddable":true,"href":"https:\/\/blogs.elnortedecastilla.es\/lolaleonardo\/wp-json\/wp\/v2\/tags?post=24"}],"curies":[{"name":"wp","href":"https:\/\/api.w.org\/{rel}","templated":true}]}}