{"id":32,"date":"2013-02-13T08:17:06","date_gmt":"2013-02-13T08:17:06","guid":{"rendered":"http:\/\/blogs.elnortedecastilla.es\/lolaleonardo\/?p=32"},"modified":"2013-02-13T08:17:06","modified_gmt":"2013-02-13T08:17:06","slug":"genocidio-sobre-el-asfalto","status":"publish","type":"post","link":"https:\/\/blogs.elnortedecastilla.es\/lolaleonardo\/2013\/02\/13\/genocidio-sobre-el-asfalto\/","title":{"rendered":"Genocidio sobre el asfalto"},"content":{"rendered":"<p>Mientras escribo esto, me faltan dedos en toda mi calle para contar las muertes.<\/p>\n<p>El a\u00f1o pasado se produjo un centenar por desahucios. El viernes fue d\u00eda elegido para morir contra el asfalto. A veces el silencio dice m\u00e1s que las palabras.<\/p>\n<p>Fran, activista de Stop Desahucios, ya hab\u00eda intentado quitarse la vida. Lo hizo delante de un banco, desesperado porque \u201cla cosa est\u00e1 malamente\u201d, dec\u00eda. Se arrepinti\u00f3 inmediatamente de haberse cortado el cuello: \u201cNo s\u00e9 c\u00f3mo se me ocurri\u00f3; tengo que mirar por mi mujer y mi hija\u201d.<\/p>\n<p>Protest\u00f3, pero se qued\u00f3 sin la casa que hab\u00eda levantado con sus manos y sigui\u00f3 pagando una deuda sin vivir en ella, y el alquiler de un peque\u00f1o piso. Volvi\u00f3 a protestar y se acord\u00f3 de los diputados que en esos momentos se opon\u00edan a viajar en clase turista porque necesitaban hacerlo en primera. A\u00fan lo necesitan. Toda la clase pol\u00edtica y algunos familiares y otros tantos amigos viajando en preferente mientras \u00e9l cobraba poco m\u00e1s de 400 al mes. Se hab\u00eda quedado sin alianza. Hab\u00eda vendido los pendientes de su hija haciendo cuentas para comprar pan.<\/p>\n<p>El viernes, dej\u00f3 a la ni\u00f1a en el cole y volvi\u00f3 a casa. Se arroj\u00f3 a la calle. Dicen los vecinos que los llantos de la mujer a\u00fan resuenan en el portal. Otro expulsado del sistema y en los l\u00edmites de lo soportable.<\/p>\n<p>Los periodistas hemos evitado siempre publicar los suicidios por ser suicidios, actos voluntarios que se quedan en el \u00e1mbito cercano como un duelo silencioso ante un enorme drama humano, pero individual.<\/p>\n<p>Desde que la desesperaci\u00f3n por los desahucios deja a 500 familias al d\u00eda en la calle, los suicidios han saltado a todos los informativos. \u00bfLa raz\u00f3n? No son suicidios. \u201cGenocidio financiero\u201d.<\/p>\n<p>Las ejecuciones hipotecarias masivas producen una violaci\u00f3n sistem\u00e1tica de varios art\u00edculos de la Declaraci\u00f3n de Derechos Humanos y aun as\u00ed, la banca se\u00f1ala que la legislaci\u00f3n espa\u00f1ola al respecto es estupenda. Ada Colau, portavoz de la Plataforma Afectados por la Hipoteca, se reprime a medias: no se quita un zapato para lanzarlo, pero se atreve a llamar criminales tanto a la ley como a los representantes de las entidades financieras. \u00c9stas, apoyadas por los gobiernos de turno, condenan a sus conciudadanos no s\u00f3lo a la miseria, sino tambi\u00e9n a la muerte.<\/p>\n<p>Atendamos a Jos\u00e9 Luis Sampedro. Nos advierte de que cuando no se para por la raz\u00f3n, se parar\u00e1 por la cat\u00e1strofe.<\/p>\n<p>Y despu\u00e9s habr\u00e1 que reforestar todos los desiertos del alma.<\/p>\n","protected":false},"excerpt":{"rendered":"<p>Mientras escribo esto, me faltan dedos en toda mi calle para contar las muertes. El a\u00f1o pasado se produjo un centenar por desahucios. El viernes fue d\u00eda elegido para morir contra el asfalto. A veces el silencio dice m\u00e1s que las palabras. Fran, activista de Stop Desahucios, ya hab\u00eda intentado quitarse la vida. Lo hizo [&hellip;]<\/p>\n","protected":false},"author":11533,"featured_media":0,"comment_status":"open","ping_status":"closed","sticky":false,"template":"","format":"standard","meta":[],"categories":[1],"tags":[],"_links":{"self":[{"href":"https:\/\/blogs.elnortedecastilla.es\/lolaleonardo\/wp-json\/wp\/v2\/posts\/32"}],"collection":[{"href":"https:\/\/blogs.elnortedecastilla.es\/lolaleonardo\/wp-json\/wp\/v2\/posts"}],"about":[{"href":"https:\/\/blogs.elnortedecastilla.es\/lolaleonardo\/wp-json\/wp\/v2\/types\/post"}],"author":[{"embeddable":true,"href":"https:\/\/blogs.elnortedecastilla.es\/lolaleonardo\/wp-json\/wp\/v2\/users\/11533"}],"replies":[{"embeddable":true,"href":"https:\/\/blogs.elnortedecastilla.es\/lolaleonardo\/wp-json\/wp\/v2\/comments?post=32"}],"version-history":[{"count":0,"href":"https:\/\/blogs.elnortedecastilla.es\/lolaleonardo\/wp-json\/wp\/v2\/posts\/32\/revisions"}],"wp:attachment":[{"href":"https:\/\/blogs.elnortedecastilla.es\/lolaleonardo\/wp-json\/wp\/v2\/media?parent=32"}],"wp:term":[{"taxonomy":"category","embeddable":true,"href":"https:\/\/blogs.elnortedecastilla.es\/lolaleonardo\/wp-json\/wp\/v2\/categories?post=32"},{"taxonomy":"post_tag","embeddable":true,"href":"https:\/\/blogs.elnortedecastilla.es\/lolaleonardo\/wp-json\/wp\/v2\/tags?post=32"}],"curies":[{"name":"wp","href":"https:\/\/api.w.org\/{rel}","templated":true}]}}