{"id":352,"date":"2020-01-22T17:50:32","date_gmt":"2020-01-22T17:50:32","guid":{"rendered":"https:\/\/blogs.elnortedecastilla.es\/lolaleonardo\/?p=352"},"modified":"2020-01-22T17:50:32","modified_gmt":"2020-01-22T17:50:32","slug":"vida-perra","status":"publish","type":"post","link":"https:\/\/blogs.elnortedecastilla.es\/lolaleonardo\/2020\/01\/22\/vida-perra\/","title":{"rendered":"Vida perra"},"content":{"rendered":"<p>Hubo un tiempo en que los pinares de estas tierras se convirtieron en paisajes de ahorcados. No era raro encontrar una rama con soga, nudo y perro colgando. Creo recordar que el gran fot\u00f3grafo medinense \u00c1ngel Marcos me mostr\u00f3 alguna vez im\u00e1genes terribles de aquellos columpios mortuorios. Vida perra.<br \/>\nPr\u00e1cticas de no hace tanto que acabaron por casi extinguirse a golpe de protestas, multas y penas.<br \/>\nEl domingo 2 de febrero tendr\u00e1n lugar manifestaciones en cinco provincias de esta Comunidad y en otras 34 del resto del territorio nacional para denunciar las negativas consecuencias de la caza, entre ellas y, sobre todo, el maltrato de galgos, podencos y otras razas de perros.<br \/>\nEs ahora, en esta \u00e9poca de vientos huracanados, temperaturas g\u00e9lidas y anhelos de primaveras, cuando finaliza la temporada de caza con galgo. Los due\u00f1os han comprobado las cualidades cineg\u00e9ticas de sus estilizados canes y son muchos los que ya est\u00e1n descartados para la pr\u00f3xima cita.<br \/>\nNo fue hace tantos a\u00f1os, exactamente en noviembre de 2013, cuando se dict\u00f3 en Toledo la primera sentencia que condenaba en Espa\u00f1a a un cazador por ahorcar a sus galgos.  Ante el juez, el acusado afirm\u00f3 que \u201cdesconoc\u00eda que ahorcar animales fuese delito\u201d, que su abuelo lo hab\u00eda hecho toda la vida y admiti\u00f3 que los sacrific\u00f3 \u201cporque ten\u00edan defectos\u201d y no le val\u00edan para la caza.<br \/>\nComo no podemos desenterrar a nuestros abuelos (posiblemente casi todos hayan participado en alguna pr\u00e1ctica de \u00e9sas, ll\u00e1mese ahorcamiento, tirada de cabra desde la torre, rebanamiento de cuello de gallo, o tiro de saco al r\u00edo con ocho o diez cachorros) para juzgarlos post mortem sobre sus actos heredados de la ignorancia, la incivilizaci\u00f3n o la ausencia de piedad. Como no podemos penar sus costumbres, juzguemos, al menos, nuestra actitud actual y d\u00e9monos cuenta de todo lo que hemos tenido que aprender de la crueldad para no volver a revolcarnos en ella.<br \/>\nEst\u00e1 bien, a prop\u00f3sito, lo que manifestaba hace un par de a\u00f1os el presidente de la Federaci\u00f3n Espa\u00f1ola de Galgos: \u201cEl que maltrata a un perro no es de los nuestros, no es un galguero, es un delincuente\u201d. S\u00e9, adem\u00e1s, de buena tinta, que mi gran amigo y comunicador Leonardo de la Fuente es amante de las pr\u00e1cticas cineg\u00e9ticas en compa\u00f1\u00eda de sus adoradas perrillas, Chana y M\u00eda, por las que bebe vientos y desatar\u00eda tempestades si alguien osara hacerles sufrir.<br \/>\nVamos avanzando. Tenemos, por fin, la primera Direcci\u00f3n General de Protecci\u00f3n Animal.  El compromiso es impulsar una ley de bienestar que garantice una relaci\u00f3n respetuosa hacia todos los seres vivos incluyendo la revisi\u00f3n de la fiscalidad de los servicios veterinarios. Porque seres vivos son y no los queremos ahorcados, ni vejados, ni pateados.<br \/>\nPaso a paso. Ya lo dijo V\u00edctor Hugo: \u201cPrimero fue necesario civilizar al hombre en su relaci\u00f3n con el hombre. Ahora es necesario civilizar al hombre en su relaci\u00f3n con la naturaleza y los animales\u201d. <\/p>\n","protected":false},"excerpt":{"rendered":"<p>Hubo un tiempo en que los pinares de estas tierras se convirtieron en paisajes de ahorcados. No era raro encontrar una rama con soga, nudo y perro colgando. Creo recordar que el gran fot\u00f3grafo medinense \u00c1ngel Marcos me mostr\u00f3 alguna vez im\u00e1genes terribles de aquellos columpios mortuorios. Vida perra. Pr\u00e1cticas de no hace tanto que [&hellip;]<\/p>\n","protected":false},"author":11533,"featured_media":0,"comment_status":"open","ping_status":"open","sticky":false,"template":"","format":"standard","meta":[],"categories":[1],"tags":[],"_links":{"self":[{"href":"https:\/\/blogs.elnortedecastilla.es\/lolaleonardo\/wp-json\/wp\/v2\/posts\/352"}],"collection":[{"href":"https:\/\/blogs.elnortedecastilla.es\/lolaleonardo\/wp-json\/wp\/v2\/posts"}],"about":[{"href":"https:\/\/blogs.elnortedecastilla.es\/lolaleonardo\/wp-json\/wp\/v2\/types\/post"}],"author":[{"embeddable":true,"href":"https:\/\/blogs.elnortedecastilla.es\/lolaleonardo\/wp-json\/wp\/v2\/users\/11533"}],"replies":[{"embeddable":true,"href":"https:\/\/blogs.elnortedecastilla.es\/lolaleonardo\/wp-json\/wp\/v2\/comments?post=352"}],"version-history":[{"count":1,"href":"https:\/\/blogs.elnortedecastilla.es\/lolaleonardo\/wp-json\/wp\/v2\/posts\/352\/revisions"}],"predecessor-version":[{"id":353,"href":"https:\/\/blogs.elnortedecastilla.es\/lolaleonardo\/wp-json\/wp\/v2\/posts\/352\/revisions\/353"}],"wp:attachment":[{"href":"https:\/\/blogs.elnortedecastilla.es\/lolaleonardo\/wp-json\/wp\/v2\/media?parent=352"}],"wp:term":[{"taxonomy":"category","embeddable":true,"href":"https:\/\/blogs.elnortedecastilla.es\/lolaleonardo\/wp-json\/wp\/v2\/categories?post=352"},{"taxonomy":"post_tag","embeddable":true,"href":"https:\/\/blogs.elnortedecastilla.es\/lolaleonardo\/wp-json\/wp\/v2\/tags?post=352"}],"curies":[{"name":"wp","href":"https:\/\/api.w.org\/{rel}","templated":true}]}}