{"id":357,"date":"2020-02-18T19:01:34","date_gmt":"2020-02-18T19:01:34","guid":{"rendered":"https:\/\/blogs.elnortedecastilla.es\/lolaleonardo\/?p=357"},"modified":"2020-02-18T19:01:34","modified_gmt":"2020-02-18T19:01:34","slug":"por-si-el-olvido","status":"publish","type":"post","link":"https:\/\/blogs.elnortedecastilla.es\/lolaleonardo\/2020\/02\/18\/por-si-el-olvido\/","title":{"rendered":"Por si el olvido"},"content":{"rendered":"<p>\u201cUrue\u00f1a se ha convertido en un lugar m\u00e1gico donde hay que ir si uno tiene ganas de saber de d\u00f3nde venimos y ad\u00f3nde vamos con respecto a nuestra m\u00fasica\u201d. As\u00ed se refiere la cantante Martirio a esta peque\u00f1a poblaci\u00f3n vallisoletana en un documental dedicado a la vida y obra de Joaqu\u00edn D\u00edaz, hombre sabio que ejemplifica como nadie la realizaci\u00f3n de ese ideal de vida que consiste en conjugar la discreci\u00f3n con la excelencia.<br \/>\nEn esto, Urue\u00f1a y D\u00edaz son iguales. La localidad, primera y \u00fanica Villa del Libro espa\u00f1ola, asiste, circunspecta y sin alharacas, a la llegada de m\u00e1s de 20.000 visitantes cada a\u00f1o. Teniendo en cuenta que la habitan menos de 200 vecinos, los pasos de sus empedrados siempre son de otros mundos buscando este mundo.<br \/>\nSus librer\u00edas especializadas, el Centro Etnogr\u00e1fico, el Museo de la M\u00fasica, el de las Campanas, restaurantes con trato de amigos, su castillo, su ermita, su muralla, los colores parcelados de sus campos a vista de p\u00e1jaro, el silencio buscado, la cultura sosegada\u2026<br \/>\nAprovechando un domingo de primavera adelantada, por \tqu\u00e9 no una visita a la Villa pasando por Medina de Rioseco de parada con verm\u00fa. El sol enga\u00f1a porque el fr\u00edo sigue incrustado en las piedras. Los campos en Urue\u00f1a prenden de las nubes que dormitan sobre la muralla. El viento que llega de todos los frentes se desliza por el adarve y se cuela travieso por las puertas.<br \/>\nEs imposible pasear por sus calles sin recordar a Joaqu\u00edn D\u00edaz, que ah\u00ed andar\u00e1, estudiando, recopilando, desempolvando\u2026<br \/>\nSu etapa de cantante dur\u00f3 apenas una d\u00e9cada, hasta 1975, pero fueron m\u00e1s de mil recitales los que ofreci\u00f3 al p\u00fablico. Tiene casi un centenar de discos propios y ha producido otros tantos de distintos artistas. 60 libros, centenares de art\u00edculos, conferencias, exposiciones. Y es que su vida, despu\u00e9s de bajar de los escenarios, cuando a\u00fan no hab\u00eda cumplido los 30, ha consistido en ser buscador de tesoros. Ir a las fuentes y transmitir las fuentes con total autenticidad. \u00c9l cog\u00eda su mochila y su magnetof\u00f3n y de aqu\u00ed para all\u00e1 buscando sonidos; y as\u00ed por toda la Pen\u00ednsula, entre esos \u201cpoetas naturales de la tierra escondidos en surcos, cantando en las esquinas\u201d, que escribi\u00f3 Neruda.<br \/>\nLa tradici\u00f3n oral se iba perdiendo y este folclorista zamorano, premiado y aclamado en todo el mundo, la recog\u00eda por los caminos. Canciones, costumbres, leyendas, cuentos\u2026 Hubo quien le lleg\u00f3 a llamar el \u2018teniente Colombo del folclore\u2019 por su labor de investigaci\u00f3n. Viajes contra la desmemoria.<br \/>\nY como siempre, la cultura no estaba en la Academia sino entre las gentes y este pionero, aventurero y viajero se convirti\u00f3 en la memoria sonora de nosotros mismos. Cantar e investigar y ense\u00f1ar a otra gente por d\u00f3nde caminar.<br \/>\nY as\u00ed pasan, y as\u00ed viven, discretamente, Urue\u00f1a y Joaqu\u00edn, a los que se han unido otros profesionales protegiendo m\u00fasicas y palabras. \u00bfPara qu\u00e9? \u201cPara que cuando te levantes, de sus amores te acuerdes\u201d. <\/p>\n","protected":false},"excerpt":{"rendered":"<p>\u201cUrue\u00f1a se ha convertido en un lugar m\u00e1gico donde hay que ir si uno tiene ganas de saber de d\u00f3nde venimos y ad\u00f3nde vamos con respecto a nuestra m\u00fasica\u201d. As\u00ed se refiere la cantante Martirio a esta peque\u00f1a poblaci\u00f3n vallisoletana en un documental dedicado a la vida y obra de Joaqu\u00edn D\u00edaz, hombre sabio que [&hellip;]<\/p>\n","protected":false},"author":11533,"featured_media":0,"comment_status":"open","ping_status":"open","sticky":false,"template":"","format":"standard","meta":[],"categories":[1],"tags":[],"_links":{"self":[{"href":"https:\/\/blogs.elnortedecastilla.es\/lolaleonardo\/wp-json\/wp\/v2\/posts\/357"}],"collection":[{"href":"https:\/\/blogs.elnortedecastilla.es\/lolaleonardo\/wp-json\/wp\/v2\/posts"}],"about":[{"href":"https:\/\/blogs.elnortedecastilla.es\/lolaleonardo\/wp-json\/wp\/v2\/types\/post"}],"author":[{"embeddable":true,"href":"https:\/\/blogs.elnortedecastilla.es\/lolaleonardo\/wp-json\/wp\/v2\/users\/11533"}],"replies":[{"embeddable":true,"href":"https:\/\/blogs.elnortedecastilla.es\/lolaleonardo\/wp-json\/wp\/v2\/comments?post=357"}],"version-history":[{"count":1,"href":"https:\/\/blogs.elnortedecastilla.es\/lolaleonardo\/wp-json\/wp\/v2\/posts\/357\/revisions"}],"predecessor-version":[{"id":358,"href":"https:\/\/blogs.elnortedecastilla.es\/lolaleonardo\/wp-json\/wp\/v2\/posts\/357\/revisions\/358"}],"wp:attachment":[{"href":"https:\/\/blogs.elnortedecastilla.es\/lolaleonardo\/wp-json\/wp\/v2\/media?parent=357"}],"wp:term":[{"taxonomy":"category","embeddable":true,"href":"https:\/\/blogs.elnortedecastilla.es\/lolaleonardo\/wp-json\/wp\/v2\/categories?post=357"},{"taxonomy":"post_tag","embeddable":true,"href":"https:\/\/blogs.elnortedecastilla.es\/lolaleonardo\/wp-json\/wp\/v2\/tags?post=357"}],"curies":[{"name":"wp","href":"https:\/\/api.w.org\/{rel}","templated":true}]}}