{"id":361,"date":"2020-09-17T06:55:27","date_gmt":"2020-09-17T06:55:27","guid":{"rendered":"https:\/\/blogs.elnortedecastilla.es\/lolaleonardo\/?p=361"},"modified":"2020-09-17T06:57:41","modified_gmt":"2020-09-17T06:57:41","slug":"30-anos-despues-de-noviembre","status":"publish","type":"post","link":"https:\/\/blogs.elnortedecastilla.es\/lolaleonardo\/2020\/09\/17\/30-anos-despues-de-noviembre\/","title":{"rendered":"30 a\u00f1os despu\u00e9s de noviembre"},"content":{"rendered":"<p>Era un 13 de enero de 2009 cuando se conoc\u00eda que la Audiencia Nacional iba a investigar los asesinatos de los sacerdotes jesuitas cometidos en El Salvador en noviembre de 1989 a manos de los militares. Admit\u00eda as\u00ed a tr\u00e1mite la querella presentada por la Asociaci\u00f3n Pro Derechos Humanos de Espa\u00f1a (APDHE) contra 14 miembros del ej\u00e9rcito salvadore\u00f1o. La querella fue interpuesta en nombre de Alicia Mart\u00edn Bar\u00f3, hermana de uno de los sacerdotes asesinados. Ella fallec\u00eda a finales de 2018 contemplando el lento caminar cansado de procesos y sumarios.  Y es que nada se parece tanto a la injusticia como la justicia tard\u00eda.<br \/>\nOnce a\u00f1os y ocho meses despu\u00e9s de aquel enero, treinta a\u00f1os y diez meses despu\u00e9s de aquel noviembre\u2026<br \/>\nEl que la Audiencia Nacional, y en un primer momento el juez Eloy Velasco, se metieran de lleno en la investigaci\u00f3n de los hechos obedec\u00eda a que los jesuitas asesinados eran espa\u00f1oles: Ignacio Ellacur\u00eda, los vallisoletanos Segundo Montes e Ignacio Mart\u00edn Bar\u00f3, el burgal\u00e9s Amando L\u00f3pez y Juan Ram\u00f3n Moreno. En la matanza acompa\u00f1aban sus cad\u00e1veres los del religioso salvadore\u00f1o Joaqu\u00edn L\u00f3pez y los del ama de llaves, Julia Alba Ramos, y su hija Celina, de 16 a\u00f1os.  Fue el padre de \u00e9sta quien encontr\u00f3 los cuerpos pocas horas despu\u00e9s de la masacre. \u201cHan matado a todos los padres\u201d.<br \/>\n15 de noviembre de 1989. 23.00 horas. Espinoza recibe la orden de presentarse ante Benavides en la Escuela Militar: \u201cEs una situaci\u00f3n desesperada. Son ellos o somos nosotros, as\u00ed que vamos a comenzar por los cabecillas. Tenemos la Universidad y ah\u00ed est\u00e1 Ellacur\u00eda\u201d. Y acto seguido le orden\u00f3 que lo eliminara \u201csin dejar testigos\u201d. El teniente Mendoza acompa\u00f1\u00f3 a Espinoza y le dej\u00f3 una barra de camuflaje para pintarse la cara; Espinoza hab\u00eda sido alumno de Segundo Montes y probablemente querr\u00eda no ser reconocido.<br \/>\n\u00d3scar Mariano Amaya Grimaldi, soldado del batall\u00f3n Atlacatl, recibi\u00f3 un AK-47. Portando ya los casi cinco kilogramos de su kalasnikov cargado, recibi\u00f3 la orden de su superior inmediato de acabar con unos \u201cdelincuentes terroristas\u201d que se encontraban en el interior de la Universidad de Centroam\u00e9rica, la UCA. El teniente Espinoza, con el apoyo del subteniente Guevara Cerritos, dio instrucciones que inclu\u00edan cobertura y seguridad para quienes iban a matar a los sacerdotes. Se decidi\u00f3 qui\u00e9n iba a ejecutar el crimen y el grupo se desplaz\u00f3 en columna hacia la residencia en el recinto universitario.<br \/>\nAmaya Grimaldi, conocido entre sus compa\u00f1eros como Pilijay (verdugo), se encargar\u00eda de \u201creducir a las personas\u201d.<br \/>\nGolpearon con estr\u00e9pito las puertas. Ellacur\u00eda vest\u00eda un albornoz color caf\u00e9. Segundo estaba en pijama. Mart\u00edn Bar\u00f3 grit\u00f3: \u201cEsto es una injusticia\u201d. Justo estaba viendo c\u00f3mo enca\u00f1onaban a Julia y a su hija. Sacaron a los sacerdotes al patio. Antonio Ramiro \u00c1valos, alias Sat\u00e1n, y el Pilijay les ordenaron tirarse al suelo. Luego se oyeron los disparos. Y los tiros de gracia. Mientras tanto, Zarpate custodiaba a las dos mujeres en su habitaci\u00f3n y, tras recibir la orden, apret\u00f3 el gatillo.<br \/>\nP\u00e9rez V\u00e1squez inspeccion\u00f3 el lugar y, al pasar junto al cuerpo de Joaqu\u00edn L\u00f3pez, sinti\u00f3 c\u00f3mo \u00e9ste le agarraba un pie: le dispar\u00f3 cuatro veces m\u00e1s.<br \/>\nConcluido el trabajo, se lanz\u00f3 una bengala en se\u00f1al de retirada. Entonces \u00c1valos oy\u00f3 gemidos en una habitaci\u00f3n. Se dirigi\u00f3 a ella, encendi\u00f3 una cerilla y vio al ama de llaves y a la ni\u00f1a abrazadas agonizando. Orden\u00f3 al soldado Sierra Ascencio que las rematara. Mientras, Guevara Cerritos hac\u00eda una pintada en la pared para atribuir la matanza a la guerrilla que se enfrentaba a su poder: \u201cEl FMLN ejecut\u00f3 a los enemigos esp\u00edas. Victoria o Muerte&#8221;. El operativo dur\u00f3 alrededor de una hora desde que entraran en las dependencias de la Universidad. Eran las poco m\u00e1s de las dos de la ma\u00f1ana y el silencio vagaba espantado entre la sangre.<br \/>\nEn este texto, elaborado con testimonios de algunos de los participantes en la masacre, no aparece el nombre del entonces coronel y viceministro de Seguridad P\u00fablica Inocente Orlando Montano. \u00c9l se dedicaba a hacer campa\u00f1a contra la orden de los jesuitas, aunque asegura no tener nada que ver con las ejecuciones. No se manch\u00f3 las manos, pero la sentencia del juez Andreu confirma que estaba con Benavides en la Escuela Militar durante la reuni\u00f3n de oficiales en la que se orden\u00f3 \u201cmatar a Ellacur\u00eda sin dejar testigos\u201d.<br \/>\nMontano es el \u00fanico procesado puesto a disposici\u00f3n de la Justicia espa\u00f1ola -fue entregado por EEUU en noviembre de 2017-, despu\u00e9s de que las autoridades salvadore\u00f1as denegaran las \u00f3rdenes de extradici\u00f3n contra una veintena de militares acusados de participar en el dise\u00f1o y ejecuci\u00f3n de los asesinatos.<br \/>\nBenavides, encarcelado en El Salvador, cumple 30 a\u00f1os de prisi\u00f3n por cr\u00edmenes de lesa humanidad. Los mismos le han ca\u00eddo a su compadre Montano. Otros tres o cuatro m\u00e1s han corrido la misma suerte; el resto dispone de su libertad para seguir justificando que los jesuitas asesinados fueron v\u00edctimas de sus ideas y de sus actos. Intentar mediar en una guerra les llev\u00f3 a la muerte, que sigue sin tener victoria, quiz\u00e1 algo de justicia y un soplo m\u00e1s de verdad.<\/p>\n","protected":false},"excerpt":{"rendered":"<p>Era un 13 de enero de 2009 cuando se conoc\u00eda que la Audiencia Nacional iba a investigar los asesinatos de los sacerdotes jesuitas cometidos en El Salvador en noviembre de 1989 a manos de los militares. Admit\u00eda as\u00ed a tr\u00e1mite la querella presentada por la Asociaci\u00f3n Pro Derechos Humanos de Espa\u00f1a (APDHE) contra 14 miembros [&hellip;]<\/p>\n","protected":false},"author":11533,"featured_media":0,"comment_status":"open","ping_status":"open","sticky":false,"template":"","format":"standard","meta":[],"categories":[1],"tags":[],"_links":{"self":[{"href":"https:\/\/blogs.elnortedecastilla.es\/lolaleonardo\/wp-json\/wp\/v2\/posts\/361"}],"collection":[{"href":"https:\/\/blogs.elnortedecastilla.es\/lolaleonardo\/wp-json\/wp\/v2\/posts"}],"about":[{"href":"https:\/\/blogs.elnortedecastilla.es\/lolaleonardo\/wp-json\/wp\/v2\/types\/post"}],"author":[{"embeddable":true,"href":"https:\/\/blogs.elnortedecastilla.es\/lolaleonardo\/wp-json\/wp\/v2\/users\/11533"}],"replies":[{"embeddable":true,"href":"https:\/\/blogs.elnortedecastilla.es\/lolaleonardo\/wp-json\/wp\/v2\/comments?post=361"}],"version-history":[{"count":2,"href":"https:\/\/blogs.elnortedecastilla.es\/lolaleonardo\/wp-json\/wp\/v2\/posts\/361\/revisions"}],"predecessor-version":[{"id":363,"href":"https:\/\/blogs.elnortedecastilla.es\/lolaleonardo\/wp-json\/wp\/v2\/posts\/361\/revisions\/363"}],"wp:attachment":[{"href":"https:\/\/blogs.elnortedecastilla.es\/lolaleonardo\/wp-json\/wp\/v2\/media?parent=361"}],"wp:term":[{"taxonomy":"category","embeddable":true,"href":"https:\/\/blogs.elnortedecastilla.es\/lolaleonardo\/wp-json\/wp\/v2\/categories?post=361"},{"taxonomy":"post_tag","embeddable":true,"href":"https:\/\/blogs.elnortedecastilla.es\/lolaleonardo\/wp-json\/wp\/v2\/tags?post=361"}],"curies":[{"name":"wp","href":"https:\/\/api.w.org\/{rel}","templated":true}]}}