{"id":41,"date":"2013-04-24T16:18:55","date_gmt":"2013-04-24T16:18:55","guid":{"rendered":"http:\/\/blogs.elnortedecastilla.es\/lolaleonardo\/?p=41"},"modified":"2013-04-24T16:18:55","modified_gmt":"2013-04-24T16:18:55","slug":"escalera-con-nina-rota","status":"publish","type":"post","link":"https:\/\/blogs.elnortedecastilla.es\/lolaleonardo\/2013\/04\/24\/escalera-con-nina-rota\/","title":{"rendered":"Escalera con ni\u00f1a rota"},"content":{"rendered":"<p>Tiene el pelo encaracolado y se le hacen caracoles los pies cuando anda. A veces tropieza con la nada, otras, con el mundo entero si se descoloca. En casa, su familia se ocupa de quitar obst\u00e1culos a su paso. Sillas, alfombras, sombras, duendes y hadas. En la calle ya hay bordillos que no son edificios de diez alturas para ella y, aun as\u00ed, tiene que escalar porque el pie izquierdo a veces no la oye. En aquella escuela no le qued\u00f3 m\u00e1s remedio que subir y bajar escaleras, con la mochila de los libros y la maleta de su hemiparesia esp\u00e1stica.<\/p>\n<p>Subir y bajar, arrastrando el miedo a caer por no saber volar. Y cay\u00f3. Y el estuche se rompi\u00f3 en cien l\u00e1pices de colores. Y la maleta le golpe\u00f3 su rubor de ni\u00f1a. Y se le quebr\u00f3 como una galleta de barquillo el brazo izquierdo. No hab\u00eda otro modo de ir a su aula y dej\u00f3 sus huesos destrozados clavados en la cara sonrojada de los pol\u00edticos que gestionan la educaci\u00f3n p\u00fablica con el \u00fanico fin de tirarla rodando escaleras abajo, junto a la ni\u00f1a rota.<\/p>\n<p>Qu\u00e9 m\u00e1s les da otro desatino que se suma a los de ignorar bajas de profesores, aulas repletas, material invisible, ba\u00f1os sin papel, actividades reducidas a la m\u00ednima expresi\u00f3n\u2026 Sus hijos van al cielo por otro camino, donde hay pelda\u00f1os bajitos, rampas, elevadores y descansillos amplios con campos de golf.<\/p>\n<p>3.500 euros pagar\u00e1 la Junta por desatender su minusval\u00eda. Y alg\u00fan desalmado pensar\u00e1 que le habr\u00eda costado m\u00e1s si la hubiera atendido; seguro que bastante menos de lo que supone el gasto en el ascensor de la catedral de Valladolid, tan necesario para llegar a dios\u2026<\/p>\n<p>Al menos, la ni\u00f1a rota de pelo ensortijado podr\u00e1 visitar el templo y subir a la torre sur, donde Junta y Ayuntamiento habr\u00e1n invertido casi un mill\u00f3n de euros a fin de asegurarse el para\u00edso y a los turistas.<\/p>\n<p>No es el momento. Por supuesto que no es el momento. Por mucho que se afane el alcalde Le\u00f3n de la Riva en insistir en que parte de los fondos se debe a donaciones para salvar la catedral, no cuaja la explicaci\u00f3n entre los ciudadanos castigados por minusval\u00edas propias la idea de tener una magn\u00edfica seo con ascensor al cielo; y tampoco ha provocado aplausos entre los castigados por tropel\u00edas ajenas.<\/p>\n<p>Pero, en fin, como dice Led Zeppelin, precisamente en \u2018Escalera al cielo\u2019, \u201cnuestras sombras son m\u00e1s altas que nuestras almas\u201d. Y as\u00ed andamos, tropezando con nuestros pies encaracolados, pisando a veces pedacitos de brazos de ni\u00f1as rotas.<\/p>\n","protected":false},"excerpt":{"rendered":"<p>Tiene el pelo encaracolado y se le hacen caracoles los pies cuando anda. A veces tropieza con la nada, otras, con el mundo entero si se descoloca. En casa, su familia se ocupa de quitar obst\u00e1culos a su paso. Sillas, alfombras, sombras, duendes y hadas. En la calle ya hay bordillos que no son edificios [&hellip;]<\/p>\n","protected":false},"author":11533,"featured_media":0,"comment_status":"open","ping_status":"closed","sticky":false,"template":"","format":"standard","meta":[],"categories":[1],"tags":[3,53,109],"_links":{"self":[{"href":"https:\/\/blogs.elnortedecastilla.es\/lolaleonardo\/wp-json\/wp\/v2\/posts\/41"}],"collection":[{"href":"https:\/\/blogs.elnortedecastilla.es\/lolaleonardo\/wp-json\/wp\/v2\/posts"}],"about":[{"href":"https:\/\/blogs.elnortedecastilla.es\/lolaleonardo\/wp-json\/wp\/v2\/types\/post"}],"author":[{"embeddable":true,"href":"https:\/\/blogs.elnortedecastilla.es\/lolaleonardo\/wp-json\/wp\/v2\/users\/11533"}],"replies":[{"embeddable":true,"href":"https:\/\/blogs.elnortedecastilla.es\/lolaleonardo\/wp-json\/wp\/v2\/comments?post=41"}],"version-history":[{"count":0,"href":"https:\/\/blogs.elnortedecastilla.es\/lolaleonardo\/wp-json\/wp\/v2\/posts\/41\/revisions"}],"wp:attachment":[{"href":"https:\/\/blogs.elnortedecastilla.es\/lolaleonardo\/wp-json\/wp\/v2\/media?parent=41"}],"wp:term":[{"taxonomy":"category","embeddable":true,"href":"https:\/\/blogs.elnortedecastilla.es\/lolaleonardo\/wp-json\/wp\/v2\/categories?post=41"},{"taxonomy":"post_tag","embeddable":true,"href":"https:\/\/blogs.elnortedecastilla.es\/lolaleonardo\/wp-json\/wp\/v2\/tags?post=41"}],"curies":[{"name":"wp","href":"https:\/\/api.w.org\/{rel}","templated":true}]}}