{"id":43,"date":"2013-05-08T20:37:01","date_gmt":"2013-05-08T20:37:01","guid":{"rendered":"http:\/\/blogs.elnortedecastilla.es\/lolaleonardo\/?p=43"},"modified":"2013-05-08T20:37:01","modified_gmt":"2013-05-08T20:37:01","slug":"diselo-al-senor-del-espejo","status":"publish","type":"post","link":"https:\/\/blogs.elnortedecastilla.es\/lolaleonardo\/2013\/05\/08\/diselo-al-senor-del-espejo\/","title":{"rendered":"D\u00edselo al se\u00f1or del espejo"},"content":{"rendered":"<p>Cuando hace unos a\u00f1os mi maleta desapareci\u00f3 en un aeropuerto de la Europa del Este, me person\u00e9 en la oficina de reclamaciones (o a saber, porque el letrero estaba en cir\u00edlico) y expuse a los empleados mi extraordinario cabreo. Como mi ingl\u00e9s es limitado y lento, en un perfecto castellano (o casi), con ciertos aires fon\u00e9ticos del barrio Delicias acompa\u00f1ados de un baile gestual de todas mis extremidades, flequillo incluido, logr\u00e9 que entendieran la gran faena que supon\u00eda privarme de mudas, de mi fiel champ\u00fa, de mi secador\u2026<\/p>\n<p>C\u00f3mo me entendieron aquellos rusoparlantes\u2026 Despu\u00e9s de darme unos billetes para comprar mi silencio, firmar un recibo y decirme que volviera al d\u00eda siguiente, me acompa\u00f1aron a la salida donde me esperaba el conductor contratado y hablaron con \u00e9l. Oleg me tranquiliz\u00f3, o eso creo y, antes de llevarme a mi destino, paramos en una superficie comercial. Me condujo, ya b\u00edpedos, a la secci\u00f3n de lencer\u00eda donde hab\u00eda una magn\u00edfica oferta de bragas: cuatro por 20 grivnas. Quise pensar que un rato antes hab\u00eda estado con su mujer y fue ella quien descubri\u00f3 la ganga, o quiz\u00e1 me lo coment\u00f3 cuando eleg\u00edamos colores y cre\u00ed que me dec\u00eda que el blanco era el m\u00e1s bonito, mientras mi cara pasaba del <em>rojorrubor<\/em> al <em>rosaquemasd\u00e1<\/em> y, ya que me pongo, cojo un par de tangas para unos leguins que est\u00e1n a cinco euros al cambio, siete si los acompa\u00f1as de una camiseta roja como para festejar el comunismo. Tras pasar por la secci\u00f3n de aseo, me llev\u00f3 hasta mi alojamiento donde deshice las bolsas del s\u00faper imaginando, en la prematura noche sovi\u00e9tica, que eran el ba\u00fal de la Piquer.<\/p>\n<p>A la tarde siguiente, Oleg me recogi\u00f3 rumbo al aeropuerto donde me esperaba mi maleta con los brazos abiertos tras haber hecho una escapadita por Berl\u00edn. En correcto castellano, y ya mezclando el ingl\u00e9s y sin parafernalia gestual, agradec\u00ed a los empleados el feliz \u2018regreso\u2019 de mi equipaje.<\/p>\n<p>Desde que Aena ha decidido sustituir a sus trabajadores de informaci\u00f3n por pantallas t\u00e1ctiles (los cinco que estaban en Villanubla han desaparecido, como mi maleta), los viajeros que lo precisen no podr\u00e1n desahogarse, expulsar su cabreo verbal a los cuatro vientos. Ya hay quien, ante la falta de viajeros, de personal y que al de la cafeter\u00eda le podr\u00edan cambiar por un robot que se parece a la ministra de Desempleo, ensaya soliloquios para indignarse consigo mismo ante los espejos de las toilettes de los aeropuertos.<\/p>\n","protected":false},"excerpt":{"rendered":"<p>Cuando hace unos a\u00f1os mi maleta desapareci\u00f3 en un aeropuerto de la Europa del Este, me person\u00e9 en la oficina de reclamaciones (o a saber, porque el letrero estaba en cir\u00edlico) y expuse a los empleados mi extraordinario cabreo. Como mi ingl\u00e9s es limitado y lento, en un perfecto castellano (o casi), con ciertos aires [&hellip;]<\/p>\n","protected":false},"author":11533,"featured_media":0,"comment_status":"open","ping_status":"open","sticky":false,"template":"","format":"standard","meta":[],"categories":[1],"tags":[42],"_links":{"self":[{"href":"https:\/\/blogs.elnortedecastilla.es\/lolaleonardo\/wp-json\/wp\/v2\/posts\/43"}],"collection":[{"href":"https:\/\/blogs.elnortedecastilla.es\/lolaleonardo\/wp-json\/wp\/v2\/posts"}],"about":[{"href":"https:\/\/blogs.elnortedecastilla.es\/lolaleonardo\/wp-json\/wp\/v2\/types\/post"}],"author":[{"embeddable":true,"href":"https:\/\/blogs.elnortedecastilla.es\/lolaleonardo\/wp-json\/wp\/v2\/users\/11533"}],"replies":[{"embeddable":true,"href":"https:\/\/blogs.elnortedecastilla.es\/lolaleonardo\/wp-json\/wp\/v2\/comments?post=43"}],"version-history":[{"count":0,"href":"https:\/\/blogs.elnortedecastilla.es\/lolaleonardo\/wp-json\/wp\/v2\/posts\/43\/revisions"}],"wp:attachment":[{"href":"https:\/\/blogs.elnortedecastilla.es\/lolaleonardo\/wp-json\/wp\/v2\/media?parent=43"}],"wp:term":[{"taxonomy":"category","embeddable":true,"href":"https:\/\/blogs.elnortedecastilla.es\/lolaleonardo\/wp-json\/wp\/v2\/categories?post=43"},{"taxonomy":"post_tag","embeddable":true,"href":"https:\/\/blogs.elnortedecastilla.es\/lolaleonardo\/wp-json\/wp\/v2\/tags?post=43"}],"curies":[{"name":"wp","href":"https:\/\/api.w.org\/{rel}","templated":true}]}}