{"id":48,"date":"2013-06-05T07:50:31","date_gmt":"2013-06-05T07:50:31","guid":{"rendered":"http:\/\/blogs.elnortedecastilla.es\/lolaleonardo\/?p=48"},"modified":"2013-06-05T07:50:31","modified_gmt":"2013-06-05T07:50:31","slug":"pongamos-que-hablo-de-beatriz","status":"publish","type":"post","link":"https:\/\/blogs.elnortedecastilla.es\/lolaleonardo\/2013\/06\/05\/pongamos-que-hablo-de-beatriz\/","title":{"rendered":"Pongamos que hablo de Beatriz"},"content":{"rendered":"<p>Hay en El Salvador una plaza dedicada a las madres, con escultura incluida. Lleva el nombre de \u2018S\u00ed a la vida\u2019 y yo me pregunto si eso tiene algo que ver con la condici\u00f3n, el deseo, la negaci\u00f3n o, en algunos bochornosos casos, la obligaci\u00f3n de ser madre.<\/p>\n<p>Pongamos que hablo de Beatriz.<\/p>\n<p>22 a\u00f1os. Ama de casa. Su marido, campesino. Tienen un ni\u00f1o peque\u00f1ito que ya le dej\u00f3 el cuerpo maltrecho durante el embarazo. Ahora est\u00e1 de seis meses y sufre una enfermedad que debilita el sistema inmunol\u00f3gico y puede causar complicaciones graves o mortales durante la gestaci\u00f3n y el parto.<\/p>\n<p>Pongamos que Beatriz no quiere morir. No quiere. Pongamos que quiere ser madre, pero no una madre muerta. Pongamos, adem\u00e1s, que el feto sufre una anencefalia, la ausencia parcial o total del cerebro, cr\u00e1neo y cuero cabelludo, que le conducir\u00e1 a la muerte nada m\u00e1s nacer o poco tiempo despu\u00e9s, el suficiente, quiz\u00e1, para ver pasar frente a \u00e9l a un mont\u00f3n de descerebrados que agradecen a dios la vida a costa de la vida.<\/p>\n<p>La madre moriturum suplica un aborto terap\u00e9utico; razones tiene que los dem\u00e1s pisotean. Quiere Beatriz terminar ya y justicia e iglesia le cierran esperanzas, tanto que, si decide interrumpir su embarazo, podr\u00eda pasar unos cuantos a\u00f1os en prisi\u00f3n por homicidio.<\/p>\n<p>Pongamos que hablo de derechos humanos y ha sido la Corte Interamericana la que ha tirado a la papelera la decisi\u00f3n del Supremo salvadore\u00f1o para que se adopten ya medidas necesarias a fin de proteger la vida de Beatriz y la labor de los m\u00e9dicos. La justicia lo acata pero la iglesia se revuelve tanto como las asociaciones provida, \u00e9sas que se dedican m\u00e1s a demonizar posturas y a convertir en m\u00e1rtires a los no nacidos que a gritar y actuar contra la mayor injusticia cifrada: cada seis segundos muere un ni\u00f1o, ya nacido, de hambre.<\/p>\n<p>Pongamos que hablo de Beatriz, que ella incluso est\u00e1 en contra del aborto, salvo en su caso o similares. Que preferir\u00eda esterilizarse a pasar por este trago, antes, tal vez, que usar m\u00e9todos anticonceptivos. Hay quien no se puede imaginar a los dioses poni\u00e9ndose un cond\u00f3n ni ver a las mujeres disponiendo libremente de su vida, m\u00e1s a\u00fan cuando ninguna quiere, queremos, abortar, ni someternos a un trasplante, ni quitarnos una muela\u2026 Pero lo haremos si es preciso, entendiendo adem\u00e1s que hay mujeres que no tienen ninguna intenci\u00f3n de reproducirse.<\/p>\n<p>Pongamos que hablo de que este discurso deber\u00eda estar ya desfasado.<\/p>\n","protected":false},"excerpt":{"rendered":"<p>Hay en El Salvador una plaza dedicada a las madres, con escultura incluida. Lleva el nombre de \u2018S\u00ed a la vida\u2019 y yo me pregunto si eso tiene algo que ver con la condici\u00f3n, el deseo, la negaci\u00f3n o, en algunos bochornosos casos, la obligaci\u00f3n de ser madre. Pongamos que hablo de Beatriz. 22 a\u00f1os. [&hellip;]<\/p>\n","protected":false},"author":11533,"featured_media":0,"comment_status":"open","ping_status":"open","sticky":false,"template":"","format":"standard","meta":[],"categories":[1],"tags":[2,55],"_links":{"self":[{"href":"https:\/\/blogs.elnortedecastilla.es\/lolaleonardo\/wp-json\/wp\/v2\/posts\/48"}],"collection":[{"href":"https:\/\/blogs.elnortedecastilla.es\/lolaleonardo\/wp-json\/wp\/v2\/posts"}],"about":[{"href":"https:\/\/blogs.elnortedecastilla.es\/lolaleonardo\/wp-json\/wp\/v2\/types\/post"}],"author":[{"embeddable":true,"href":"https:\/\/blogs.elnortedecastilla.es\/lolaleonardo\/wp-json\/wp\/v2\/users\/11533"}],"replies":[{"embeddable":true,"href":"https:\/\/blogs.elnortedecastilla.es\/lolaleonardo\/wp-json\/wp\/v2\/comments?post=48"}],"version-history":[{"count":0,"href":"https:\/\/blogs.elnortedecastilla.es\/lolaleonardo\/wp-json\/wp\/v2\/posts\/48\/revisions"}],"wp:attachment":[{"href":"https:\/\/blogs.elnortedecastilla.es\/lolaleonardo\/wp-json\/wp\/v2\/media?parent=48"}],"wp:term":[{"taxonomy":"category","embeddable":true,"href":"https:\/\/blogs.elnortedecastilla.es\/lolaleonardo\/wp-json\/wp\/v2\/categories?post=48"},{"taxonomy":"post_tag","embeddable":true,"href":"https:\/\/blogs.elnortedecastilla.es\/lolaleonardo\/wp-json\/wp\/v2\/tags?post=48"}],"curies":[{"name":"wp","href":"https:\/\/api.w.org\/{rel}","templated":true}]}}