{"id":55,"date":"2013-10-02T07:59:46","date_gmt":"2013-10-02T07:59:46","guid":{"rendered":"http:\/\/blogs.elnortedecastilla.es\/lolaleonardo\/?p=55"},"modified":"2013-10-02T07:59:46","modified_gmt":"2013-10-02T07:59:46","slug":"las-ulceras-del-pueblo","status":"publish","type":"post","link":"https:\/\/blogs.elnortedecastilla.es\/lolaleonardo\/2013\/10\/02\/las-ulceras-del-pueblo\/","title":{"rendered":"Las \u00falceras del pueblo"},"content":{"rendered":"<p>Un accidente laboral, de \u00e9sos que se han reducido a la m\u00ednima expresi\u00f3n \u2013no por accidente, sino por laboral- le dej\u00f3 la injusta carga de una paraplejia que le priv\u00f3 de volver a sentir su mitad de abajo. Se despidi\u00f3 de sus pies vivos, de sus tejanos de s\u00e1bado y se convirti\u00f3 en sedente por los siglos de los siglos.<\/p>\n<p>Han pasado siete a\u00f1os y Manuel Bello mueve su vida en una silla de ruedas. Se enfrenta a monstruos terribles en forma de bordillos que le repelen, de veh\u00edculos que le miran por encima del hombro, de mal\u00e9volas escaleras sin rampa lateral que le empujan, y le derriban, y se descojonan y se despelda\u00f1an de todos aquellos que piden paso para sus miembros heridos. De vez en cuando, escaleras y bordillos corean un \u2018quesejodan\u2019 como el que la diputada Andrea Fabra dedicara a los parados, convertido ya en un himno latente contra el pueblo: desempleados, funcionarios, pensionistas, estudiantes, cient\u00edficos, inmigrantes, expatriados, desahuciados, afectados por las preferentes, artistas y enfermos.<\/p>\n<p>Hace un a\u00f1o que Manuel Bello est\u00e1 m\u00e1s jodido que antes. A su inmovilidad se le adhiri\u00f3 una \u00falcera por dec\u00fabito en el sacro tras una estancia hospitalaria. Una peque\u00f1a herida que le iba a ser operada de inmediato. 370 d\u00edas m\u00e1s tarde, \u00e9sta ya hab\u00eda crecido casi tanto como su indignaci\u00f3n, acodada en la lista de espera de los \u2018quesejodan\u2019.<\/p>\n<p>Y mientras la \u00falcera se com\u00eda a Manuel y las heridas del pueblo devoran al pueblo, nos pasamos alegremente del presupuesto en la pelea bochornosa por los Juegos Ol\u00edmpicos, vitoreamos a defraudadores porque son h\u00e9roes del bal\u00f3n y resoplamos cuando las caderas reales son m\u00e1s importantes que el menisco de una limpiadora.<\/p>\n<p>S\u00ed, nos pasamos el d\u00eda resoplando, soltando demonios contra los bancos, los pol\u00edticos, los ladrones de guante blanco, la jeta de alg\u00fan sindicato, las compa\u00f1\u00edas el\u00e9ctricas, las de telefon\u00eda\u2026 Pero seguimos sentados incubando una \u00falcera por dec\u00fabito que nace en la rabadilla y atraviesa el coraz\u00f3n. \u00bfHasta d\u00f3nde ha de llegar para que gritemos? \u00bfHemos sobrepasado ya el umbral del dolor y el de la humillaci\u00f3n? Del tormento del pueblo nac\u00edan las revoluciones. S\u00ed, los hombres las inventamos pero parece cierto que no sabemos qu\u00e9 hacer con ellas. Esperemos que se cumpla eso de que las revoluciones no se hacen, llegan. Y esta vez tambi\u00e9n tenemos poco que perder salvo nuestra condena a la paraplejia y nuestras heridas por inmovilizaci\u00f3n.<\/p>\n","protected":false},"excerpt":{"rendered":"<p>Un accidente laboral, de \u00e9sos que se han reducido a la m\u00ednima expresi\u00f3n \u2013no por accidente, sino por laboral- le dej\u00f3 la injusta carga de una paraplejia que le priv\u00f3 de volver a sentir su mitad de abajo. Se despidi\u00f3 de sus pies vivos, de sus tejanos de s\u00e1bado y se convirti\u00f3 en sedente por [&hellip;]<\/p>\n","protected":false},"author":11533,"featured_media":0,"comment_status":"open","ping_status":"open","sticky":false,"template":"","format":"standard","meta":[],"categories":[1],"tags":[44,91,149],"_links":{"self":[{"href":"https:\/\/blogs.elnortedecastilla.es\/lolaleonardo\/wp-json\/wp\/v2\/posts\/55"}],"collection":[{"href":"https:\/\/blogs.elnortedecastilla.es\/lolaleonardo\/wp-json\/wp\/v2\/posts"}],"about":[{"href":"https:\/\/blogs.elnortedecastilla.es\/lolaleonardo\/wp-json\/wp\/v2\/types\/post"}],"author":[{"embeddable":true,"href":"https:\/\/blogs.elnortedecastilla.es\/lolaleonardo\/wp-json\/wp\/v2\/users\/11533"}],"replies":[{"embeddable":true,"href":"https:\/\/blogs.elnortedecastilla.es\/lolaleonardo\/wp-json\/wp\/v2\/comments?post=55"}],"version-history":[{"count":0,"href":"https:\/\/blogs.elnortedecastilla.es\/lolaleonardo\/wp-json\/wp\/v2\/posts\/55\/revisions"}],"wp:attachment":[{"href":"https:\/\/blogs.elnortedecastilla.es\/lolaleonardo\/wp-json\/wp\/v2\/media?parent=55"}],"wp:term":[{"taxonomy":"category","embeddable":true,"href":"https:\/\/blogs.elnortedecastilla.es\/lolaleonardo\/wp-json\/wp\/v2\/categories?post=55"},{"taxonomy":"post_tag","embeddable":true,"href":"https:\/\/blogs.elnortedecastilla.es\/lolaleonardo\/wp-json\/wp\/v2\/tags?post=55"}],"curies":[{"name":"wp","href":"https:\/\/api.w.org\/{rel}","templated":true}]}}