{"id":59,"date":"2013-10-29T23:23:05","date_gmt":"2013-10-29T23:23:05","guid":{"rendered":"http:\/\/blogs.elnortedecastilla.es\/lolaleonardo\/?p=59"},"modified":"2013-10-29T23:23:05","modified_gmt":"2013-10-29T23:23:05","slug":"james-me-espera-en-illinois","status":"publish","type":"post","link":"https:\/\/blogs.elnortedecastilla.es\/lolaleonardo\/2013\/10\/29\/james-me-espera-en-illinois\/","title":{"rendered":"James me espera en Illinois"},"content":{"rendered":"<p>Suplic\u00f3 a su jefe un cambio de \u2018objetivo\u2019. Llevaba dos semanas espiando a altos cargos del Gobierno espa\u00f1ol y, ya en los primeros cuatro d\u00edas, se le hab\u00eda puesto cara de acelga. En su larga trayectoria en la NSA nunca hab\u00eda experimentado algo tan tedioso y tan lejano a su trabajo en los servicios de inteligencia.<\/p>\n<p>El <em>boss<\/em> le reclam\u00f3 un informe de situaci\u00f3n. Al esp\u00eda le bast\u00f3 con una frase para que le apartaran <em>ipso facto<\/em> de su destino: &#8220;Sin vida inteligente&#8221;.<\/p>\n<p>Retorn\u00f3 a USA de inmediato y fue recibido con honras y pompas casi f\u00fanebres. Solicit\u00f3 la jubilaci\u00f3n y le otorgaron, adem\u00e1s, una indemnizaci\u00f3n por minusval\u00eda debido a la brutal inacci\u00f3n que sufri\u00f3 en su \u00faltimo destino. Regres\u00f3 a su pueblo en Illinois para hablar con las gallinas. James es ahora feliz porque est\u00e1 recuperando su vida intelectual.<\/p>\n<p>Aqu\u00ed, los del Gobierno, est\u00e1n que no caben en sus trajes de pelayitos mientras hacen creer al mundo que se encuentran indignados en grado sumo por el presunto caso de \u201cespionaje masivo\u201d. Hasta las gallinas de Illinois saben que los \u2018guasaps\u2019 de mi hijo adolescente con su grupo son m\u00e1s interesantes que los comunicados <em>top secret<\/em> de la ministra Ana Pastor.<\/p>\n<p>Rajoy lo ha dejado bien claro sobre las acciones que va a seguir al respecto: \u201cYo soy el presidente del Gobierno y, cuando tome las decisiones, las tengo que tomar muy fundamentadas [&#8230;] Francia y Alemania han decidido hacer una cosa y los dem\u00e1s podemos decidir lo mismo u otra cosa\u201d.<\/p>\n<p>Informativamente hablando, le damos las gracias por su claridad, por su rico vocabulario, por ese af\u00e1n de buscar sin\u00f3nimos para no repetir vocablos, por ese \u201cyosoyelpresidente\u201d, encabezamiento necesario para que no olvidemos que existe un gobierno, catat\u00f3nico, pero gobierno, elegido por el pueblo, al borde del abismo, pero pueblo, cada vez m\u00e1s mermado por las \u2018deportaciones\u2019 de los j\u00f3venes y por los recortes en sanidad, que tambi\u00e9n contribuyen lo suyo, oiga usted, a morirse antes y hasta sin motivo.<\/p>\n<p>Ya lo dec\u00eda Octavio Paz: \u201cNing\u00fan pueblo cree en su gobierno. A lo sumo, los pueblos est\u00e1n resignados\u201d. Por cierto que, adem\u00e1s, oposici\u00f3n y sindicatos se han evaporado.<\/p>\n<p>Ahora que Seminci ha clausurado su 58 edici\u00f3n con la pel\u00edcula de Wajda sobre Walesa, recuerdo que la primera vez que o\u00ed la palabra solidaridad y en polaco de Polonia, fue con las informaciones sobre su sindicato, el primer sindicato independiente del pa\u00eds. \u00bfD\u00f3nde se ha perdido ese adjetivo?<\/p>\n<p>Saco billete para Illinois.<\/p>\n","protected":false},"excerpt":{"rendered":"<p>Suplic\u00f3 a su jefe un cambio de \u2018objetivo\u2019. Llevaba dos semanas espiando a altos cargos del Gobierno espa\u00f1ol y, ya en los primeros cuatro d\u00edas, se le hab\u00eda puesto cara de acelga. En su larga trayectoria en la NSA nunca hab\u00eda experimentado algo tan tedioso y tan lejano a su trabajo en los servicios de [&hellip;]<\/p>\n","protected":false},"author":11533,"featured_media":0,"comment_status":"open","ping_status":"open","sticky":false,"template":"","format":"standard","meta":[],"categories":[1],"tags":[63,154],"_links":{"self":[{"href":"https:\/\/blogs.elnortedecastilla.es\/lolaleonardo\/wp-json\/wp\/v2\/posts\/59"}],"collection":[{"href":"https:\/\/blogs.elnortedecastilla.es\/lolaleonardo\/wp-json\/wp\/v2\/posts"}],"about":[{"href":"https:\/\/blogs.elnortedecastilla.es\/lolaleonardo\/wp-json\/wp\/v2\/types\/post"}],"author":[{"embeddable":true,"href":"https:\/\/blogs.elnortedecastilla.es\/lolaleonardo\/wp-json\/wp\/v2\/users\/11533"}],"replies":[{"embeddable":true,"href":"https:\/\/blogs.elnortedecastilla.es\/lolaleonardo\/wp-json\/wp\/v2\/comments?post=59"}],"version-history":[{"count":0,"href":"https:\/\/blogs.elnortedecastilla.es\/lolaleonardo\/wp-json\/wp\/v2\/posts\/59\/revisions"}],"wp:attachment":[{"href":"https:\/\/blogs.elnortedecastilla.es\/lolaleonardo\/wp-json\/wp\/v2\/media?parent=59"}],"wp:term":[{"taxonomy":"category","embeddable":true,"href":"https:\/\/blogs.elnortedecastilla.es\/lolaleonardo\/wp-json\/wp\/v2\/categories?post=59"},{"taxonomy":"post_tag","embeddable":true,"href":"https:\/\/blogs.elnortedecastilla.es\/lolaleonardo\/wp-json\/wp\/v2\/tags?post=59"}],"curies":[{"name":"wp","href":"https:\/\/api.w.org\/{rel}","templated":true}]}}