{"id":60,"date":"2013-11-13T08:33:51","date_gmt":"2013-11-13T08:33:51","guid":{"rendered":"http:\/\/blogs.elnortedecastilla.es\/lolaleonardo\/?p=60"},"modified":"2013-11-13T08:33:51","modified_gmt":"2013-11-13T08:33:51","slug":"wert-por-cero-igual-a-cero","status":"publish","type":"post","link":"https:\/\/blogs.elnortedecastilla.es\/lolaleonardo\/2013\/11\/13\/wert-por-cero-igual-a-cero\/","title":{"rendered":"Wert por cero igual a cero"},"content":{"rendered":"<p>Mario Bedera, portavoz de Educaci\u00f3n del PSOE, te lo ha dicho respetuosa y serenamente: \u201cCareces de habilidades sociales\u201d. Ya te pidi\u00f3 hace cosa de un mes que abandonaras tu \u201conanismo legislativo\u201d y retiraras esa maldita ley por la que vas a ser recordado como el ministro que intent\u00f3 acabar con la educaci\u00f3n p\u00fablica.<\/p>\n<p>Jos\u00e9 Ignacio Wert, alias Atila, alias el azote del PP (me dan ganas de quitar la \u2018a\u2019 de azote), est\u00e1s consiguiendo la unificaci\u00f3n de los unos (o de los hunos) y de los otros con un fin com\u00fan que se resume en una de las geniales frases de Bart Simpson: \u201cQue te vayas al infierno y te fr\u00edan a escupitajos\u201d.<\/p>\n<p>Seguro que te han dicho hasta la saciedad en los \u00faltimos meses que es mejor quedarse callado y dejar que los dem\u00e1s piensen que eres un tonto (f\u00edjate en las silentes F\u00e1tima B\u00e1\u00f1ez o Ana Mato) a que abras la boca y se aclaren las dudas.<\/p>\n<p>Dudas despejadas.<\/p>\n<p>A cada paso que das, la sociedad te grita que eso es, con diferencia, lo peor que has hecho en tu vida. Pero te lo han dicho tantas veces que ya no significa nada.<\/p>\n<p>Para ti.<\/p>\n<p>El que se carezca de habilidades sociales es, en casos muy extremos, el punto de partida para iniciar una vida como ser asocial. \u00bfQui\u00e9n puede asegurar que esto no conduzca, en determinados momentos y en seg\u00fan qu\u00e9 comportamientos, a la sociopat\u00eda?<\/p>\n<p>No, no te voy a decir que seas un soci\u00f3pata. Todav\u00eda. Lo del onanismo legislativo me lleva m\u00e1s a compararte con el mono Paco, tocayo tuyo. El animalito era un apasionado activista del sexo en solitario desde su jaula en un parque de Vigo, en la Alameda. Con tanta fruici\u00f3n se amaba, que le daba igual que fueran tiernos ni\u00f1os los visitantes, adolescentes con las hormonas bailando claqu\u00e9 o j\u00f3venes pendientes de una exigua beca. \u00c9l, dale que dale a su pene rojo en pleno desenfreno.<\/p>\n<p>Luego, tras el \u2018acto impuro\u2019, el jefe te pone firme y, por tu educaci\u00f3n judeocristiana, sientes ese remordimiento de culpa: \u201cAy, madrecita, no ten\u00eda que haberme hecho tantos tocamientos (n\u00f3tese que un ministro no se pajea), me saldr\u00e1n granos purulentos\u201d.<\/p>\n<p>Granos s\u00ed, los que le han salido a la educaci\u00f3n p\u00fablica desde que pisoteas los valores fundamentales de los ciudadanos en tu poltrona de ministro.<\/p>\n<p>\u00bfY luego te extra\u00f1a que, tras el espect\u00e1culo masturbatorio, ya sea con nocturnidad o a la luz del d\u00eda, estudiantes, profesores y profesionales de la cultura se nieguen a estrechar tu mano?<\/p>\n<p>L\u00e1vate y, despu\u00e9s, multipl\u00edcate por cero.<\/p>\n","protected":false},"excerpt":{"rendered":"<p>Mario Bedera, portavoz de Educaci\u00f3n del PSOE, te lo ha dicho respetuosa y serenamente: \u201cCareces de habilidades sociales\u201d. Ya te pidi\u00f3 hace cosa de un mes que abandonaras tu \u201conanismo legislativo\u201d y retiraras esa maldita ley por la que vas a ser recordado como el ministro que intent\u00f3 acabar con la educaci\u00f3n p\u00fablica. Jos\u00e9 Ignacio [&hellip;]<\/p>\n","protected":false},"author":11533,"featured_media":0,"comment_status":"open","ping_status":"open","sticky":false,"template":"","format":"standard","meta":[],"categories":[1],"tags":[53,178],"_links":{"self":[{"href":"https:\/\/blogs.elnortedecastilla.es\/lolaleonardo\/wp-json\/wp\/v2\/posts\/60"}],"collection":[{"href":"https:\/\/blogs.elnortedecastilla.es\/lolaleonardo\/wp-json\/wp\/v2\/posts"}],"about":[{"href":"https:\/\/blogs.elnortedecastilla.es\/lolaleonardo\/wp-json\/wp\/v2\/types\/post"}],"author":[{"embeddable":true,"href":"https:\/\/blogs.elnortedecastilla.es\/lolaleonardo\/wp-json\/wp\/v2\/users\/11533"}],"replies":[{"embeddable":true,"href":"https:\/\/blogs.elnortedecastilla.es\/lolaleonardo\/wp-json\/wp\/v2\/comments?post=60"}],"version-history":[{"count":0,"href":"https:\/\/blogs.elnortedecastilla.es\/lolaleonardo\/wp-json\/wp\/v2\/posts\/60\/revisions"}],"wp:attachment":[{"href":"https:\/\/blogs.elnortedecastilla.es\/lolaleonardo\/wp-json\/wp\/v2\/media?parent=60"}],"wp:term":[{"taxonomy":"category","embeddable":true,"href":"https:\/\/blogs.elnortedecastilla.es\/lolaleonardo\/wp-json\/wp\/v2\/categories?post=60"},{"taxonomy":"post_tag","embeddable":true,"href":"https:\/\/blogs.elnortedecastilla.es\/lolaleonardo\/wp-json\/wp\/v2\/tags?post=60"}],"curies":[{"name":"wp","href":"https:\/\/api.w.org\/{rel}","templated":true}]}}