{"id":62,"date":"2013-11-27T10:42:08","date_gmt":"2013-11-27T10:42:08","guid":{"rendered":"http:\/\/blogs.elnortedecastilla.es\/lolaleonardo\/?p=62"},"modified":"2013-11-27T10:42:08","modified_gmt":"2013-11-27T10:42:08","slug":"condenado-a-gallina-y-media","status":"publish","type":"post","link":"https:\/\/blogs.elnortedecastilla.es\/lolaleonardo\/2013\/11\/27\/condenado-a-gallina-y-media\/","title":{"rendered":"Condenado a gallina y media"},"content":{"rendered":"<p>Corr\u00eda un mes de noviembre de 1966. Justo hace 47 a\u00f1os. Eleuterio S\u00e1nchez era entonces el delincuente m\u00e1s temido a este lado de los Pirineos y, por fin, le hab\u00edan \u2018trincado\u2019. Entre otras fechor\u00edas, robo en joyer\u00edas, alg\u00fan muerto durante los tiroteos y fugas varias, el fiscal expon\u00eda una larga lista de delitos, por cada uno de los cuales iba a\u00f1adiendo tiempo entre rejas para el bandido. Centr\u00e9monos en que por el robo de una gallina se le ped\u00edan dos a\u00f1os de prisi\u00f3n.<\/p>\n<p>Haciendo un paralelismo con el \u2018Caso Arroyo\u2019, uno de tantos de mangoneo urban\u00edstico y de regalos millonarios, al principal imputado, Jos\u00e9 Manuel M\u00e9ndez, alcalde de la localidad, le cae una condena de tres a\u00f1os, o sea, de gallina y media por cohecho y prevaricaci\u00f3n. A Jes\u00fas Garc\u00eda Galv\u00e1n, la gallina le ha prescrito y a Iluminada Miguel no s\u00e9 qu\u00e9 gallo le habr\u00e1 cantado. Total: nada. Robar millones es gratis. El s\u00e9ptimo mandamiento ya lo dice bien clarito: \u201cNo robar\u00e1s gallinas\u201d.<\/p>\n<p>El Lute era el enemigo p\u00fablico n\u00famero uno en los a\u00f1os finales del franquismo. Surgido de un entorno social desfavorable, se meti\u00f3 a bandido por el hecho de ser un desheredado del sistema, por haber nacido \u201cal margen de una Espa\u00f1a decente y trabajadora\u201d, como \u00e9l mismo dice.<\/p>\n<p>Despu\u00e9s de numerosos delitos, entradas en prisi\u00f3n, fugas y vuelta al talego, consigui\u00f3 ser un mito, m\u00e1s cuando aprovech\u00f3 las lentas horas carcelarias para aprender a leer y a escribir e, incluso, estudiar una carrera. No ha vuelto a robar gallinas porque no ha vuelto a tener hambre. Pero tampoco es feliz porque los barrotes le borraron la sonrisa que ya le hab\u00edan desdibujado la necesidad y el fr\u00edo. No cree que la c\u00e1rcel haya propiciado su rehabilitaci\u00f3n y prefiere hablar m\u00e1s de \u201cvenganza social que de condena\u201d para referirse a las penas.<\/p>\n<p>Justicia social y no venganza es lo que esperamos ahora para estos imputados que engrosan las listas de prensa y juzgados erigi\u00e9ndose en una subclase dentro de la pol\u00edtica, una especie de denominaci\u00f3n sin origen y tambi\u00e9n una especie en peligro de expansi\u00f3n. Ninguno de ellos ha robado por hambre y por eso su delito deber\u00eda ser de 50 gallinas y un d\u00eda, m\u00e1s cuando un 27% de los espa\u00f1oles est\u00e1 en situaci\u00f3n de pobreza sin un triste muslo de ave que llevarse a la boca. Estos 12 millones de pobres s\u00ed que est\u00e1n sufriendo la ascensi\u00f3n social de los ladrones y la inoperancia de la clase pol\u00edtica. El sue\u00f1o de la justica produce Lutes.<\/p>\n","protected":false},"excerpt":{"rendered":"<p>Corr\u00eda un mes de noviembre de 1966. Justo hace 47 a\u00f1os. Eleuterio S\u00e1nchez era entonces el delincuente m\u00e1s temido a este lado de los Pirineos y, por fin, le hab\u00edan \u2018trincado\u2019. Entre otras fechor\u00edas, robo en joyer\u00edas, alg\u00fan muerto durante los tiroteos y fugas varias, el fiscal expon\u00eda una larga lista de delitos, por cada [&hellip;]<\/p>\n","protected":false},"author":11533,"featured_media":0,"comment_status":"open","ping_status":"open","sticky":false,"template":"","format":"standard","meta":[],"categories":[1],"tags":[20,54,134,147],"_links":{"self":[{"href":"https:\/\/blogs.elnortedecastilla.es\/lolaleonardo\/wp-json\/wp\/v2\/posts\/62"}],"collection":[{"href":"https:\/\/blogs.elnortedecastilla.es\/lolaleonardo\/wp-json\/wp\/v2\/posts"}],"about":[{"href":"https:\/\/blogs.elnortedecastilla.es\/lolaleonardo\/wp-json\/wp\/v2\/types\/post"}],"author":[{"embeddable":true,"href":"https:\/\/blogs.elnortedecastilla.es\/lolaleonardo\/wp-json\/wp\/v2\/users\/11533"}],"replies":[{"embeddable":true,"href":"https:\/\/blogs.elnortedecastilla.es\/lolaleonardo\/wp-json\/wp\/v2\/comments?post=62"}],"version-history":[{"count":0,"href":"https:\/\/blogs.elnortedecastilla.es\/lolaleonardo\/wp-json\/wp\/v2\/posts\/62\/revisions"}],"wp:attachment":[{"href":"https:\/\/blogs.elnortedecastilla.es\/lolaleonardo\/wp-json\/wp\/v2\/media?parent=62"}],"wp:term":[{"taxonomy":"category","embeddable":true,"href":"https:\/\/blogs.elnortedecastilla.es\/lolaleonardo\/wp-json\/wp\/v2\/categories?post=62"},{"taxonomy":"post_tag","embeddable":true,"href":"https:\/\/blogs.elnortedecastilla.es\/lolaleonardo\/wp-json\/wp\/v2\/tags?post=62"}],"curies":[{"name":"wp","href":"https:\/\/api.w.org\/{rel}","templated":true}]}}