{"id":70,"date":"2014-02-05T08:47:35","date_gmt":"2014-02-05T08:47:35","guid":{"rendered":"http:\/\/blogs.elnortedecastilla.es\/lolaleonardo\/?p=70"},"modified":"2014-02-05T08:47:35","modified_gmt":"2014-02-05T08:47:35","slug":"y-el-panueluco-raido","status":"publish","type":"post","link":"https:\/\/blogs.elnortedecastilla.es\/lolaleonardo\/2014\/02\/05\/y-el-panueluco-raido\/","title":{"rendered":"Y el pa\u00f1ueluco ra\u00eddo"},"content":{"rendered":"<p>\u201cLuciendo la saya blanca y el pa\u00f1ueluco de seda, dime d\u00f3nde vas morena, dime d\u00f3nde vas salada\u2026\u201d Con este himno oficioso como m\u00fasica de fondo, y eriz\u00e1ndoseme todos los vellos, incluso los que el gato dej\u00f3 pegados en mi sudadera durante su tercera siesta, confieso que fue el \u00fanico partido de f\u00fatbol que he conseguido ver entero. Era el que enfrentaba al Racing de Santander y a la Real Sociedad. El que jugaban los c\u00e1ntabros contra la injusticia y en el que sacrificaron el triunfo, el trofeo e incluso el juego, para lograr la supervivencia. La Copa del Rey, nada menos; si yo fuera monarca (algo impensable esta circunstancia en el mundo de mis ideas) les regalar\u00eda la Copa de la Dignidad, pero es que ya pocos saben que existe como palabra, y menos como actitud.<\/p>\n<p>Han pasado varios meses desde que los jugadores del Santander no cobran sus n\u00f3minas, pero a los de la anterior junta directiva se la bufaba porque hac\u00eda ya tiempo que pensaban, como tantos otros, que hemos dejado de ser trabajadores para convertirnos en esclavos, ya seamos futbolistas, torneros fresadores, campesinos, aut\u00f3nomos, funcionarios o artistas circenses.<\/p>\n<p>Para pasar de un status a otro han ido oblig\u00e1ndonos a \u2018soltar lastre\u2019. Nos han despojado de empleos, puestos de trabajo, poder adquisitivo, vivienda, derechos educativos, sanitarios, sociales, libertades y pan. Nos han arrebatado tambi\u00e9n la ilusi\u00f3n como bot\u00edn de guerra y pretenden ahora apropiarse de nuestra dignidad, porque ya apenas queda que reba\u00f1ar. En este punto cabe preguntarse para qu\u00e9 la quieren si nada saben sobre su uso.<\/p>\n<p>Junto a los atracos, y a la vez, nos acechan los desencantos, los propios y los ajenos. Se reproducen como ratas a las que alimenta y fecunda la oligarqu\u00eda. Hasta ahora, los sufr\u00edamos en silencio y nos los trag\u00e1bamos a peque\u00f1os sorbos; aun as\u00ed, dol\u00edan en su descenso hasta el est\u00f3mago. Como son indigestos por haber alcanzado ya una ingente cantidad, empezamos a aprender a usarlos como bandera. Con los desencantos izados y la dignidad como \u00faltimo harapo con el que cubrir pudores, nos alegra la vida la masa cr\u00edtica, la que se abraz\u00f3 y se plant\u00f3 en el campo del Sardinero, la que se atrincher\u00f3 en las vallas de las obras de Gamonal, y la blanca y \u2018sonante\u2019 que dijo \u201cNo\u201d a la privatizaci\u00f3n de la sanidad. Y vendr\u00e1n m\u00e1s.<\/p>\n<p>Esto marcha, aunque tengamos que salir a la calle vestidos \u00fanicamente con la saya blanca rota y el pa\u00f1ueluco ra\u00eddo.<\/p>\n","protected":false},"excerpt":{"rendered":"<p>\u201cLuciendo la saya blanca y el pa\u00f1ueluco de seda, dime d\u00f3nde vas morena, dime d\u00f3nde vas salada\u2026\u201d Con este himno oficioso como m\u00fasica de fondo, y eriz\u00e1ndoseme todos los vellos, incluso los que el gato dej\u00f3 pegados en mi sudadera durante su tercera siesta, confieso que fue el \u00fanico partido de f\u00fatbol que he conseguido [&hellip;]<\/p>\n","protected":false},"author":11533,"featured_media":0,"comment_status":"open","ping_status":"open","sticky":false,"template":"","format":"standard","meta":[],"categories":[1],"tags":[37,72,98,140],"_links":{"self":[{"href":"https:\/\/blogs.elnortedecastilla.es\/lolaleonardo\/wp-json\/wp\/v2\/posts\/70"}],"collection":[{"href":"https:\/\/blogs.elnortedecastilla.es\/lolaleonardo\/wp-json\/wp\/v2\/posts"}],"about":[{"href":"https:\/\/blogs.elnortedecastilla.es\/lolaleonardo\/wp-json\/wp\/v2\/types\/post"}],"author":[{"embeddable":true,"href":"https:\/\/blogs.elnortedecastilla.es\/lolaleonardo\/wp-json\/wp\/v2\/users\/11533"}],"replies":[{"embeddable":true,"href":"https:\/\/blogs.elnortedecastilla.es\/lolaleonardo\/wp-json\/wp\/v2\/comments?post=70"}],"version-history":[{"count":0,"href":"https:\/\/blogs.elnortedecastilla.es\/lolaleonardo\/wp-json\/wp\/v2\/posts\/70\/revisions"}],"wp:attachment":[{"href":"https:\/\/blogs.elnortedecastilla.es\/lolaleonardo\/wp-json\/wp\/v2\/media?parent=70"}],"wp:term":[{"taxonomy":"category","embeddable":true,"href":"https:\/\/blogs.elnortedecastilla.es\/lolaleonardo\/wp-json\/wp\/v2\/categories?post=70"},{"taxonomy":"post_tag","embeddable":true,"href":"https:\/\/blogs.elnortedecastilla.es\/lolaleonardo\/wp-json\/wp\/v2\/tags?post=70"}],"curies":[{"name":"wp","href":"https:\/\/api.w.org\/{rel}","templated":true}]}}