{"id":77,"date":"2014-04-02T08:09:43","date_gmt":"2014-04-02T08:09:43","guid":{"rendered":"http:\/\/blogs.elnortedecastilla.es\/lolaleonardo\/?p=77"},"modified":"2014-04-02T08:09:43","modified_gmt":"2014-04-02T08:09:43","slug":"hoy-no-queria-hablar-de-ellas","status":"publish","type":"post","link":"https:\/\/blogs.elnortedecastilla.es\/lolaleonardo\/2014\/04\/02\/hoy-no-queria-hablar-de-ellas\/","title":{"rendered":"Hoy no quer\u00eda hablar de ellas"},"content":{"rendered":"<p>Vino el viernes por la tarde, a eso de las cinco. El s\u00e1bado, antes. El domingo por la ma\u00f1ana acompa\u00f1\u00f3 en el desayuno a mi hijo peque\u00f1o. Le dije que se quedara a comer y llam\u00e9 a su madre. Me dio el n\u00famero. Yo no la conozco, ni siquiera he coincidido en la puerta del cole con ella, o eso creo. Pens\u00e9 que tendr\u00eda que convencerla para que dejara a su hijo en mi casa, pero no me dio tiempo: s\u00f3lo se dedic\u00f3 a darme las gracias y, despu\u00e9s, a contarme unas pinceladas de su drama. No mucho. No nos conocemos, o eso creo.<\/p>\n<p>Cuando colgu\u00e9, mir\u00e9 a su hijo con una pena inmensa. El m\u00edo me pregunt\u00f3 qu\u00e9 me pasaba. Que lo cuente tu amigo, si quiere, contest\u00e9 dulcemente. Y nos relat\u00f3 con palabras cortas de ni\u00f1o historias terribles de mayores terribles. Tan s\u00f3lo le bast\u00f3 un minuto. Quiz\u00e1 menos.<\/p>\n<p>Les mand\u00e9 a comprar el pan y unas chuches y se quedaron un rato en el parque, porque son ni\u00f1os y no merecen escenarios de batallas.<\/p>\n<p>Hoy no quer\u00eda hablar de Henar, tiroteada en Medina, pero se me vienen todas a la cabeza. Hasta Ana Orantes, abrasada viva en 1997. Cuarenta a\u00f1os de malos tratos que acabaron en una pira funeraria para silenciar su voz. Hoy no quer\u00eda hablar de Henar, hoy no quer\u00eda hablar de Ana. Hoy no quer\u00eda porque parece que s\u00f3lo sabemos vomitar palabras.<\/p>\n<p>Y uno tras otro, y una tras otra jurando el cargo: \u201cMe comprometo a erradicar esta lacra social que es la violencia de g\u00e9nero\u201d. Y lo \u00fanico que hacen es dej\u00e1rnosla como herencia maldita, como evidencia macabra de una pol\u00edtica fallida, de unos pol\u00edticos con la sensibilidad escurrida. De pol\u00edticos.<\/p>\n<p>Tampoco este a\u00f1o han podido hacer nada y en tres meses no han parado de contar muertas.<\/p>\n<p>\u00bfCu\u00e1ntos discursos grandilocuentes, cu\u00e1ntos estudios, cu\u00e1ntos comit\u00e9s de \u2018sabios\u2019, cu\u00e1ntas monedas para ellos, cu\u00e1ntos sacos rotos, cu\u00e1ntas l\u00e1grimas m\u00e1s de abuelos desconsolados y cu\u00e1ntas preguntas de hijos de madres muertas?<\/p>\n<p>Y no quer\u00eda hablar, digo, porque ya hablan muchos incapaces de capacidades, de compromisos que no sabr\u00e1n cumplir, de ilusiones que han muerto desangradas en el rinc\u00f3n de la cocina, de promesas que se desmoronan en cada minuto de silencio. Y hablan mientras recortan servicios sociales y educaci\u00f3n. Las mujeres machacadas tienen que convivir con su agresor porque no hay sitio para ellas. Ana Orantes muri\u00f3 en la casa que le hicieron compartir con su asesino. Ella no ten\u00eda un chalecito en Baqueira donde resguardar sus miedos.<\/p>\n","protected":false},"excerpt":{"rendered":"<p>Vino el viernes por la tarde, a eso de las cinco. El s\u00e1bado, antes. El domingo por la ma\u00f1ana acompa\u00f1\u00f3 en el desayuno a mi hijo peque\u00f1o. Le dije que se quedara a comer y llam\u00e9 a su madre. Me dio el n\u00famero. Yo no la conozco, ni siquiera he coincidido en la puerta del [&hellip;]<\/p>\n","protected":false},"author":11533,"featured_media":0,"comment_status":"open","ping_status":"open","sticky":false,"template":"","format":"standard","meta":[],"categories":[1],"tags":[11,176],"_links":{"self":[{"href":"https:\/\/blogs.elnortedecastilla.es\/lolaleonardo\/wp-json\/wp\/v2\/posts\/77"}],"collection":[{"href":"https:\/\/blogs.elnortedecastilla.es\/lolaleonardo\/wp-json\/wp\/v2\/posts"}],"about":[{"href":"https:\/\/blogs.elnortedecastilla.es\/lolaleonardo\/wp-json\/wp\/v2\/types\/post"}],"author":[{"embeddable":true,"href":"https:\/\/blogs.elnortedecastilla.es\/lolaleonardo\/wp-json\/wp\/v2\/users\/11533"}],"replies":[{"embeddable":true,"href":"https:\/\/blogs.elnortedecastilla.es\/lolaleonardo\/wp-json\/wp\/v2\/comments?post=77"}],"version-history":[{"count":0,"href":"https:\/\/blogs.elnortedecastilla.es\/lolaleonardo\/wp-json\/wp\/v2\/posts\/77\/revisions"}],"wp:attachment":[{"href":"https:\/\/blogs.elnortedecastilla.es\/lolaleonardo\/wp-json\/wp\/v2\/media?parent=77"}],"wp:term":[{"taxonomy":"category","embeddable":true,"href":"https:\/\/blogs.elnortedecastilla.es\/lolaleonardo\/wp-json\/wp\/v2\/categories?post=77"},{"taxonomy":"post_tag","embeddable":true,"href":"https:\/\/blogs.elnortedecastilla.es\/lolaleonardo\/wp-json\/wp\/v2\/tags?post=77"}],"curies":[{"name":"wp","href":"https:\/\/api.w.org\/{rel}","templated":true}]}}