{"id":81,"date":"2014-04-19T15:44:18","date_gmt":"2014-04-19T15:44:18","guid":{"rendered":"http:\/\/blogs.elnortedecastilla.es\/lolaleonardo\/?p=81"},"modified":"2014-04-19T15:44:18","modified_gmt":"2014-04-19T15:44:18","slug":"semana-tanta","status":"publish","type":"post","link":"https:\/\/blogs.elnortedecastilla.es\/lolaleonardo\/2014\/04\/19\/semana-tanta\/","title":{"rendered":"Semana tanta"},"content":{"rendered":"<p>Pues s\u00ed, este a\u00f1o cambio el adjetivo por un adverbio porque con la edad se me van cayendo las orograf\u00edas y las hagiograf\u00edas y cada vez me importa menos. Incluso verbalizar realidades y obviedades me resulta placentero. Como a los veinte, pero con sosiego.<\/p>\n<p>S\u00ed, cambio el ep\u00edteto de semana, me atrevo incluso a declararla MIR (mal de inter\u00e9s irracional), pero s\u00f3lo aqu\u00ed, en mi peque\u00f1o mundo, donde nadie me oye, y a confesar mi malestar profundo por el opio que siguen quemando en las iglesias.<\/p>\n<p>Me sabe rancio hasta donde la memoria me llega, all\u00e1 por los setenta, cuando los lunes santos (ahora tantos y antes muchos m\u00e1s) un barrendero recorr\u00eda diligente las calles de la periferia recogiendo los dedos de los ni\u00f1os de barrio. \u201cDomingo de ramos, si no estrenas nada, se te caen las manos\u201d (malditas letan\u00edas que se inventan los pudientes). Y all\u00ed todos mancos, sin palmas, regenerando ap\u00e9ndices como lagartijas para la siguiente primavera. \u00bfD\u00f3nde est\u00e1n los vertederos con nuestras manos de p\u00faberes limpias?<\/p>\n<p>Me molesta la esencia porque algo huele a podrido en cada estampa. Y tambi\u00e9n la presencia, que me limita, que me coarta, que me corta el paso, el paseo o la prisa. La ciudad limitada, la ciudad vallada, la ciudad tomada, la ciudad invadida por las tropas celestiales y el siglo de la raz\u00f3n criando malvas.<\/p>\n<p>En el fondo tambi\u00e9n me aprovecho de los largos tent\u00e1culos de los santos. Celebro la semana con vacaciones, igual que el solsticio de invierno. Como una parada, un descansillo en la escalera del a\u00f1o, el invento est\u00e1 perfecto, salvo que le sobran los nombres sacros en un pa\u00eds sin justicia divina y con zancadillas sat\u00e1nicas para la humana. Y la celebro porque es tiempo de sol y porque tengo el patio lleno de lilas y la pasiflora brotando. Porque huele a primavera y hay rencuentros desde hace lustros con amigos lejanos que besamos all\u00e1 en septiembre con un hasta pronto que cualquier a\u00f1o, en alguno de nosotros, se har\u00e1 hasta nunca (un saludo, compa\u00f1ero Laforga). Y por eso ese deseo del encuentro, con vinos nuevos descubiertos, con recetas de otros sabores, de otros lugares, con placeres sabidos.<\/p>\n<p>Esta semana santa he puesto tanto empe\u00f1o en no llamar santa que Rouco Varela se me ha aparecido en sue\u00f1os para cortarme las manos, y tambi\u00e9n la lengua, con lo cual no he podido decirle lo que pienso de su iglesia.<\/p>\n<p>Pero ni siquiera mi verdad es absoluta y posiblemente ma\u00f1ana me invente otra.<\/p>\n","protected":false},"excerpt":{"rendered":"<p>Pues s\u00ed, este a\u00f1o cambio el adjetivo por un adverbio porque con la edad se me van cayendo las orograf\u00edas y las hagiograf\u00edas y cada vez me importa menos. Incluso verbalizar realidades y obviedades me resulta placentero. Como a los veinte, pero con sosiego. S\u00ed, cambio el ep\u00edteto de semana, me atrevo incluso a declararla [&hellip;]<\/p>\n","protected":false},"author":11533,"featured_media":0,"comment_status":"open","ping_status":"open","sticky":false,"template":"","format":"standard","meta":[],"categories":[1],"tags":[151],"_links":{"self":[{"href":"https:\/\/blogs.elnortedecastilla.es\/lolaleonardo\/wp-json\/wp\/v2\/posts\/81"}],"collection":[{"href":"https:\/\/blogs.elnortedecastilla.es\/lolaleonardo\/wp-json\/wp\/v2\/posts"}],"about":[{"href":"https:\/\/blogs.elnortedecastilla.es\/lolaleonardo\/wp-json\/wp\/v2\/types\/post"}],"author":[{"embeddable":true,"href":"https:\/\/blogs.elnortedecastilla.es\/lolaleonardo\/wp-json\/wp\/v2\/users\/11533"}],"replies":[{"embeddable":true,"href":"https:\/\/blogs.elnortedecastilla.es\/lolaleonardo\/wp-json\/wp\/v2\/comments?post=81"}],"version-history":[{"count":0,"href":"https:\/\/blogs.elnortedecastilla.es\/lolaleonardo\/wp-json\/wp\/v2\/posts\/81\/revisions"}],"wp:attachment":[{"href":"https:\/\/blogs.elnortedecastilla.es\/lolaleonardo\/wp-json\/wp\/v2\/media?parent=81"}],"wp:term":[{"taxonomy":"category","embeddable":true,"href":"https:\/\/blogs.elnortedecastilla.es\/lolaleonardo\/wp-json\/wp\/v2\/categories?post=81"},{"taxonomy":"post_tag","embeddable":true,"href":"https:\/\/blogs.elnortedecastilla.es\/lolaleonardo\/wp-json\/wp\/v2\/tags?post=81"}],"curies":[{"name":"wp","href":"https:\/\/api.w.org\/{rel}","templated":true}]}}