{"id":150,"date":"2014-03-03T10:09:32","date_gmt":"2014-03-03T10:09:32","guid":{"rendered":"http:\/\/blogs.grada360.com\/los-5-momentos-de-nuestros-emigrantes\/?p=150"},"modified":"2014-03-03T10:09:32","modified_gmt":"2014-03-03T10:09:32","slug":"triplete-de-soriano-y-titulo-para-navas","status":"publish","type":"post","link":"https:\/\/blogs.elnortedecastilla.es\/los-5-momentos-de-nuestros-emigrantes\/2014\/03\/03\/triplete-de-soriano-y-titulo-para-navas\/","title":{"rendered":"Triplete de Soriano y t\u00edtulo para Navas"},"content":{"rendered":"<p><!--:es--><a href=\"\/los-5-momentos-de-nuestros-emigrantes\/wp-content\/uploads\/sites\/117\/2014\/03\/city-blog.jpg\"><img loading=\"lazy\" class=\"size-medium wp-image-151 alignright\" src=\"\/los-5-momentos-de-nuestros-emigrantes\/wp-content\/uploads\/sites\/117\/2014\/03\/city-blog.jpg\" alt=\"\" width=\"300\" height=\"196\" srcset=\"https:\/\/static-blogs.elnortedecastilla.es\/wp-content\/uploads\/sites\/117\/2014\/03\/city-blog.jpg 1371w, https:\/\/static-blogs.elnortedecastilla.es\/wp-content\/uploads\/sites\/117\/2014\/03\/city-blog-300x197.jpg 300w, https:\/\/static-blogs.elnortedecastilla.es\/wp-content\/uploads\/sites\/117\/2014\/03\/city-blog-768x504.jpg 768w, https:\/\/static-blogs.elnortedecastilla.es\/wp-content\/uploads\/sites\/117\/2014\/03\/city-blog-1024x672.jpg 1024w\" sizes=\"(max-width: 300px) 100vw, 300px\" \/><\/a><strong>Jonathan Soriano<\/strong> contin\u00faa con su marcha triunfal en el Salzburgo, marc\u00f3 tres goles al Rapid de Viena y es l\u00edder de la tabla de artilleros en Austria, mientras que <strong>Jes\u00fas Navas<\/strong> hizo uno de los tantos de la victoria del Manchester City en la final de la Copa de la Liga inglesa frente al Sunderland (3-1).<\/p>\n<p><!--:--><!--:en--><\/p>\n<p>\n<!--:--><!--more--><!--:es--><\/p>\n<p>Fueron los dos triunfadores de los espa\u00f1oles por Europa, en una jornada en la que tambi\u00e9n marc\u00f3 <strong>Roberto Soldado<\/strong> el gol de la victoria del Tottenham. Pero hay que destacar la temporada de <strong>Jonathan Soriano<\/strong>. Esta semana marc\u00f3 en Liga Europa contra el Ajax y d\u00edas despu\u00e9s volvi\u00f3 a hacer tres m\u00e1s. Ya lleva 29 dianas este curso.<\/p>\n<p>Los goles de Soriano no <a href=\"http:\/\/www.grada360.com\/futbol\/20140302\/manchester-city-conquista-copa-201403021708-rc.html\" rel=\"external nofollow\">valieron un t\u00edtulo como los de <strong>Jes\u00fas Navas<\/strong> con el Manchester City<\/a> en la final de la Copa de la Liga que lograron los hombres de Manuel Pellegrini. El centrocampista andaluz salt\u00f3 al terreno de juego en el minuto 57 para hacer la tercera diana de su equipo. <strong>David Silva<\/strong> fue titular y le sustituy\u00f3 en el minuto 77 <strong>Javi Garc\u00eda<\/strong>. <strong>\u00c1lvaro Negredo<\/strong> fue suplente y s\u00f3lo jug\u00f3 tres minutos tras sustituir a Edin Dzeko.<\/p>\n<p>Tambi\u00e9n vio porter\u00eda <strong>Roberto Soldado<\/strong> con el Tottenham y alcanza las seis dianas en la Premier. <a href=\"http:\/\/www.grada360.com\/futbol\/premier-league\/20140302\/soldado-lleva-triunfo-tottenham-201403021954-ag.html\" rel=\"external nofollow\">Su tanto sirvi\u00f3 para dar la victoria a su equipo, que gan\u00f3 1-0 al Cardiff<\/a>.<\/p>\n<p>En el Liverpool, que gan\u00f3 0-3 al Southampton, <strong>Iago Aspas<\/strong> vio el choque con los suplentes y salt\u00f3 al campo cuando quedaban cinco minutos para el final. <strong>Luis Alberto y Jos\u00e9 Enrique<\/strong> no fueron citados por el t\u00e9cnico Brendan Rodgers.<\/p>\n<p>Pese a jugar todo el encuentro, <strong>Santi Cazorla y Mikel Arteta<\/strong> no tuvieron tanta suerte. El Arsenal perdi\u00f3 1-0 en el campo del Stoke City, donde <strong>Marc Muniesa<\/strong> vio el encuentro desde el banquillo.<\/p>\n<p>El portero <strong>Joel Robles<\/strong> no jug\u00f3 ni un minuto con el Everton, mientras que su compa\u00f1ero <strong>Gerard Deulofeu<\/strong> particip\u00f3 en la victoria de su equipo. <strong>Juan Cala<\/strong>, que jug\u00f3 la semana pasada unos minutos, no fue convocado.<\/p>\n<p>En el Swansea, <strong>Chico Flores<\/strong> fue expulsado con roja directa, <strong>\u00c1ngel Rangel<\/strong> fue titular y <strong>Jordi Amat y Jose Ca\u00f1as<\/strong> saltaron al c\u00e9sped desde el banquillo en la segunda parte. <strong>\u00c1lvaro V\u00e1zquez<\/strong> no jug\u00f3 ni un minuto y <strong>Alejandro Pozuelo, Pablo Hern\u00e1ndez y Michu<\/strong> no estuvieron entre los convocados.<\/p>\n<p>En una campeonato menor, el georgiano, tambi\u00e9n brill\u00f3 <strong>Xisco Mu\u00f1oz<\/strong>, que emul\u00f3 a Jonathan Soriano y consigui\u00f3 marcar tres goles con el Dinamo Tiblisi, que gan\u00f3 1-5 al Chikhura.<\/p>\n<p>En Alemania, <strong>Javi Mart\u00ednez y Thiago Alcantara<\/strong> jugaron todo el partido en la goleada del Bayern de M\u00fanich al Schalke 04 (5-1). El segundo vio una tarjeta amarilla. <strong>\u00c1lvaro Dom\u00ednguez<\/strong> fue suplente con el Borussia Monchengladbach, <strong>Andr\u00e9s Palop<\/strong> no fue convocado en el Bayer Leverkusen y <strong>Joselu<\/strong> se qued\u00f3 sin marcar en la primera parte, cuando jug\u00f3 con el Eintracht, que firm\u00f3 un empate sin goles en su estadio ante el Werder Bremen.<\/p>\n<p>En Italia, <strong>Pedro Mba Obiang<\/strong> vio una cartulina amarilla y fue titular en la victoria de su equipo, el Sampdoria, que gan\u00f3 0-2 al Torino. Tambi\u00e9n jug\u00f3 <strong>Keko<\/strong>, que volvi\u00f3 a ser titular tras no serlo en el anterior partido. Jug\u00f3 73 minutos con el Catania y fue sustituido por Sebastian Leto.<\/p>\n<p>En el N\u00e1poles de <strong>Rafael Ben\u00edtez, Jos\u00e9 Callej\u00f3n y Pepe Reina<\/strong> jugaron los noventa minutos del empate del cuadro italiano frente al Livorno (1-1), mientras que <strong>Ra\u00fal Albiol<\/strong> se perdi\u00f3 el encuentro por acumulaci\u00f3n de tarjetas.<\/p>\n<p><a href=\"http:\/\/www.grada360.com\/futbol\/calcio\/20140302\/autogol-reina-hace-tropezar-201403022257-g3.html\" rel=\"external nofollow\"><strong>Reina<\/strong> <\/a>marc\u00f3 en propia puerta el gol que signific\u00f3 el empate para el Livorno en el minuto 39.<\/p>\n<p>En el partido de la jornada en Italia, <a href=\"http:\/\/www.grada360.com\/futbol\/calcio\/20140302\/llorente-tevez-hunden-milan-201403022250-ag.html\" rel=\"external nofollow\">la Juventus se impuso 0-2 al Milan<\/a> con un gol de <strong>Llorente<\/strong>.<\/p>\n<p>En Portugal, <strong>Rodrigo Moreno<\/strong> particip\u00f3 en la victoria del Benfica por 0-1 ante el Belenenses: estuvo sobre el campo 67 minutos.<\/p>\n<p>En Francia, <strong>Borja L\u00f3pez<\/strong> no fue convocado por el M\u00f3naco, que perdi\u00f3 2-0 en su visita al Saint Ettiene.<\/p>\n<p>En Grecia no marc\u00f3 ning\u00fan espa\u00f1ol. <strong>Fernando Usero y Juanma Delgado<\/strong> fueron titulares con el Asteras Tripoli; <strong>\u00c1lvaro Mej\u00eda<\/strong>, con el Ergotelis; <strong>Mariano Gonz\u00e1lez<\/strong> con el Panathinaikos; e <strong>Iv\u00e1n Marcano y Roberto Jim\u00e9nez<\/strong> con el Olympiacos.<!--:--><!--:en--><\/p>\n<p><!--:--><\/p>\n","protected":false},"excerpt":{"rendered":"<p>Jonathan Soriano contin\u00faa con su marcha triunfal en el Salzburgo, marc\u00f3 tres goles al Rapid de Viena y es l\u00edder de la tabla de artilleros en Austria, mientras que Jes\u00fas Navas hizo uno de los tantos de la victoria del Manchester City en la final de la Copa de la Liga inglesa frente al Sunderland [&hellip;]<\/p>\n","protected":false},"author":16779,"featured_media":0,"comment_status":"open","ping_status":"open","sticky":false,"template":"","format":"standard","meta":[],"categories":[1],"tags":[],"_links":{"self":[{"href":"https:\/\/blogs.elnortedecastilla.es\/los-5-momentos-de-nuestros-emigrantes\/wp-json\/wp\/v2\/posts\/150"}],"collection":[{"href":"https:\/\/blogs.elnortedecastilla.es\/los-5-momentos-de-nuestros-emigrantes\/wp-json\/wp\/v2\/posts"}],"about":[{"href":"https:\/\/blogs.elnortedecastilla.es\/los-5-momentos-de-nuestros-emigrantes\/wp-json\/wp\/v2\/types\/post"}],"author":[{"embeddable":true,"href":"https:\/\/blogs.elnortedecastilla.es\/los-5-momentos-de-nuestros-emigrantes\/wp-json\/wp\/v2\/users\/16779"}],"replies":[{"embeddable":true,"href":"https:\/\/blogs.elnortedecastilla.es\/los-5-momentos-de-nuestros-emigrantes\/wp-json\/wp\/v2\/comments?post=150"}],"version-history":[{"count":0,"href":"https:\/\/blogs.elnortedecastilla.es\/los-5-momentos-de-nuestros-emigrantes\/wp-json\/wp\/v2\/posts\/150\/revisions"}],"wp:attachment":[{"href":"https:\/\/blogs.elnortedecastilla.es\/los-5-momentos-de-nuestros-emigrantes\/wp-json\/wp\/v2\/media?parent=150"}],"wp:term":[{"taxonomy":"category","embeddable":true,"href":"https:\/\/blogs.elnortedecastilla.es\/los-5-momentos-de-nuestros-emigrantes\/wp-json\/wp\/v2\/categories?post=150"},{"taxonomy":"post_tag","embeddable":true,"href":"https:\/\/blogs.elnortedecastilla.es\/los-5-momentos-de-nuestros-emigrantes\/wp-json\/wp\/v2\/tags?post=150"}],"curies":[{"name":"wp","href":"https:\/\/api.w.org\/{rel}","templated":true}]}}