{"id":103,"date":"2018-12-09T10:32:16","date_gmt":"2018-12-09T09:32:16","guid":{"rendered":"https:\/\/blogs.elnortedecastilla.es\/miradordeclio\/?p=103"},"modified":"2018-12-09T10:32:16","modified_gmt":"2018-12-09T09:32:16","slug":"politica-liquida","status":"publish","type":"post","link":"https:\/\/blogs.elnortedecastilla.es\/miradordeclio\/2018\/12\/09\/politica-liquida\/","title":{"rendered":"Pol\u00edtica l\u00edquida"},"content":{"rendered":"<p><strong>Pol\u00edtica l\u00edquida<\/strong><\/p>\n<p>Pedro Carasa<\/p>\n<p>A los cuarenta a\u00f1os de la <strong>Constituci\u00f3n<\/strong>, como historiador percibo que se ha <strong>debilitado su sistema pol\u00edtico<\/strong> y <strong>amenazado la unidad<\/strong> territorial de Espa\u00f1a. La crisis pol\u00edtica toca fondo y deja en el sentir popular un poso de <strong>debilidad democr\u00e1tica<\/strong>, un deterioro externo de sus <strong>poderes y partidos<\/strong> y una disoluci\u00f3n interna de varios <strong>conceptos<\/strong> b\u00e1sicos. El periodismo ha <strong>divulgado<\/strong> estas versiones superficiales de los principios pol\u00edticos.<\/p>\n<p>Se ha desgastado la <strong>monarqu\u00eda<\/strong> con la abdicaci\u00f3n y los problemas de la familia real. Han aflorado debilidades en los <strong>poderes legislativos<\/strong> del Estado, incluso un parlamento auton\u00f3mico ha negado la soberan\u00eda de Espa\u00f1a, ha declarado la independencia unilateral y ha desobedecido al TC. Las Cortes han perdido el <strong>consenso territorial<\/strong> de la Constituci\u00f3n y han priorizado los intereses auton\u00f3micos sobre los estatales. En la calle se ha manchado el <strong>prestigio parlamentario<\/strong> y en los esca\u00f1os se ha <strong>degradado<\/strong> el debate con banalidades, expulsiones, insultos y gestos soeces. La <strong>fragmentaci\u00f3n<\/strong> parlamentaria ha practicado alianzas que restan coherencia a la representaci\u00f3n y eficacia al gobierno, ha <strong>mezclado ideolog\u00edas<\/strong> y falseado la intenci\u00f3n de los <strong>votantes<\/strong>. Como dec\u00eda Alberti, el viento pol\u00edtico se ha vuelto loco, ha juntado todas las hojas y confundido las siglas.<\/p>\n<p>Los <strong>partidos mayoritarios<\/strong> han diluido su teor\u00eda representativa y roto su pr\u00e1ctica bipartidista. Amenazados por el <strong>sorpaso<\/strong>, enfermos por <strong>corrupci\u00f3n<\/strong>, <strong>fracturados<\/strong> por dentro, carentes de <strong>l\u00edderes<\/strong>, rodeados por el antifascismo de <strong>CDR<\/strong> y la reconquista de <strong>VOX<\/strong>, solo crean gobiernos <strong>inestables<\/strong>.<\/p>\n<p>Los poderes ejecutivos han gobernado <strong>en funciones<\/strong>, se han enredado en <strong>investiduras <\/strong>indigestas, han sido expulsados del poder por <strong>corruptos<\/strong> y aupados por <strong>mociones de censura<\/strong> sin convocar elecciones. Incapaces de aprobar los presupuestos, se han saltado procedimientos parlamentarios y <strong>gobernado por decreto<\/strong>. Han <strong>dimitido ministros<\/strong> por titulaciones irregulares, han tropezado en grabaciones, redes sociales y pactos contra la democracia. Incluso esta debilidad, tapada con el mantra del di\u00e1logo, les ha <strong>sometido a las condiciones soberanistas.<\/strong><\/p>\n<p>El <strong>poder judicial<\/strong> tambi\u00e9n est\u00e1 herido. Ha empa\u00f1ado la <strong>separaci\u00f3n de poderes<\/strong>, se le ha acusado de politizar la justicia y de <strong>judicializar<\/strong> la pol\u00edtica, y ha sido <strong>enmendado<\/strong> por tribunales <strong>europeos<\/strong> e incluso por el propio ejecutivo. En la situaci\u00f3n cr\u00edtica de la m\u00e1s grave ruptura territorial hist\u00f3rica, la <strong>imagen de la justicia ha sido humillada<\/strong>, el proceso se ha ensuciado en Europa con fugas y <strong>mentiras independentistas<\/strong> y dentro ha soportado pintadas y lazos amarillos de presos pol\u00edticos y exiliados. Otras sentencias de hipotecas y manadas han venido a rematar su prestigio judicial, hasta creer que est\u00e1 <strong>controlado por la banca<\/strong>.<\/p>\n<p>Adem\u00e1s de esta debilidad de los <strong>tres poderes del Estado<\/strong>, en la cultura popular se ha producido un <strong>reblandecimiento<\/strong> de algunos <strong>conceptos <\/strong>constitucionales que podemos denominar <strong>pol\u00edtica l\u00edquida<\/strong>. Proliferan en la calle <strong>t\u00f3picos blandos<\/strong> como que la democracia es meter una papeleta en una <strong>caja de cart\u00f3n<\/strong>, la monarqu\u00eda es una <strong>antigualla din\u00e1stica<\/strong> contraria a la democracia, la soberan\u00eda es la posibilidad de todo pueblo para hacer <strong>lo que quiera sin atenerse a la ley<\/strong>, el parlamento es un escenario donde las <strong>elites corruptas ri\u00f1en<\/strong> por sus intereses.<\/p>\n<p>Esta liquidez afecta a <strong>interpretaciones<\/strong> pol\u00edticas de la <strong>historia<\/strong>: Hay que deshacer la <strong>Transici\u00f3n <\/strong>impuesta por una elite excluyente, s\u00f3lo la <strong>Rep\u00fablica<\/strong> solucion\u00f3 los problemas sociales, el Estado espa\u00f1ol est\u00e1 contaminado por el <strong>franquismo <\/strong>y para arrancarlo hay que <strong>vengar<\/strong> el olvido de los vencidos con la <strong>humillaci\u00f3n<\/strong> de los vencedores.<\/p>\n<p>Han sido el <strong>nacionalismo <\/strong>y el populismo los <strong>causante<\/strong>s de esta liquidez de conceptos. El independentismo ha conseguido <strong>debilitar al Estado<\/strong> <strong>vaciando los conceptos<\/strong> de soberan\u00eda, monarqu\u00eda, democracia, urna, refer\u00e9ndum y separaci\u00f3n de poderes. Desde 1985, la <strong>nefasta ley electoral <\/strong>convirti\u00f3 a las minor\u00edas nacionalistas en bisagra para <strong>depredar competencias y presupuestos <\/strong>y <strong>aliment\u00f3 el soberanismo<\/strong>. Se han usado los <strong>mitos nacionalistas<\/strong>: Un pueblo milenario <strong>superior<\/strong>, una naci\u00f3n basada en etnias, lenguas y <strong>falsedades hist\u00f3ricas<\/strong>, una soberan\u00eda popular que legitima el <strong>refer\u00e9ndum por encima de la ley,<\/strong> una identidad catalana que es <strong>superior a la igualdad<\/strong> de los espa\u00f1oles, un Estado espa\u00f1ol que les <strong>roba<\/strong>, una Constituci\u00f3n autoritaria que les <strong>aprisiona y<\/strong> una independencia unilateral que no es rebeli\u00f3n ni sedici\u00f3n por no usar las armas. Acabamos de ver en Andaluc\u00eda c\u00f3mo estos <strong>mitos nacionalistas<\/strong> catalanes han <strong>movilizado<\/strong> electores.<\/p>\n<p>Tambi\u00e9n el <strong>populismo <\/strong>ha contribuido a la liquidez de la pol\u00edtica. Emergido en la crisis, se dec\u00eda rompedor y <strong>sin af\u00e1n de poder<\/strong>, pero cuando lo abraz\u00f3 <strong>cay\u00f3 en las servidumbres<\/strong> de los viejos partidos. Los populistas han debilitado al Estado dando a la <strong>gente <\/strong>lo que quiere, practicando una <strong>interesada <\/strong>transversalidad ideol\u00f3gica, minando la monarqu\u00eda, criminalizando a la <strong>elite corrupta,<\/strong> diluyendo el concepto de partido pol\u00edtico en <strong>convergencias, mareas<\/strong> y comunes, agitando la calle y haciendo <strong>teatro en el esca\u00f1o<\/strong>.<\/p>\n<p>Si Bauman y Hughes interpretaran este <strong>oscuro panorama<\/strong> con el optimismo de su <strong>pensamiento l\u00edquido<\/strong>, albergar\u00edan la esperanza de que en estas <strong>ruinas de nuestro sistema<\/strong> pol\u00edtico cl\u00e1sico y racional se est\u00e1n sembrando las <strong>semillas <\/strong>de una <strong>nueva cultura pol\u00edtica<\/strong>, adaptada a la nueva realidad social, que mejorar\u00e1 la vida de nuestros nietos. <strong>\u00a1Ojal\u00e1!<\/strong><\/p>\n<p>&nbsp;<\/p>\n<p>Publicado en <em>El Norte de Castilla<\/em> del 8 de diciembre de 2018<\/p>\n","protected":false},"excerpt":{"rendered":"<p>Pol\u00edtica l\u00edquida Pedro Carasa A los cuarenta a\u00f1os de la Constituci\u00f3n, como historiador percibo que se ha debilitado su sistema pol\u00edtico y amenazado la unidad territorial de Espa\u00f1a. La crisis pol\u00edtica toca fondo y deja en el sentir popular un poso de debilidad democr\u00e1tica, un deterioro externo de sus poderes y partidos y una disoluci\u00f3n [&hellip;]<\/p>\n","protected":false},"author":34,"featured_media":0,"comment_status":"open","ping_status":"closed","sticky":false,"template":"","format":"standard","meta":[],"categories":[1],"tags":[],"_links":{"self":[{"href":"https:\/\/blogs.elnortedecastilla.es\/miradordeclio\/wp-json\/wp\/v2\/posts\/103"}],"collection":[{"href":"https:\/\/blogs.elnortedecastilla.es\/miradordeclio\/wp-json\/wp\/v2\/posts"}],"about":[{"href":"https:\/\/blogs.elnortedecastilla.es\/miradordeclio\/wp-json\/wp\/v2\/types\/post"}],"author":[{"embeddable":true,"href":"https:\/\/blogs.elnortedecastilla.es\/miradordeclio\/wp-json\/wp\/v2\/users\/34"}],"replies":[{"embeddable":true,"href":"https:\/\/blogs.elnortedecastilla.es\/miradordeclio\/wp-json\/wp\/v2\/comments?post=103"}],"version-history":[{"count":1,"href":"https:\/\/blogs.elnortedecastilla.es\/miradordeclio\/wp-json\/wp\/v2\/posts\/103\/revisions"}],"predecessor-version":[{"id":104,"href":"https:\/\/blogs.elnortedecastilla.es\/miradordeclio\/wp-json\/wp\/v2\/posts\/103\/revisions\/104"}],"wp:attachment":[{"href":"https:\/\/blogs.elnortedecastilla.es\/miradordeclio\/wp-json\/wp\/v2\/media?parent=103"}],"wp:term":[{"taxonomy":"category","embeddable":true,"href":"https:\/\/blogs.elnortedecastilla.es\/miradordeclio\/wp-json\/wp\/v2\/categories?post=103"},{"taxonomy":"post_tag","embeddable":true,"href":"https:\/\/blogs.elnortedecastilla.es\/miradordeclio\/wp-json\/wp\/v2\/tags?post=103"}],"curies":[{"name":"wp","href":"https:\/\/api.w.org\/{rel}","templated":true}]}}