{"id":105,"date":"2019-01-13T12:44:51","date_gmt":"2019-01-13T11:44:51","guid":{"rendered":"https:\/\/blogs.elnortedecastilla.es\/miradordeclio\/?p=105"},"modified":"2019-01-13T12:44:51","modified_gmt":"2019-01-13T11:44:51","slug":"corredor-de-pueblos-pasillo-de-culturas-ruta-de-pateras","status":"publish","type":"post","link":"https:\/\/blogs.elnortedecastilla.es\/miradordeclio\/2019\/01\/13\/corredor-de-pueblos-pasillo-de-culturas-ruta-de-pateras\/","title":{"rendered":"Corredor de pueblos, pasillo de culturas, ruta de pateras"},"content":{"rendered":"<p style=\"text-align: right;\">Pedro Carasa<strong><\/strong><strong><\/strong><\/p>\n<p><strong>Mover y mezclar personas<\/strong>, razas, pueblos y culturas ha sido <strong>necesario<\/strong> en la historia para sobrevivir con los recursos naturales y climas hostiles. Muchos espacios se enriquecieron con <strong>pasillos de culturas<\/strong> y transmitieron un rico <strong>legado ling\u00fc\u00edstico, religioso y social<\/strong> a su posteridad. Esta movilidad tambi\u00e9n sucedi\u00f3 en nuestro espacio peninsular, con m\u00e1s intensidad en el tiempo <strong>prehist\u00f3rico <\/strong>que en los \u00faltimos diez milenios. Las civilizaciones hist\u00f3ricas <strong>quebraron luego esta herencia<\/strong> con fronteras, exclusiones y guerras generadas sobre todo por los poderes <strong>monote\u00edstas, nacionalistas y coloniales<\/strong>.<\/p>\n<p>Desde hace dos millones y medio de a\u00f1os, la humanidad viene creando <strong>corredores de pueblos<\/strong> y mezclando formas de vida. As\u00ed el <strong>paleol\u00edtico<\/strong> fue el primer y m\u00e1s largo proceso de movimientos del hombre. Hace 1.800.000 a\u00f1os se dio el salto de <strong>\u00c1frica<\/strong> a <strong>Medio Oriente<\/strong>, hace un mill\u00f3n de a\u00f1os lleg\u00f3 a <strong>Europa<\/strong>, hace 900.000 a <strong>Atapuerca<\/strong> y hace 50.000 a <strong>Am\u00e9rica<\/strong>. Cuando el Holoceno (10.000 a\u00f1os) estabiliz\u00f3 el clima, la invenci\u00f3n agr\u00edcola del <strong>neol\u00edtico<\/strong> <strong>sedentariz\u00f3<\/strong> a depredadores y pastores. De esta forma, durante m\u00e1s del 99% del tiempo de formaci\u00f3n de la especie humana, el hombre vivi\u00f3 en un <strong>constante ir y venir<\/strong> para sobrevivir a los cambios clim\u00e1ticos y <strong>progresar<\/strong>.<\/p>\n<p>Las <strong>migraciones<\/strong> fueron alentadas por las <strong>culturas religiosas<\/strong>: La expulsi\u00f3n de Ad\u00e1n por el creador, la tradici\u00f3n jud\u00eda del \u00e9xodo, la tierra prometida, el paso del Mar Rojo, la confusi\u00f3n ling\u00fc\u00edstica de Babel, la huida a Egipto y la h\u00e9gira de Mahoma de La Meca a Medina. En la antig\u00fcedad y el medievo los poderes <strong>religiosos, militares y pol\u00edticos<\/strong> levantaron <strong>fronteras<\/strong> e <strong>imperios<\/strong> y cerraron las ciudades con <strong>murallas<\/strong>. La expansi\u00f3n musulmana abarc\u00f3 tres continentes y provoc\u00f3 <strong>cruzadas<\/strong>, <strong>invasiones<\/strong> y <strong>reconquistas<\/strong> cristianas.<\/p>\n<p>En las edades moderna y contempor\u00e1nea dominaron las <strong>guerras de religi\u00f3n<\/strong> y los excluyentes mitos <strong>nacionalistas<\/strong>, que se envolvieron en <strong>banderas xen\u00f3fobas<\/strong> para aislar a sus enemigos. Am\u00e9rica entera fue conquistada por europeos y poblada por asi\u00e1ticos migrantes. El hombre us\u00f3 la movilidad para <strong>ocupar continentes<\/strong>, explorar espacios y explotarlos <strong>colonialmente<\/strong>. La historia refleja desde entonces constantes movimientos de <strong>cismas<\/strong> eclesi\u00e1sticos, guerras <strong>nacionales<\/strong> y levantamientos de <strong>emancipaci\u00f3n<\/strong>.<\/p>\n<p>Los exterminios <strong>nazi, fascista y sovi\u00e9tico<\/strong> aumentaron los conflictos y <strong>movimientos<\/strong> raciales, religiosos y pol\u00edticos. La <strong>pobreza del tercer mundo<\/strong>, la explotaci\u00f3n racial en \u00c1frica, la repulsa de <strong>gitanos<\/strong> y de <strong>etnias americanas<\/strong> forzaron amplias migraciones. Las <strong>dos guerras mundiales<\/strong> desplazaron y persiguieron a media Europa. La mitad de los migrantes mediterr\u00e1neos de hoy son <strong>refugiados por los conflictos<\/strong> y persecuciones del Medio Oriente y de \u00c1frica, y la otra mitad es <strong>expulsada de los pa\u00edses pobres<\/strong> ante la indiferencia de Occidente. Ahora estos movimientos de poblaci\u00f3n se mezclan igualmente con el <strong>integrismo<\/strong> fan\u00e1tico, el <strong>yihadismo<\/strong> islamista y el <strong>terrorismo<\/strong> religioso.<\/p>\n<p>Tambi\u00e9n la pen\u00ednsula <strong>Ib\u00e9rica<\/strong> fue un corredor de m\u00e1s de <strong>cien pueblos<\/strong> en los \u00faltimos tres mil a\u00f1os. Por el Mediterr\u00e1neo y los Pirineos entraron muchas razas, culturas, religiones y lenguas que perviven en el <strong>substrato<\/strong> de nuestro <strong>diccionario <\/strong>y nuestro <strong>pensamiento<\/strong>. Estamos <strong>hechos de cien culturas<\/strong>: Celta, ibera, tartesa, fenicia, griega, cartaginesa, romana (que someti\u00f3 aqu\u00ed a m\u00e1s de 90 pueblos), visigoda, musulmana y jud\u00eda. Nos enriquecimos luego con la entrada cultural del <strong>Camino de Santiago<\/strong>. Al final, este mosaico fue reconquistado y absorbido por el <strong>monote\u00edsmo cristiano<\/strong>, que <strong>unific\u00f3 <\/strong>la religi\u00f3n <strong>expulsando<\/strong> a jud\u00edos y moriscos.<\/p>\n<p>A partir de este momento, Espa\u00f1a apenas recibi\u00f3 inmigraci\u00f3n. Pero <strong>desde 1985<\/strong> <strong>llegaron razas, lenguas y religiones<\/strong> africanas, del este europeo o iberoamericanas. Al tiempo se increment\u00f3 la entrada del <strong>turismo que cambi\u00f3 la cultura<\/strong> espa\u00f1ola. Crecieron tanto las llegadas a Espa\u00f1a que en 2007 era el <strong>segundo pa\u00eds del mundo en inmigrantes<\/strong> y turistas.<\/p>\n<p>Pero tambi\u00e9n fueron <strong>expulsados muchos peninsulares<\/strong> al exterior. Conquistadores e indianos hasta el siglo XIX salieron a colonizar <strong>Am\u00e9rica<\/strong>. Muchos campesinos marcharon a Europa a duros trabajos agrarios en la <strong>migraci\u00f3n golondrina<\/strong>. La <strong>guerra civil exili\u00f3<\/strong> a m\u00e1s de medio mill\u00f3n. Desde 1960 el <strong>\u00e9xodo rural<\/strong> expuls\u00f3 a otros dos millones de campesinos a las ciudades industriales. <strong>Dos millones<\/strong> de espa\u00f1oles m\u00e1s partieron <strong>a Europa<\/strong>, donde fueron discriminados como franquistas y atrasados.<\/p>\n<p>Nacionalistas y ultraderechistas est\u00e1n creando el <strong>discurso racista<\/strong>, supremacista y <strong>xen\u00f3fobo<\/strong> de que la inmigraci\u00f3n es una cat\u00e1strofe que rompe la econom\u00eda, el mercado laboral, degrada la cultura y extiende el delito. Pero los historiadores creemos que <strong>no es cierto<\/strong>, que sin los migrantes <strong>no habr\u00edamos avanzado<\/strong>, que han contribuido a <strong>mejorar<\/strong> la econom\u00eda, la diversidad social y cultural. Regeneran la natalidad, rejuvenecen la poblaci\u00f3n, nutren el mercado laboral y aportan productividad. Los emigrantes enviaron remesas y los turistas aportaron el 10% del PIB.<\/p>\n<p>La historia nos dice que <strong>somos plurales<\/strong> y de <strong>ricas ra\u00edces<\/strong>, pero que el <strong>fanatismo<\/strong> religioso, identitario e ideol\u00f3gico nos hizo <strong>belicosos, intolerantes y excluyentes<\/strong>. Ante la pasividad del primer mundo occidental y la fractura europea, la interpretaci\u00f3n de las <strong>identidades excluyentes<\/strong>, de los radicalismos pol\u00edticos, de los proteccionismos econ\u00f3micos y de las mafias explotadoras, inventan fantasmas de <strong>miedos, peligros y culpas<\/strong>, y tratan de hacernos ver como tr\u00e1gica y despreciable la espl\u00e9ndida <strong>riqueza cultural y social<\/strong> de pueblos y culturas que nos <strong>regal\u00f3 la historia<\/strong>.<\/p>\n<p>Publicado en <em>El Norte de Castilla<\/em> del s\u00e1bado 12 de enero de 2019<\/p>\n","protected":false},"excerpt":{"rendered":"<p>Pedro Carasa Mover y mezclar personas, razas, pueblos y culturas ha sido necesario en la historia para sobrevivir con los recursos naturales y climas hostiles. Muchos espacios se enriquecieron con pasillos de culturas y transmitieron un rico legado ling\u00fc\u00edstico, religioso y social a su posteridad. Esta movilidad tambi\u00e9n sucedi\u00f3 en nuestro espacio peninsular, con m\u00e1s [&hellip;]<\/p>\n","protected":false},"author":34,"featured_media":0,"comment_status":"open","ping_status":"closed","sticky":false,"template":"","format":"standard","meta":[],"categories":[1],"tags":[],"_links":{"self":[{"href":"https:\/\/blogs.elnortedecastilla.es\/miradordeclio\/wp-json\/wp\/v2\/posts\/105"}],"collection":[{"href":"https:\/\/blogs.elnortedecastilla.es\/miradordeclio\/wp-json\/wp\/v2\/posts"}],"about":[{"href":"https:\/\/blogs.elnortedecastilla.es\/miradordeclio\/wp-json\/wp\/v2\/types\/post"}],"author":[{"embeddable":true,"href":"https:\/\/blogs.elnortedecastilla.es\/miradordeclio\/wp-json\/wp\/v2\/users\/34"}],"replies":[{"embeddable":true,"href":"https:\/\/blogs.elnortedecastilla.es\/miradordeclio\/wp-json\/wp\/v2\/comments?post=105"}],"version-history":[{"count":1,"href":"https:\/\/blogs.elnortedecastilla.es\/miradordeclio\/wp-json\/wp\/v2\/posts\/105\/revisions"}],"predecessor-version":[{"id":106,"href":"https:\/\/blogs.elnortedecastilla.es\/miradordeclio\/wp-json\/wp\/v2\/posts\/105\/revisions\/106"}],"wp:attachment":[{"href":"https:\/\/blogs.elnortedecastilla.es\/miradordeclio\/wp-json\/wp\/v2\/media?parent=105"}],"wp:term":[{"taxonomy":"category","embeddable":true,"href":"https:\/\/blogs.elnortedecastilla.es\/miradordeclio\/wp-json\/wp\/v2\/categories?post=105"},{"taxonomy":"post_tag","embeddable":true,"href":"https:\/\/blogs.elnortedecastilla.es\/miradordeclio\/wp-json\/wp\/v2\/tags?post=105"}],"curies":[{"name":"wp","href":"https:\/\/api.w.org\/{rel}","templated":true}]}}