{"id":110,"date":"2019-03-10T10:30:18","date_gmt":"2019-03-10T09:30:18","guid":{"rendered":"https:\/\/blogs.elnortedecastilla.es\/miradordeclio\/?p=110"},"modified":"2019-03-10T10:30:18","modified_gmt":"2019-03-10T09:30:18","slug":"la-republica-catalana-de-macia-a-torra","status":"publish","type":"post","link":"https:\/\/blogs.elnortedecastilla.es\/miradordeclio\/2019\/03\/10\/la-republica-catalana-de-macia-a-torra\/","title":{"rendered":"La Rep\u00fablica catalana de Maci\u00e0 a Torra"},"content":{"rendered":"<p>Pedro Carasa.<\/p>\n<p>En Espa\u00f1a el <strong>nacionalismo<\/strong> catal\u00e1n ha sido <strong>agresivo<\/strong> cuando el Estado ha padecido situaciones <strong>cr\u00edticas<\/strong>. Sucedi\u00f3 en 1930, cuando la Corona en apuros trat\u00f3 de salvarse al final de la Dictadura de Primo de Rivera. Los <strong>partidos catalanistas, vascos y republicanos<\/strong>, a los que se sum\u00f3 el <strong>PSOE<\/strong>, aprovecharon esa debilidad y formaron el <strong>Pacto de San Sebasti\u00e1n<\/strong> (sin papeles) para expulsar a Alfonso XIII y abrir la puerta a la Rep\u00fablica, que gan\u00f3 las elecciones municipales el 14 de abril de 1931. <strong>Maci\u00e0<\/strong>, fundador de <strong>Esquerra Republicana<\/strong> de Catalunya que gan\u00f3 los comicios, inmediatamente <strong>proclam\u00f3 la Rep\u00fablica Catalana<\/strong> desde el Palacio de la Generalidad.<\/p>\n<p>No es igual la Espa\u00f1a de hoy, pero s\u00ed est\u00e1 presente el <strong>escaso vigor del Estado<\/strong> y la estrategia del <strong>\u201cpacto\u201d catalanista<\/strong>. Desde 1978 el Estado espa\u00f1ol viene siendo <strong>despojado de poder <\/strong>por las <strong>Autonom\u00edas<\/strong>. Los nacionalismos, como bisagras del bipartidismo, <strong>depredaron presupuestos y competencias<\/strong> en las cuatro \u00faltimas d\u00e9cadas. Por esa raz\u00f3n, entre otras, se han desbocado hacia <strong>la independencia<\/strong> las nacionalidades mal llamadas <strong>hist\u00f3ricas.<\/strong><\/p>\n<p>Tras la profunda crisis econ\u00f3mica, el <strong>15M<\/strong> acentu\u00f3 la cr\u00edtica al Estado, se <strong>banaliz\u00f3 la cultura pol\u00edtica<\/strong>, se <strong>burl\u00f3 de la representaci\u00f3n<\/strong> parlamentaria, los partidos acabaron <strong>corruptos<\/strong> y el Estado tuvo <strong>escasa presencia<\/strong> en las Autonom\u00edas. Tras <strong>fracasar su regeneraci\u00f3n<\/strong> democr\u00e1tica, se <strong>desgarraron<\/strong> los dos grandes partidos, algunos pol\u00edticos su<strong>bordinaron la ley<\/strong> a la voluntad de la gente, el Parlamento se enred\u00f3 en <strong>bloques de poder<\/strong> partidista y <strong>no legisl\u00f3<\/strong> sobre la realidad social. La poblaci\u00f3n se <strong>desencant\u00f3<\/strong> del Estado, del Gobierno, de las C\u00e1maras parlamentarias, del Consejo del Poder Judicial, de los Tribunales y de los partidos pol\u00edticos. Ha <strong>perdido la confianza<\/strong> en su gesti\u00f3n pol\u00edtica y puede sentirse <strong>tentada a no participar<\/strong> en las elecciones.<\/p>\n<p>Las <strong>investiduras in extremis<\/strong> generaron gobiernos muy inestables que debieron <strong>legislar por decreto<\/strong>. La \u00faltima <strong>moci\u00f3n de censura<\/strong> fue la oportunidad de oro que los independentistas <strong>aprovecharon <\/strong>para aupara al poder a un partido <strong>en crisis y resistencia<\/strong> que necesitaba pactos para <strong>sobrevivir<\/strong>. Se <strong>rompi\u00f3 as\u00ed el bloque constitucionalista<\/strong> y se <strong>agot\u00f3 <\/strong>la etapa hist\u00f3rica del consenso y la <strong>reconciliaci\u00f3n<\/strong> de la Transici\u00f3n.<\/p>\n<p>El Parlamento fracturado <strong>no ha abordado<\/strong> el problema catal\u00e1n. Pedro S\u00e1nchez, tras la excusa del rechazo independentista de los presupuestos, convoc\u00f3 tarde las elecciones, s\u00f3lo cuando esperaba un triunfo <strong>beneficioso para ambos<\/strong>. Porque el <strong>proc\u00e9s necesita<\/strong> la mayor\u00eda sanchista para seguir <strong>pactando<\/strong> despu\u00e9s de las elecciones.<\/p>\n<p>Los partidos pol\u00edticos <strong>no fueron convocados<\/strong> a los pactos de trastienda entre presidentes y <strong>mediadore<\/strong>s. Rajoy trat\u00f3 de solucionarlo con el art. 155 y con el Tribunal Supremo. Pero el resistente S\u00e1nchez prefiri\u00f3 oxigenar su asfixia monologando con los soberanistas que le hab\u00edan avalado, quedando as\u00ed <strong>cautivo del pacto catal\u00e1n<\/strong>.<\/p>\n<p>El presidente<strong>, reh\u00e9n o c\u00f3mplice<\/strong> del rechazo soberanista a los presupuestos, resisti\u00f3 diciendo que hay <strong>derrotas parlamentarias<\/strong> que son <strong>victorias sociales<\/strong>. La frase estaba envenenada, tal vez quer\u00eda decir que las <strong>soluciones estaban fuera del hemiciclo<\/strong>, o que <strong>desconfiaba de la representaci\u00f3n<\/strong> social del Parlamento, o que confiaba m\u00e1s en <strong>s\u00ed mismo<\/strong> y en la <strong>calle.<\/strong> En todo caso, recordaba a los i<strong>ndignados<\/strong> gritando \u00a1No nos representan!<\/p>\n<p>Ya en campa\u00f1a electoral, el Supremo celebra un <strong>juicio controvertido<\/strong>, que para los catalanes <strong>reprime a presos pol\u00edticos<\/strong> y exiliados, para los europeos pretende una <strong>rebeli\u00f3n excesiva<\/strong> y para la mitad de los espa\u00f1oles <strong>juzga delitos<\/strong> contra la Constituci\u00f3n.<\/p>\n<p>El <strong>independentismo <\/strong>se ha convertido en el <strong>eje<\/strong> de las pr\u00f3ximas elecciones y ha llevado <strong>el agua a su terreno<\/strong>. Como hiciera Maci\u00e0, Torra busca otro <strong>pacto sin papeles<\/strong> para salirse de la Espa\u00f1a mon\u00e1rquica y <strong>crear la Rep\u00fablica<\/strong> catalana. La fragmentaci\u00f3n y debilidad de los poderes del Estado y de los partidos pol\u00edticos han ofrecido a los soberanistas un <strong>escenario \u00fatil<\/strong> para su <strong>proc\u00e9s<\/strong>, casi un <strong>refer\u00e9ndum camuflado<\/strong> bajo elecciones generales. Los mon\u00f3logos entre S\u00e1nchez y los separatistas han <strong>despertado al espa\u00f1olismo ultraderechista<\/strong> que a\u00f1ade a la campa\u00f1a electoral una disyuntiva <strong>simplista y maniquea<\/strong>.<\/p>\n<p>Los partidos constitucionalistas <strong>no se muestran seguros ni unidos<\/strong> para defender la Espa\u00f1a auton\u00f3mica y democr\u00e1tica. El pacto soberanista plantea una Espa\u00f1a <strong>multinacional y pluriestatal. <\/strong>La ultraderecha nos retrotrae al <strong>espa\u00f1olismo franquista<\/strong>. Pero la soluci\u00f3n no es una <strong>autodeterminaci\u00f3n<\/strong>, ni una <strong>sentencia judicial<\/strong>, ni una marea violenta de banderas, ni el <strong>ej\u00e9rcito<\/strong> en la Diagonal. Ning\u00fan pol\u00edtico se ha atrevido a decir que la <strong>\u00fanica soluci\u00f3n posible es una coalici\u00f3n pol\u00edtica de todos para reformar la Constituci\u00f3n. <\/strong><\/p>\n<p>Hist\u00f3ricamente ha sido tr\u00e1gico elegir entre <strong>varias Espa\u00f1as<\/strong>. Escuchar la algarab\u00eda de partidos enzarzados en crispaciones y guerras sucias nos evoca los <strong>fantasmas<\/strong> del <strong>Duelo a garrotazos<\/strong> de Goya, la <strong>Semana Tr\u00e1gica<\/strong>, el Pacto de San Sebasti\u00e1n, el <strong>Frente Popular<\/strong>, el <strong>18 de julio<\/strong>, Blas Pi\u00f1ar y el <strong>23-F,<\/strong> que recuerdan el <strong>drama de las dos Espa\u00f1as<\/strong>.<\/p>\n<p>En los pr\u00f3ximos cien d\u00edas nos puede estremecer un <strong>ritmo trepidante<\/strong> de s<strong>entencias <\/strong>importantes, <strong>elecciones inciertas<\/strong> y <strong>pactos inquietantes<\/strong>. Pero no recibimos de los pol\u00edticos el mensaje elemental y contundente que necesitamos: La democracia no es <strong>partirse la cara por unas urnas en la calle<\/strong>, es <strong>cumplir las leyes<\/strong> votadas por los parlamentarios y las s<strong>entencias <\/strong>de los tribunales.<\/p>\n<p>Editado en la edici\u00f3n impresa de <em>El Norte de Castilla<\/em> del 9 de marzo de 2019<\/p>\n","protected":false},"excerpt":{"rendered":"<p>Pedro Carasa. En Espa\u00f1a el nacionalismo catal\u00e1n ha sido agresivo cuando el Estado ha padecido situaciones cr\u00edticas. Sucedi\u00f3 en 1930, cuando la Corona en apuros trat\u00f3 de salvarse al final de la Dictadura de Primo de Rivera. Los partidos catalanistas, vascos y republicanos, a los que se sum\u00f3 el PSOE, aprovecharon esa debilidad y formaron [&hellip;]<\/p>\n","protected":false},"author":34,"featured_media":0,"comment_status":"open","ping_status":"closed","sticky":false,"template":"","format":"standard","meta":[],"categories":[1],"tags":[],"_links":{"self":[{"href":"https:\/\/blogs.elnortedecastilla.es\/miradordeclio\/wp-json\/wp\/v2\/posts\/110"}],"collection":[{"href":"https:\/\/blogs.elnortedecastilla.es\/miradordeclio\/wp-json\/wp\/v2\/posts"}],"about":[{"href":"https:\/\/blogs.elnortedecastilla.es\/miradordeclio\/wp-json\/wp\/v2\/types\/post"}],"author":[{"embeddable":true,"href":"https:\/\/blogs.elnortedecastilla.es\/miradordeclio\/wp-json\/wp\/v2\/users\/34"}],"replies":[{"embeddable":true,"href":"https:\/\/blogs.elnortedecastilla.es\/miradordeclio\/wp-json\/wp\/v2\/comments?post=110"}],"version-history":[{"count":1,"href":"https:\/\/blogs.elnortedecastilla.es\/miradordeclio\/wp-json\/wp\/v2\/posts\/110\/revisions"}],"predecessor-version":[{"id":111,"href":"https:\/\/blogs.elnortedecastilla.es\/miradordeclio\/wp-json\/wp\/v2\/posts\/110\/revisions\/111"}],"wp:attachment":[{"href":"https:\/\/blogs.elnortedecastilla.es\/miradordeclio\/wp-json\/wp\/v2\/media?parent=110"}],"wp:term":[{"taxonomy":"category","embeddable":true,"href":"https:\/\/blogs.elnortedecastilla.es\/miradordeclio\/wp-json\/wp\/v2\/categories?post=110"},{"taxonomy":"post_tag","embeddable":true,"href":"https:\/\/blogs.elnortedecastilla.es\/miradordeclio\/wp-json\/wp\/v2\/tags?post=110"}],"curies":[{"name":"wp","href":"https:\/\/api.w.org\/{rel}","templated":true}]}}