{"id":124,"date":"2019-11-10T12:26:47","date_gmt":"2019-11-10T11:26:47","guid":{"rendered":"https:\/\/blogs.elnortedecastilla.es\/miradordeclio\/?p=124"},"modified":"2019-11-10T12:26:47","modified_gmt":"2019-11-10T11:26:47","slug":"es-la-escuela-estupido","status":"publish","type":"post","link":"https:\/\/blogs.elnortedecastilla.es\/miradordeclio\/2019\/11\/10\/es-la-escuela-estupido\/","title":{"rendered":"\u00a1Es la escuela, est\u00fapido!"},"content":{"rendered":"<p>Le digo a usted <strong>mi verdad<\/strong>, dec\u00eda la sensata t\u00eda Ignacia de mi pueblo. Los <strong>historiadores<\/strong> tienen tambi\u00e9n <strong>su verdad<\/strong> cuando interpretan los hechos seg\u00fan sus ideas, afectos o intereses. El <strong>poder<\/strong> tiene <strong>su verdad<\/strong> y la ense\u00f1a en la <strong>escuela<\/strong> con relatos hist\u00f3ricos y actuales dirigidos a formar un esp\u00edritu nacional en sus ciudadanos.<br \/>\nTodo <strong>poder nacionalista<\/strong> necesita una <strong>historia nacional<\/strong>, la investiga en el archivo <strong>nacional<\/strong>, la inculca en la escuela <strong>nacional<\/strong> y la difunde en la prensa y televisi\u00f3n <strong>nacional<\/strong>. Adoctrina al elegir e interpretar los hechos hist\u00f3ricos adecuados para crear seguidores creyentes en su <strong>plan nacional<\/strong>. Porque un l<strong>ibro de historia<\/strong> influido por el poder es m\u00e1s <strong>\u00fatil para conquistar<\/strong> una sociedad que los batallones de su ej\u00e9rcito. Imponer una <strong>lengua<\/strong> resulta <strong>m\u00e1s efectivo<\/strong> para convencer a una comunidad que usar las armas militares.<br \/>\nTodo cham\u00e1n us\u00f3 mensajes y elecciones divinas para mover a sus adeptos. Los <strong>monote\u00edsmos<\/strong> hicieron pros\u00e9litos con biblias y coranes llenos de <strong>historias<\/strong> de pueblos elegidos, profetas, mes\u00edas, ap\u00f3stoles, \u00e9xodos, persecuciones, guerras santas y cruzadas. Her\u00f3doto, <strong>el padre de la historia<\/strong>, relat\u00f3 las victorias de los griegos sobre los persas para <strong>ensalzar su poder pol\u00edtico<\/strong>. Espa\u00f1a conquist\u00f3 Am\u00e9rica imponiendo su lengua, su religi\u00f3n y sus costumbres.<br \/>\nEl racionalismo bas\u00f3 la historia en el hombre y no en mitos ni misiones divinas. Por eso los e<strong>stados emergentes<\/strong> del XIX necesitaron <strong>historias nacionales<\/strong> para inculcar el origen y la <strong>obediencia a la naci\u00f3n<\/strong>. Al <strong>Archivo<\/strong> de Simancas acudieron desde 1844 embajadores, bibliotecarios y archiveros de los estados de Europa y Am\u00e9rica para formar colecciones de d<strong>ocumentos nacionales,<\/strong> redactar <strong>historias nacionales<\/strong>, justificar sus procesos de <strong>unificaci\u00f3n nacional<\/strong> y construir en sus ciudadanos una c<strong>onciencia nacional.<\/strong> Al fin, la historia nacional que a todos nos ense\u00f1aron sirvi\u00f3 de <strong>cimiento cultural<\/strong> de los edificios pol\u00edticos.<br \/>\nTambi\u00e9n <strong>Espa\u00f1a<\/strong> cre\u00f3 una colecci\u00f3n de documentos nacionales, un <strong>archivo<\/strong> nacional, una <strong>biblioteca<\/strong> nacional y una <strong>escuela<\/strong> nacional para ense\u00f1ar una <strong>historia<\/strong> nacional y formar espa\u00f1oles <strong>patriotas<\/strong> amantes de su naci\u00f3n. <strong>Lafuente<\/strong>, <strong>C\u00e1novas<\/strong> (que bas\u00f3 su r\u00e9gimen en la historia de la monarqu\u00eda), <strong>Men\u00e9ndez Pelayo<\/strong>, Altamira, Am\u00e9rico Castro o Men\u00e9ndez Pidal construyeron nuestra <strong>historia nacional<\/strong>, no exenta de crisis de identidad y debates sobre sus ra\u00edces jud\u00eda, musulmana y cristiana. Pero aqu\u00ed no se consigui\u00f3 imponer, como en Francia, un \u00fanico relato nacional, porque el <strong>d\u00e9bil Estado espa\u00f1ol<\/strong> coincidi\u00f3 con otros n<strong>acionalismos internos<\/strong> difusores de relatos <strong>m\u00e1s adoctrinadores<\/strong> que el suyo. <strong>Arana<\/strong> y <strong>Bofarull<\/strong> propalaron sus historias nacionalistas <strong>vasca y catalana<\/strong>, llenas de or\u00edgenes <strong>m\u00edticos<\/strong>, reinos <strong>inventados<\/strong>, razas, lenguas y fueros <strong>superiores.<\/strong><br \/>\n<strong>Franco adoctrin\u00f3<\/strong> y us\u00f3 la historia para predicar la <strong>superioridad espiritual<\/strong> de Espa\u00f1a como luz de Occidente. Falangistas y nacionalcat\u00f3licos exaltaron la <strong>guerra civil<\/strong> como una <strong>cruzada<\/strong>. En las escuelas las <strong>enciclopedias nacionales<\/strong> de Hijos de Santiago Rodr\u00edguez, \u00c1lvarez, Florido Pensil y la historia sagrada de P\u00e9rez de Urbel nos inyectaron el <strong>esp\u00edritu nacional<\/strong> mediante un relato que subrayaba las <strong>esencias espa\u00f1olas<\/strong> de la reconquista, el descubrimiento, el imperio cat\u00f3lico y el siglo de oro, como <strong>ra\u00edces de la Nueva Espa\u00f1a<\/strong>.<br \/>\nContinuaron <strong>aleccionando<\/strong> la Transici\u00f3n al conmemorar la historia de la<strong> monarqu\u00eda<\/strong> como medio de reconciliaci\u00f3n, los materialistas al recuperar los <strong>movimientos sociales<\/strong> y los liberales revalorizando los<strong> partidos<\/strong> y las <strong>constituciones,<\/strong> antes prohibidos por el franquismo. Hoy la democracia rescata a los <strong>vencidos en la guerra civil<\/strong>, dicta una ley de <strong>memoria hist\u00f3rica<\/strong> para salvar la dignidad de los perseguidos y<strong> exhuma<\/strong> a Franco.<br \/>\nLa educaci\u00f3n <strong>auton\u00f3mica<\/strong> sustituy\u00f3 la historia de Espa\u00f1a por <strong>17 relatos nacionalistas o regionalistas<\/strong>. Contra el fin educativo de desarrollar la persona y superar desigualdades familiares y sociales, el nacionalismo adoctrin\u00f3 para e<strong>nsalzar lo propio<\/strong> y <strong>excluir lo com\u00fan.<\/strong> <strong>Modific\u00f3 los libros<\/strong> de geograf\u00eda e historia para subrayar sus or\u00edgenes, personajes, instituciones y valores al margen de lo espa\u00f1ol, present\u00f3 al <strong>vecino<\/strong> como <strong>enemigo<\/strong>, cre\u00f3 v\u00edctimas y verdugos y ahond\u00f3 la <strong>desigualdad<\/strong> de los espa\u00f1oles. Sus libros de texto han narrado <strong>crasos errores hist\u00f3ricos<\/strong>, inventado reinos, tergiversado acontecimientos, <strong>manipulado documentos<\/strong>, eliminado marcos y leyes estatales. Con la <strong>inmersi\u00f3n ling\u00fc\u00edstica<\/strong> marginaron al espa\u00f1ol y lograron que los castellanohablantes tuvieran <strong>doble fracaso escolar<\/strong> que los catalanoparlantes. Crearon un fondo de <strong>desprecio a Espa\u00f1a<\/strong> y a sus s\u00edmbolos nacido de su <strong>complejo de superioridad<\/strong> \u00e9tnica y moral.<br \/>\nEl Estado estuvo <strong>ausente<\/strong> de estos espacios y <strong>tolerante<\/strong> con estos excesos. Los <strong>partidos<\/strong> nacionalistas <strong>bisagra<\/strong> <strong>inhibieron<\/strong> las competencias estatales, conferencias sectoriales, alta inspecci\u00f3n, consejos escolares y formaci\u00f3n de profesores. Hoy los <strong>rectores<\/strong> catalanes se manifiestan contra el TS, modifican la<strong> evaluaci\u00f3n<\/strong> para empujar el independentismo y <strong>no condenan<\/strong> la violencia f\u00edsica y moral de los estudiantes. Si el <strong>origen de Vox<\/strong> fue la <strong>escuela de Franco<\/strong>, el origen de <strong>los CDR<\/strong>, los estudiantes <strong>independentistas<\/strong> y el <strong>manifiesto<\/strong> de los rectores fue la <strong>escuela de Pujol<\/strong> consentida por Gonz\u00e1lez y Aznar.<br \/>\nEl <strong>poder<\/strong> inocula siempre en la escuela una historia y un <strong>esp\u00edritu nacional,<\/strong> sea europeo, espa\u00f1ol, vasco o catal\u00e1n. De esas lluvias y polvos vienen ciertos lodos. \u00a1Es la <strong>escuela<\/strong>, est\u00fapido!<\/p>\n<p>Editado en <em>El Norte de Castilla<\/em> del s\u00e1bado, d\u00eda 9 de noviembre de 2019.<\/p>\n","protected":false},"excerpt":{"rendered":"<p>Le digo a usted mi verdad, dec\u00eda la sensata t\u00eda Ignacia de mi pueblo. Los historiadores tienen tambi\u00e9n su verdad cuando interpretan los hechos seg\u00fan sus ideas, afectos o intereses. El poder tiene su verdad y la ense\u00f1a en la escuela con relatos hist\u00f3ricos y actuales dirigidos a formar un esp\u00edritu nacional en sus ciudadanos. [&hellip;]<\/p>\n","protected":false},"author":34,"featured_media":0,"comment_status":"open","ping_status":"closed","sticky":false,"template":"","format":"standard","meta":[],"categories":[1],"tags":[],"_links":{"self":[{"href":"https:\/\/blogs.elnortedecastilla.es\/miradordeclio\/wp-json\/wp\/v2\/posts\/124"}],"collection":[{"href":"https:\/\/blogs.elnortedecastilla.es\/miradordeclio\/wp-json\/wp\/v2\/posts"}],"about":[{"href":"https:\/\/blogs.elnortedecastilla.es\/miradordeclio\/wp-json\/wp\/v2\/types\/post"}],"author":[{"embeddable":true,"href":"https:\/\/blogs.elnortedecastilla.es\/miradordeclio\/wp-json\/wp\/v2\/users\/34"}],"replies":[{"embeddable":true,"href":"https:\/\/blogs.elnortedecastilla.es\/miradordeclio\/wp-json\/wp\/v2\/comments?post=124"}],"version-history":[{"count":1,"href":"https:\/\/blogs.elnortedecastilla.es\/miradordeclio\/wp-json\/wp\/v2\/posts\/124\/revisions"}],"predecessor-version":[{"id":125,"href":"https:\/\/blogs.elnortedecastilla.es\/miradordeclio\/wp-json\/wp\/v2\/posts\/124\/revisions\/125"}],"wp:attachment":[{"href":"https:\/\/blogs.elnortedecastilla.es\/miradordeclio\/wp-json\/wp\/v2\/media?parent=124"}],"wp:term":[{"taxonomy":"category","embeddable":true,"href":"https:\/\/blogs.elnortedecastilla.es\/miradordeclio\/wp-json\/wp\/v2\/categories?post=124"},{"taxonomy":"post_tag","embeddable":true,"href":"https:\/\/blogs.elnortedecastilla.es\/miradordeclio\/wp-json\/wp\/v2\/tags?post=124"}],"curies":[{"name":"wp","href":"https:\/\/api.w.org\/{rel}","templated":true}]}}