{"id":128,"date":"2020-01-12T08:57:16","date_gmt":"2020-01-12T07:57:16","guid":{"rendered":"https:\/\/blogs.elnortedecastilla.es\/miradordeclio\/?p=128"},"modified":"2020-01-12T08:57:16","modified_gmt":"2020-01-12T07:57:16","slug":"posperos-anos-veinte","status":"publish","type":"post","link":"https:\/\/blogs.elnortedecastilla.es\/miradordeclio\/2020\/01\/12\/posperos-anos-veinte\/","title":{"rendered":"\u00bfP\u00f3speros A\u00f1os Veinte?"},"content":{"rendered":"<p>\u00bfPR\u00d3SPEROS A\u00d1OS VEINTE?<br \/>\nPEDRO CARASA<br \/>\nToda crisis ofrece la oportunidad, no solo de hacer catarsis del pasado, sino de crear genios adelantados a su tiempo para descubrir y asimilar lo nuevo que est\u00e1 naciendo.<\/p>\n<p>La historia avanza enlazada por crisis y etapas de prosperidad que se retroalimentan y necesitan. Hace cien a\u00f1os se pas\u00f3 de la Semana Tr\u00e1gica de 1909, la Gran Guerra del 14, la crisis de 1917, la gripe del 18 y el combativo Trienio Bolchevique, a la d\u00e9cada de la prosperity de los felices a\u00f1os veinte. Torn\u00f3 despu\u00e9s la gran depresi\u00f3n del 29, escenario de la crisis de Estado entre Dictadura y Segunda Rep\u00fablica, y sigui\u00f3 la Guerra Civil que sepult\u00f3 la democracia.<br \/>\nAl salir de la crisis de 2008, nos creemos hoy en camino hacia la d\u00e9cada de otros felices a\u00f1os veinte. Pero nos rodea un mundo l\u00edquido e incierto que borra seguridades y crea conflictos, nos inquieta la crisis clim\u00e1tica, nos complican las frentistas apuestas electorales de nacionalistas, populistas y ultras como Trump, Bolsonaro, Salvini, Puigdemont o Torra.<br \/>\nSi oteamos nuestra meseta y analizamos el legado dejado por la crisis, se ve insegura la prosperidad de los a\u00f1os veinte. Varios indicadores demogr\u00e1ficos, econ\u00f3micos, de bienestar social, de calidad de vida y de cultura de Castilla y Le\u00f3n siguen atascados en torno a la media nacional desde 1983 y se frenaron desde 2008.<br \/>\nLa comunidad es demogr\u00e1ficamente est\u00e9ril, sus generaciones se desequilibran y el envejecimiento se acelera. En general, la juventud encuentra aqu\u00ed poca salida laboral y escasa promoci\u00f3n social. El mercado de trabajo se deteriora, no hay oportunidades de empleo, el alza salarial de los que salen triplica a los que se quedan. Emigran los mejores talentos (cien mil j\u00f3venes salieron a trabajar fuera en esta d\u00e9cada) e inmigran los m\u00e1s necesitados. Tanto desean el retorno que los j\u00f3venes castellanos que trabajan en Madrid se han asociado para promoverlo.<br \/>\nEl cacareado m\u00fasculo financiero regional se derrumb\u00f3 y las Cajas corruptas empobrecieron a los hipotecados. La producci\u00f3n industrial de 2015-19 se alej\u00f3 algo de la media nacional, la industria automovil\u00edstica atraviesa hoy una compleja transici\u00f3n energ\u00e9tica y caen sus ventas un 5%. Hay menos empresarios e inversores y la peque\u00f1a y mediana empresa sufre dificultades. A su vez, el peque\u00f1o comercio tambi\u00e9n padece para sobrevivir.<br \/>\nA pesar de la PAC, agricultores y ganaderos est\u00e1n aquejados y quejosos. El acentuado declive del mundo rural ha centrado el clamor de la Espa\u00f1a vaciada en la meseta, mientras sus pol\u00edticos no lo ven como un acuciante problema propio. La administraci\u00f3n local es cara y poco eficaz, muchos min\u00fasculos ayuntamientos y n\u00facleos rurales dispersos no pueden asegurar los servicios sociales b\u00e1sicos. A\u00fan las Cortes no han logrado acordar una ordenaci\u00f3n territorial eficiente.<br \/>\nNo hay pol\u00edtica ambiental que mantenga de forma sostenible los montes y el agua. El medio natural mesetario, ya pobre en ventajas h\u00eddricas y clim\u00e1ticas, ha perdido muchas defensas naturales por las sequ\u00edas, avenidas, incendios que est\u00e1n reduciendo la biodiversidad sostenible.,<br \/>\nTambi\u00e9n el Estado de Bienestar ha sufrido en la crisis recortes en ense\u00f1anza y sanidad que levantaron mareas verdes y blancas. Las ayudas a la familia han sido insuficientes. No se ha corregido el analfabetismo digital de los mayores ni el desierto rural de Internet.<br \/>\nEn pol\u00edtica, el cansino gobierno regional de tres d\u00e9cadas cometi\u00f3 casos de corrupci\u00f3n y clientelismo que siguen bajo la alfombra y han alimentando una actitud pol\u00edtica de resignado continuismo. Los partidos y l\u00edderes pol\u00edticos no han sido relevantes ni muy activos ante los d\u00e9ficits sociales y econ\u00f3micos de la crisis.<br \/>\nLa identidad castellana y leonesa anda por los suelos y se ha roto la convivencia regional por el provincianismo, el populismo localista y el victimismo irredento que se atrevi\u00f3 a gritar \u00ab\u00a1Qu\u00e9 maravilla, Le\u00f3n sin Castilla!\u00bb. La Fundaci\u00f3n Villalar se ha debilitado por no consolidar la imagen identitaria, lo mismo que la campa de Villalar, desgarrada por segovianismo, leonesismo, burgalesismo o vallisoletanismo.<br \/>\nLas nueve universidades de la regi\u00f3n son excesivas y deber\u00edan fundirse, pero siguen desconectadas entre s\u00ed y en la segunda mitad de los rankings espa\u00f1oles, europeos y mundiales. Separadas no logran destacar en docencia ni investigaci\u00f3n, el plan de Bolonia no las ha mejorado mucho y su acceso a proyectos internacionales de I+D+i es limitado.<br \/>\nLa televisi\u00f3n regional es percibida como localista, poco cr\u00edtica y seguidista de los poderes dominantes, atenta a m\u00fasicas, fiestas y folklores, pero alejada de los movimientos y problemas regionales m\u00e1s actuales. La programaci\u00f3n cultural de ayuntamientos abunda en mercadillos, tapas y pe\u00f1as. Por su parte, la sociedad no genera organizaciones culturales cr\u00edticas y basa su ocio en deportes de masa y concursos de pinchos.<br \/>\nNuestro excelente patrimonio es tratado solo como recurso tur\u00edstico, carece de medios de investigaci\u00f3n, restauraci\u00f3n y mantenimiento a su altura, pues ni el Gobierno ni las universidades consiguieron ubicar aqu\u00ed un Centro Nacional de Investigaci\u00f3n y Conservaci\u00f3n del Patrimonio.<br \/>\nLa experiencia de la crisis y el cambio de d\u00e9cada nos exigen un nuevo rumbo, no solo para superar esos viejos retos pendientes, sino para innovar y anticiparse a los dif\u00edciles y apasionantes cambios sociales y culturales futuros. Toda crisis ofrece la oportunidad, no solo de hacer catarsis del pasado, sino de crear genios adelantados a su tiempo para descubrir y asimilar lo nuevo que est\u00e1 naciendo. \u00bfHemos aprendido los dos consejos?<br \/>\nAh, se me olvidaba, les deseo un pr\u00f3spero 2020.<\/p>\n<p>Editado en El Nort4e de Castilla del s\u00e1bado, d\u00eda 11 de enero de 2020<\/p>\n","protected":false},"excerpt":{"rendered":"<p>\u00bfPR\u00d3SPEROS A\u00d1OS VEINTE? PEDRO CARASA Toda crisis ofrece la oportunidad, no solo de hacer catarsis del pasado, sino de crear genios adelantados a su tiempo para descubrir y asimilar lo nuevo que est\u00e1 naciendo. La historia avanza enlazada por crisis y etapas de prosperidad que se retroalimentan y necesitan. Hace cien a\u00f1os se pas\u00f3 de [&hellip;]<\/p>\n","protected":false},"author":34,"featured_media":0,"comment_status":"open","ping_status":"closed","sticky":false,"template":"","format":"standard","meta":[],"categories":[1],"tags":[],"_links":{"self":[{"href":"https:\/\/blogs.elnortedecastilla.es\/miradordeclio\/wp-json\/wp\/v2\/posts\/128"}],"collection":[{"href":"https:\/\/blogs.elnortedecastilla.es\/miradordeclio\/wp-json\/wp\/v2\/posts"}],"about":[{"href":"https:\/\/blogs.elnortedecastilla.es\/miradordeclio\/wp-json\/wp\/v2\/types\/post"}],"author":[{"embeddable":true,"href":"https:\/\/blogs.elnortedecastilla.es\/miradordeclio\/wp-json\/wp\/v2\/users\/34"}],"replies":[{"embeddable":true,"href":"https:\/\/blogs.elnortedecastilla.es\/miradordeclio\/wp-json\/wp\/v2\/comments?post=128"}],"version-history":[{"count":1,"href":"https:\/\/blogs.elnortedecastilla.es\/miradordeclio\/wp-json\/wp\/v2\/posts\/128\/revisions"}],"predecessor-version":[{"id":129,"href":"https:\/\/blogs.elnortedecastilla.es\/miradordeclio\/wp-json\/wp\/v2\/posts\/128\/revisions\/129"}],"wp:attachment":[{"href":"https:\/\/blogs.elnortedecastilla.es\/miradordeclio\/wp-json\/wp\/v2\/media?parent=128"}],"wp:term":[{"taxonomy":"category","embeddable":true,"href":"https:\/\/blogs.elnortedecastilla.es\/miradordeclio\/wp-json\/wp\/v2\/categories?post=128"},{"taxonomy":"post_tag","embeddable":true,"href":"https:\/\/blogs.elnortedecastilla.es\/miradordeclio\/wp-json\/wp\/v2\/tags?post=128"}],"curies":[{"name":"wp","href":"https:\/\/api.w.org\/{rel}","templated":true}]}}