{"id":130,"date":"2020-02-17T09:32:23","date_gmt":"2020-02-17T08:32:23","guid":{"rendered":"https:\/\/blogs.elnortedecastilla.es\/miradordeclio\/?p=130"},"modified":"2020-02-17T09:32:23","modified_gmt":"2020-02-17T08:32:23","slug":"delitos-sin-pleitos","status":"publish","type":"post","link":"https:\/\/blogs.elnortedecastilla.es\/miradordeclio\/2020\/02\/17\/delitos-sin-pleitos\/","title":{"rendered":"Delitos sin pleitos"},"content":{"rendered":"<p><strong>\u00a0 \u00a0 \u00a0\u00a0 Inquieta<\/strong> la situaci\u00f3n actual del <strong>poder judicial<\/strong> en Espa\u00f1a. No pretendo aportar aqu\u00ed precisiones t\u00e9cnicas porque no soy <strong>jurista,<\/strong> s\u00f3lo quiero observar como <strong>ciudadano<\/strong> e <strong>historiador<\/strong>, alzado en el Mirador de Cl\u00edo que otea el presente desde el pasado, las <strong>sombras<\/strong> que sobre este poder del Estado proyectan estos \u00faltimos d\u00edas el <strong>proc\u00e9s catal\u00e1n<\/strong> y las <strong>negociaciones<\/strong> entre independentistas y socialistas.<\/p>\n<p>ERC considera el poder judicial un <strong>instrumento represor<\/strong> del Estado y ha contagiado este desprecio en las reuniones de negociaci\u00f3n con el Gobierno. La justicia de varios pa\u00edses <strong>europeos ha discrepado<\/strong> de la justicia espa\u00f1ola. Se han manipulado informaciones para desprestigiar el poder judicial como garante del bien jur\u00eddico y de nuestros derechos. Se ha infundido en los ciudadanos la <strong>desconfianza en el Estado<\/strong> y alimentado la sensaci\u00f3n de una justicia espa\u00f1ola alejada de c\u00e1nones europeos y con <strong>d\u00e9bil marchamo democr\u00e1tico<\/strong>. Lo ha agravado el l\u00edder socialista al ahondar las dudas de la calle por manejar la administraci\u00f3n de <strong>justicia<\/strong> como <strong>moneda<\/strong> para alcanzar la investidura.<\/p>\n<p>Proponen la <strong>politizaci\u00f3n de la justicia y la desjudicializaci\u00f3n de la pol\u00edtica<\/strong>. Ambas incluyen el nombramiento del CGPJ, el control de la abogac\u00eda del Estado, la designaci\u00f3n de una exministra como fiscal general, la rebaja de la pena del delito de sedici\u00f3n, la desobediencia de las sentencias del TS y TC, el s\u00edmbolo amarillo de presos pol\u00edticos y exiliados, las leyes de desconexi\u00f3n, el ilegal refer\u00e9ndum de autodeterminaci\u00f3n y la \u00faltima ocurrencia de la co-capitalidad. Toda una intensa campa\u00f1a para <strong>debilitar el poder estatal<\/strong> de condenar los delitos cometidos por los independentistas.<\/p>\n<p>Todos los conflictos territoriales pasados se zanjaron ente nosotros con <strong>la guerra<\/strong>. El centralismo siempre tap\u00f3 con las armas los <strong>problemas de identidad territorial<\/strong> de Catalu\u00f1a y del Pa\u00eds Vasco, desde la guerra de <strong>sucesi\u00f3n<\/strong> de 1714, las guerras carlistas, los intentos forales de la <strong>Gamazada<\/strong> navarra, la <strong>Semana Tr\u00e1gica<\/strong> de 1909, el catalanismo acallado en <strong>1917,<\/strong> la rep\u00fablica catalana de <strong>Maci\u00e0<\/strong> en 1931, la ocupaci\u00f3n militar del <strong>Bilbao rebelde<\/strong> en 1937, e incluso el eco del <strong>23F<\/strong> que pens\u00f3 levantar el ej\u00e9rcito en Barcelona.<\/p>\n<p>Afortunadamente, la democracia ha sujetado al ej\u00e9rcito en sus cuarteles y el viejo <strong>militarismo ha sido sometido a la autoridad civil<\/strong>. Por eso hoy nadie plantea una soluci\u00f3n militar al proc\u00e9s catal\u00e1n. Los principios de legalidad y de seguridad jur\u00eddica del <strong>art\u00edculo 9 de la Constituci\u00f3n<\/strong> nos amparan. Ellos han acallado el <strong>ruido de sables<\/strong> y las armas ya no tutelan ni arbitran nuestra vida pol\u00edtica. Ya no rige la ley de la selva, <strong>ni pervive el militarismo<\/strong> que ha enterrado varias veces la democracia. La lecci\u00f3n hist\u00f3rica es que <strong>s\u00f3lo el Estado de derecho<\/strong> resuelve los problemas de manera <strong>civilizada,<\/strong> exige la obediencia de <strong>la ley<\/strong>, bajo la garant\u00eda de un <strong>poder judicial independiente<\/strong> que denuncia, investiga, enjuicia y eventualmente condena a los que la vulneran.<\/p>\n<p>Mientras la democracia nos conduce \u00faltimamente por este camino m\u00e1s tranquilizador de rechazar la militarizaci\u00f3n y exigir la judicializaci\u00f3n, el separatismo y el populismo <strong>nos desv\u00edan<\/strong> ahora por el inseguro <strong>atajo<\/strong> de la <strong>politizaci\u00f3n<\/strong> de la justicia y de la <strong>desjudicializaci\u00f3n<\/strong> de la pol\u00edtica.<\/p>\n<p>El proc\u00e9s catal\u00e1n debe estar limpio de violencia militar o callejera, ha de abordarse con <strong>di\u00e1logo pol\u00edtico<\/strong> y legal en asuntos <strong>administrativos<\/strong> y de gesti\u00f3n, y con la <strong>aplicaci\u00f3n de la ley<\/strong> cuando se ha vulnerado. Ning\u00fan di\u00e1logo ni mediador puede acordar no aplicar la ley cuando un ciudadano, sea o no pol\u00edtico, ha cometido un delito. <strong>No es posible limpiar delitos sin pleitos<\/strong>, ni menos a\u00fan <strong>premiarlos<\/strong> con privilegios cedidos en las negociaciones.<\/p>\n<p>JxCat, ERC, En Com\u00fa Podem, CDR, ANC califican la sentencia del Supremo como una antidemocr\u00e1tica judicializaci\u00f3n de la pol\u00edtica y la consideran una <strong>represi\u00f3n del Estado<\/strong>. El encuentro entre PSOE-ERC, para desjudicializar la pol\u00edtica, ha solicitado la <strong>reforma del C\u00f3digo<\/strong> penal para rebajar el tipo y la pena del delito de sedici\u00f3n y para <strong>alcanzar la inmediata libertad<\/strong> de los pol\u00edticos condenados.<\/p>\n<p>Son <strong>correctas<\/strong> varias formas de desjudicializaci\u00f3n, habituales en la praxis judicial, que resuelven conflictos o delitos por la v\u00eda voluntaria del <strong>acuerdo,<\/strong> mediaci\u00f3n, negociaci\u00f3n, di\u00e1logo, <strong>conciliaci\u00f3n<\/strong>, reparaci\u00f3n o<strong> intermediaci\u00f3n<\/strong>. Como dice el refranero, es mejor mala avenencia, que buena sentencia. Se mejora la administraci\u00f3n de justicia desjudicializando actividades y conflictos que, aunque antes se atribu\u00edan a jueces y tribunales, no ten\u00edan un estricto car\u00e1cter jurisdiccional y pod\u00edan ser desplazados a <strong>otros \u00e1mbitos de resoluci\u00f3n.<\/strong> Ocurri\u00f3 as\u00ed con algunas penas cometidas en la conducci\u00f3n de veh\u00edculos, que se despenalizaron como faltas y pasaron a ser infracciones administrativas. Tambi\u00e9n se ha desjudicializado con <strong>altas tasas<\/strong> judiciales para reducir el n\u00famero de procesos, evitar el <strong>excesivo paso<\/strong> del ciudadano por los tribunales y acudir a mediadores o al <strong>arbitraje.<\/strong> Se ha aplicado la mediaci\u00f3n sobre todo en los juicios de familia y menores para proteger sus fuertes componentes afectivos.<\/p>\n<p>Pero la desjudicialicazi\u00f3n de independentistas y socialistas es m\u00e1s insegura, porque pretende <strong>solucionar delitos por v\u00eda del pacto pol\u00edtico<\/strong> que habitualmente deben resolverse por v\u00eda judicial. Nunca dos l\u00edderes o partidos negociando en una mesa podr\u00e1n <strong>blanquear delitos<\/strong> como incumplir la Constituci\u00f3n y los Estatutos, convocar un refer\u00e9ndum de autodeterminaci\u00f3n, arrogarse una soberan\u00eda unilateral o dictar leyes de desconexi\u00f3n.<br \/>\nA instancias de ERC, el presidente del gobierno S\u00e1nchez (que en campa\u00f1a prometi\u00f3 una ley contra el refer\u00e9ndum unilateral) propuso despu\u00e9s desjudicializar <strong>acortando la pena<\/strong> de delitos ya condenados. Hace tiempo que Tom\u00e1s y Valiente escribi\u00f3 que la desjudicializaci\u00f3n por decreto puede significar una <strong>amnist\u00eda<\/strong> apenas <strong>encubierta<\/strong>. Y as\u00ed puede suceder cuando el poder ejecutivo, <strong>cautivo del pacto soberanista<\/strong>, se aviene a utilizar una reforma legal para evitar la c\u00e1rcel de los ya condenados.<\/p>\n<p>Para resolver los problemas territoriales inspir\u00f3 seguridad y garant\u00eda el cambio hist\u00f3rico de <strong>excluir la bota militar y confiar en la toga judicial.<\/strong> Hoy, en cambio, muchos ciudadanos desconf\u00edan del salto al vac\u00edo y la inseguridad que supone u<strong>na simple mesa de negociaci\u00f3n partidista<\/strong> para blanquear la ruptura estructural del Estado, varias leyes anti-constitucionales y reiteradas desobediencias judiciales. Investigar y juzgar el incumplimiento de la ley no compete al poder ejecutivo, ni al ej\u00e9rcito, ni a la calle, le corresponde \u00fanicamente al poder legislativo y al judicial.<\/p>\n<p>&nbsp;<\/p>\n<p>Este art\u00edculo fue publicado en El Norte de Castilla del domingo, 16 de febrero de 2020.<\/p>\n","protected":false},"excerpt":{"rendered":"<p>\u00a0 \u00a0 \u00a0\u00a0 Inquieta la situaci\u00f3n actual del poder judicial en Espa\u00f1a. No pretendo aportar aqu\u00ed precisiones t\u00e9cnicas porque no soy jurista, s\u00f3lo quiero observar como ciudadano e historiador, alzado en el Mirador de Cl\u00edo que otea el presente desde el pasado, las sombras que sobre este poder del Estado proyectan estos \u00faltimos d\u00edas el [&hellip;]<\/p>\n","protected":false},"author":34,"featured_media":0,"comment_status":"open","ping_status":"closed","sticky":false,"template":"","format":"standard","meta":[],"categories":[1],"tags":[],"_links":{"self":[{"href":"https:\/\/blogs.elnortedecastilla.es\/miradordeclio\/wp-json\/wp\/v2\/posts\/130"}],"collection":[{"href":"https:\/\/blogs.elnortedecastilla.es\/miradordeclio\/wp-json\/wp\/v2\/posts"}],"about":[{"href":"https:\/\/blogs.elnortedecastilla.es\/miradordeclio\/wp-json\/wp\/v2\/types\/post"}],"author":[{"embeddable":true,"href":"https:\/\/blogs.elnortedecastilla.es\/miradordeclio\/wp-json\/wp\/v2\/users\/34"}],"replies":[{"embeddable":true,"href":"https:\/\/blogs.elnortedecastilla.es\/miradordeclio\/wp-json\/wp\/v2\/comments?post=130"}],"version-history":[{"count":1,"href":"https:\/\/blogs.elnortedecastilla.es\/miradordeclio\/wp-json\/wp\/v2\/posts\/130\/revisions"}],"predecessor-version":[{"id":131,"href":"https:\/\/blogs.elnortedecastilla.es\/miradordeclio\/wp-json\/wp\/v2\/posts\/130\/revisions\/131"}],"wp:attachment":[{"href":"https:\/\/blogs.elnortedecastilla.es\/miradordeclio\/wp-json\/wp\/v2\/media?parent=130"}],"wp:term":[{"taxonomy":"category","embeddable":true,"href":"https:\/\/blogs.elnortedecastilla.es\/miradordeclio\/wp-json\/wp\/v2\/categories?post=130"},{"taxonomy":"post_tag","embeddable":true,"href":"https:\/\/blogs.elnortedecastilla.es\/miradordeclio\/wp-json\/wp\/v2\/tags?post=130"}],"curies":[{"name":"wp","href":"https:\/\/api.w.org\/{rel}","templated":true}]}}