{"id":135,"date":"2020-04-12T10:57:45","date_gmt":"2020-04-12T08:57:45","guid":{"rendered":"https:\/\/blogs.elnortedecastilla.es\/miradordeclio\/?p=135"},"modified":"2020-04-12T10:57:45","modified_gmt":"2020-04-12T08:57:45","slug":"una-solucion-comun-a-un-problema-global","status":"publish","type":"post","link":"https:\/\/blogs.elnortedecastilla.es\/miradordeclio\/2020\/04\/12\/una-solucion-comun-a-un-problema-global\/","title":{"rendered":"Una soluci\u00f3n com\u00fan a un problema global"},"content":{"rendered":"<p style=\"text-align: center;\"><strong>Una soluci\u00f3n com\u00fan a un problema global<\/strong><br \/>\nVivimos hoy otra profunda crisis global capaz de cambiar la vieja cultura social, econ\u00f3mica y pol\u00edtica. As\u00ed lo estiman m\u00e1s de 300 historiadores europeos en una carta enviada a Bruselas. Con sensatez dicen que el coronavirus puede hacer desaparecer la democracia y la UE<\/p>\n<p>PEDRO CARASA Valladolid S\u00e1bado, 11 abril 2020, 12:50<\/p>\n<p><strong>\u00a0 \u00a0 \u00a0 \u00a0\u00a0 Las crisis epid\u00e9micas han generado en la historia transformaciones econ\u00f3micas, cambios sociales y relevos pol\u00edticos. Las enfermedades infecciosas hicieron caer imperios, las plagas de Antonino castigaron al Imperio romano cuando los b\u00e1rbaros lo debilitaron<\/strong>. El Imperio chino Han colaps\u00f3 por epidemias. La peste negra aliment\u00f3 el antijuda\u00edsmo y elimin\u00f3 a una cuarta parte de la poblaci\u00f3n medieval. Hern\u00e1n Cort\u00e9s derrot\u00f3 al Imperio azteca por los g\u00e9rmenes europeos que diezmaron a los ind\u00edgenas; despu\u00e9s la viruela facilit\u00f3 a Pizarro someter al Imperio incaico. El crecimiento de la poblaci\u00f3n del siglo XVIII se debi\u00f3 al control epid\u00e9mico por la invenci\u00f3n de las vacunas de Fewster y la variolizaci\u00f3n de Jenner. El c\u00f3lera de 1833 ayud\u00f3 a los liberales al acusar a los jesuitas de la infecci\u00f3n. Las epidemias de fines del XIX estimularon el higienismo, los sanatorios y la anticol\u00e9rica de Ferr\u00e1n. La gripe de 1918 tuvo consecuencias psicol\u00f3gico-sociales, acentu\u00f3 el odio de posguerra, desagreg\u00f3 la sociedad y profundiz\u00f3 nuestra crisis social llamada bolchevique.<br \/>\n<strong>\u00a0 \u00a0 \u00a0 \u00a0 \u00a0\u00a0 Vivimos hoy otra profunda crisis global capaz de cambiar la vieja cultura social, econ\u00f3mica y pol\u00edtica. As\u00ed lo estiman m\u00e1s de 300 historiadores europeos en una carta enviada a Bruselas. Con sensatez dicen que el coronavirus puede hacer desaparecer la democracia y la UE. La mayor\u00eda de sus pa\u00edses miembros van a entrar en la m\u00e1s profunda crisis de pobreza, paro y endeudamiento desde 1945.<\/strong> Escriben que Europa debe reaccionar, garantizar est\u00e1ndares comunes en salarios y bienestar, restaurar perspectivas futuras para los j\u00f3venes y otorgar a la Uni\u00f3n competencias en las tareas sociales que los Estados nacionales ahora no pueden cumplir: La seguridad colectiva, la sostenibilidad ambiental, las migraciones, las grandes infraestructuras de telecomunicaci\u00f3n, la investigaci\u00f3n b\u00e1sica y la sanidad p\u00fablica. Se ha hecho mucho desde 1945 y ser\u00eda penoso perderlo por la ofensiva nacionalista y populista, alimentada por el 11S, el 11M, la guerra de Irak, el Prestige, la crisis de 2008, el Brexit y el coronavirus.<br \/>\n<strong>\u00a0 \u00a0 \u00a0 \u00a0\u00a0 Nos unimos tambi\u00e9n a la voz del jurista y fil\u00f3sofo Ferrajoli que reclama un constitucionalismo planetario e instituciones globales de garant\u00eda social en la Uni\u00f3n Europea. Habla del demanio [dominio p\u00fablico] planetario, ya conocido para tutelar el agua, el aire, los glaciares y las forestas.<\/strong> Quiere extenderlo para que Europa financie y garantice los derechos sociales a la educaci\u00f3n, la salud y la alimentaci\u00f3n b\u00e1sica, reconocidos por las cartas internacionales, dot\u00e1ndose de los poderes pol\u00edticos y fiscales apropiados.<br \/>\nPero las instituciones jur\u00eddicas y pol\u00edticas nacionales de hoy no son capaces de resolver estos retos. <strong>Las agendas de nuestros gobiernos no dimensionan la trascendencia global de supervivencia planetaria de esta crisis. Es obsceno el espect\u00e1culo de lucha partidista en pleno drama social, crudo trance humanitario y hondo colapso econ\u00f3mico.<\/strong><br \/>\n<strong>\u00a0 \u00a0 \u00a0 \u00a0 El Estado de la Espa\u00f1a auton\u00f3mica se ha quedado atrofiado, ha perdido competencias b\u00e1sicas en servicios sociales, sanidad y educaci\u00f3n, sus ministerios de sanidad y educaci\u00f3n se han quedado disminuidos y tienen dificultades para imponer un mando \u00fanico en trances como el presente.<\/strong> El sistema no garantiza que el Estado ofrezca estos servicios en pie de igualdad y solidaridad a todos los espa\u00f1oles. Los 17 sistemas de salud auton\u00f3micos, diferentes y ajenos entre s\u00ed, no han tenido la previsi\u00f3n, investigaci\u00f3n y equipamiento suficientes para controlar la mortalidad del Covid-19. Nuestra cultura pol\u00edtica y social ha sido inmediatista e individualista, ha faltado sentido de Estado y ha mostrado sobredosis auton\u00f3mica, se ha debilitado el Parlamento, se han fragmentado los partidos y se ha resentido el Estado de Bienestar disperso en competencias auton\u00f3micas.<br \/>\n<strong>\u00a0 \u00a0 \u00a0 \u00a0 Si el Estado espa\u00f1ol ha tenido poca capacidad para frenar la mortalidad del Covid-19, Europa se ha roto insolidaria entre norte y sur, el G20 no responde, la OMS ha liderado insuficientemente la crisis<\/strong> y est\u00e1n desaparecidos la OTI, la OTAN y la ONU. Tanto, que 30 l\u00edderes de todo el mundo acaban de urgir al G20 una respuesta com\u00fan contra el virus.<br \/>\nEn Espa\u00f1a se apela en vano a Pactos de la Moncloa y en Europa a Planes Marshall, porque sus proponentes saben que no hay actores con voluntad para lograrlo. Porque la mayor\u00eda han valorado lo contrario: Fronteras, autodeterminaciones, soberan\u00edas, censuras, populismos extremistas, ideolog\u00edas excluyentes, superioridades culturales y prioridades racistas.<br \/>\n<strong>\u00a0 \u00a0 \u00a0 \u00a0 La crisis nos deja pendientes graves cuestiones de futuro: El respeto y cuidado de la naturaleza. La protecci\u00f3n laboral y fiscal de la familia. El abandono de los mayores, actores de la Transici\u00f3n que dejamos morir solos. La m\u00ednima inversi\u00f3n en ciencia e investigaci\u00f3n<\/strong>. El teletrabajo, teleducaci\u00f3n, teleasistencia y la inteligencia artificial. Las redes sociales y medios de comunicaci\u00f3n dedicados a hacer relatos falsos y crear bulos. El trabajo visto como mero factor productivo y no como labor humana y familiar. La migraci\u00f3n global desprotegida e incluso perseguida. La Espa\u00f1a vac\u00eda como mera fuente barata de alimentos. Y otros muchos.<br \/>\n<strong>\u00a0 \u00a0 \u00a0 \u00a0\u00a0 En definitiva, padecemos una crisis que va a cambiar nuestro mundo, mientras los pol\u00edticos, cada uno a lo suyo, van por detr\u00e1s, sin verla como problema global, ni otear el futuro.<\/strong><\/p>\n<p>&nbsp;<\/p>\n<p>Aparecido en la versi\u00f3n digital de El Norte de Castilla del s\u00e1bado, 11 de abril de 2020<\/p>\n","protected":false},"excerpt":{"rendered":"<p>Una soluci\u00f3n com\u00fan a un problema global Vivimos hoy otra profunda crisis global capaz de cambiar la vieja cultura social, econ\u00f3mica y pol\u00edtica. As\u00ed lo estiman m\u00e1s de 300 historiadores europeos en una carta enviada a Bruselas. Con sensatez dicen que el coronavirus puede hacer desaparecer la democracia y la UE PEDRO CARASA Valladolid S\u00e1bado, [&hellip;]<\/p>\n","protected":false},"author":34,"featured_media":0,"comment_status":"open","ping_status":"closed","sticky":false,"template":"","format":"standard","meta":[],"categories":[1],"tags":[],"_links":{"self":[{"href":"https:\/\/blogs.elnortedecastilla.es\/miradordeclio\/wp-json\/wp\/v2\/posts\/135"}],"collection":[{"href":"https:\/\/blogs.elnortedecastilla.es\/miradordeclio\/wp-json\/wp\/v2\/posts"}],"about":[{"href":"https:\/\/blogs.elnortedecastilla.es\/miradordeclio\/wp-json\/wp\/v2\/types\/post"}],"author":[{"embeddable":true,"href":"https:\/\/blogs.elnortedecastilla.es\/miradordeclio\/wp-json\/wp\/v2\/users\/34"}],"replies":[{"embeddable":true,"href":"https:\/\/blogs.elnortedecastilla.es\/miradordeclio\/wp-json\/wp\/v2\/comments?post=135"}],"version-history":[{"count":2,"href":"https:\/\/blogs.elnortedecastilla.es\/miradordeclio\/wp-json\/wp\/v2\/posts\/135\/revisions"}],"predecessor-version":[{"id":137,"href":"https:\/\/blogs.elnortedecastilla.es\/miradordeclio\/wp-json\/wp\/v2\/posts\/135\/revisions\/137"}],"wp:attachment":[{"href":"https:\/\/blogs.elnortedecastilla.es\/miradordeclio\/wp-json\/wp\/v2\/media?parent=135"}],"wp:term":[{"taxonomy":"category","embeddable":true,"href":"https:\/\/blogs.elnortedecastilla.es\/miradordeclio\/wp-json\/wp\/v2\/categories?post=135"},{"taxonomy":"post_tag","embeddable":true,"href":"https:\/\/blogs.elnortedecastilla.es\/miradordeclio\/wp-json\/wp\/v2\/tags?post=135"}],"curies":[{"name":"wp","href":"https:\/\/api.w.org\/{rel}","templated":true}]}}