{"id":143,"date":"2020-07-15T18:20:47","date_gmt":"2020-07-15T16:20:47","guid":{"rendered":"https:\/\/blogs.elnortedecastilla.es\/miradordeclio\/?p=143"},"modified":"2020-07-15T18:20:47","modified_gmt":"2020-07-15T16:20:47","slug":"crispacion","status":"publish","type":"post","link":"https:\/\/blogs.elnortedecastilla.es\/miradordeclio\/2020\/07\/15\/crispacion\/","title":{"rendered":"\u00bfCrispaci\u00f3n?"},"content":{"rendered":"<p>El <strong>espa\u00f1olito<\/strong> de Machado sigue triste porque una de las <strong>dos Espa\u00f1as<\/strong> a\u00fan puede <strong>helarle el coraz\u00f3n<\/strong>. Si estuviera aqu\u00ed, tras cien d\u00edas de confinamiento, rodeado de un cuarto de mill\u00f3n de contagiados y de 40000 muertos, se preguntar\u00eda asustado \u00bfpor qu\u00e9 los partidos pol\u00edticos no alcanzan <strong>pactos de Estado<\/strong> y se pelean con provocaci\u00f3n, <strong>enfrentamiento<\/strong>, polarizaci\u00f3n y fanatismo?<\/p>\n<p>Las graves <strong>crisis<\/strong> hist\u00f3ricas han dado l<strong>ecciones de prioridades<\/strong> de valores y hecho <strong>ex\u00e1menes de actitudes<\/strong> a los gestores p\u00fablicos. Responder a ellas con <strong>crispaci\u00f3n<\/strong> es peor que coger la rabieta del ni\u00f1o que no quiere aprender. De las malas actitudes, la peor no es s\u00f3lo la falta de educaci\u00f3n, preocupa m\u00e1s <strong>la grave enfermedad pol\u00edtica<\/strong> de no tener <strong>principios y valores<\/strong>, carecer de <strong>sentido de Estado<\/strong>, no ser capaz de c<strong>onectar con los electores<\/strong> e incumplir el deber democr\u00e1tico de <strong>pactar<\/strong>.<\/p>\n<p>En los trances dif\u00edciles de los <strong>tres \u00faltimos siglos<\/strong>, una parte de la \u00e9lite pol\u00edtica espa\u00f1ola <strong>no ha aprendido<\/strong> la ense\u00f1anza b\u00e1sica de la convivencia civil y <strong>ha suspendido<\/strong> el examen pol\u00edtico por impedir los <strong>acuerdos<\/strong>\u00a0y no buscar la <strong>unidad<\/strong> ante las emergencias sociales. Justamente son estos momentos cruciales los que <strong>refuerzan a las \u00e9lites que se adaptan<\/strong> a las necesidades y los que <strong>debilitan a los pol\u00edticos que se enfrentan<\/strong> sin salidas pactadas. No aprender estas lecciones <strong>ha sembrado en el pasado dictaduras y guerras<\/strong>.<\/p>\n<p>En el primer tercio del XIX, mientras <strong>unos patriotas consensuaron<\/strong> la Constituci\u00f3n 1812, otros pol\u00edticos radicales <strong>se persiguieron y exiliaron<\/strong>, como denunci\u00f3 Goya pintando dos <strong>hermanos a garrotazos<\/strong>. En el segundo tercio, unos liberales pioneros <strong>implantaron las finanzas, el ferrocarril y el mercado,<\/strong> pero <strong>otros se enfrentaron<\/strong> en <strong>motines<\/strong> anticlericales y <strong>guerras<\/strong> carlistas. En la crisis de 1868, al tiempo que unos aprend\u00edan <strong>cultura democr\u00e1tica y abol\u00edan la esclavitud,<\/strong> otros se enzarzaron en <strong>guerras din\u00e1sticas y coloniales<\/strong>. En el trance del 98 muchos intelectuales d<strong>efinieron la Espa\u00f1a<\/strong> que pasaba de imperio a naci\u00f3n, pero otros s<strong>e suicidaron en guerras imperiales.<\/strong> En el primer tercio del XX destac\u00f3 la <strong>brillante elite de la edad de plata<\/strong> de la cultura espa\u00f1ola, pero hubo otras fuerzas que pelearon en c<strong>onflictos clericales, militares y pol\u00edticos<\/strong> que condujeron a la dictadura. Sigui\u00f3 esta tensi\u00f3n fratricida enfrentando a l<strong>a creativa \u00e9lite reformista de la II Rep\u00fablica<\/strong> con el<strong> grupo autoritario<\/strong> que gest\u00f3 la tr\u00e1gica guerra civil.<\/p>\n<p>Tambi\u00e9n se han contrapuesto <strong>dos actitudes<\/strong> en las \u00faltimas crisis de la democracia. En la primera rein\u00f3 e<strong>l consenso de la Transici\u00f3n<\/strong>, que nos sac\u00f3 de la dictadura, pact\u00f3 en la Moncloa, redact\u00f3 la Constituci\u00f3n y nos incorpor\u00f3 a Europa. Pero en las crisis de 2008 y 2020 no se aprendi\u00f3 la lecci\u00f3n, s<strong>e rompi\u00f3 el pacto constituciona<\/strong>l, abund\u00f3 la corrupci\u00f3n, apareci\u00f3 <strong>el populismo<\/strong> y e<strong>l nacionalism<\/strong>o busc\u00f3 la independencia.<\/p>\n<p>En las dos \u00faltimas legislaturas han aparecido en el escenario pol\u00edtico t<strong>ensiones en partidos<\/strong> pol\u00edticos, censuras e investiduras de gobiernos, negociaci\u00f3n y control del proc\u00e9s catal\u00e1n y gobierno de coalici\u00f3n con Podemos. Tan <strong>inestable marco<\/strong> ha dificultado gestionar la crisis m\u00e1s grave tras la guerra civil. Esta <strong>pandemia<\/strong> ha sido otra oportunidad para haber aprendido la l<strong>ecci\u00f3n b\u00e1sica de fortalecer y cohesionar lo p\u00fablico<\/strong> y lo com\u00fan. El resultado indica que la pol\u00edtica, la sociedad, <strong>el Estado de Bienestar<\/strong>, la econom\u00eda y el empleo <strong>pueden empeorar<\/strong>.<\/p>\n<p>El pacto constitucional de 1978 ha sido sustituido por g<strong>estos ag\u00f3nicos y fan\u00e1ticos<\/strong>. La sociedad sigue perdiendo confianza en sus pol\u00edticos. La <strong>utop\u00eda<\/strong> social de los <strong>indignados<\/strong> se ha convertido en una <strong>distop\u00eda de poder<\/strong>. De los seis partidos que sostienen la geometr\u00eda variable de la investidura, <strong>s\u00f3lo uno cree en la constituci\u00f3n<\/strong>. Los dos populismos de extrema derecha e izquierda alimentan la inestabilidad pol\u00edtica e institucional.<\/p>\n<p>La <strong>debilidad del Estado<\/strong> ha permitido romper la <strong>separaci\u00f3n de poderes<\/strong> y generar conflictos entre ellos. Incluso se ha contaminado el <strong>rol de la monarqu\u00eda<\/strong>. El <strong>poder judicial ha sido cuestionado<\/strong> dentro y fuera. El <strong>parlamento apenas ha legislado<\/strong> porque se ha gobernado por decreto. El debate en la <strong>sede soberana<\/strong> ha roto la cortes\u00eda parlamentaria y se ha te\u00f1ido de <strong>insultos, acusaciones y enfrentamientos<\/strong>.<\/p>\n<p>El gobierno de coalici\u00f3n adolece de unidad y se mueve entre i<strong>ncertidumbres y correcciones.<\/strong> La incipiente <strong>comisi\u00f3n de reconstrucci\u00f3n<\/strong> ha comenzado <strong>tensa<\/strong> y no ha logrado sentar bases comunes. La comunicaci\u00f3n pol\u00edtica durante la pandemia no ha sido transparente, la informaci\u00f3n ha resultado cambiante y no ha logrado ni precisar el n\u00famero total de muertos.<\/p>\n<p>La cultura pol\u00edtica <strong>particularista de las \u00e9lites auton\u00f3micas<\/strong> (dos millones de funcionarios) ha r<strong>eplegado al Estad<\/strong>o. La <strong>izquierda<\/strong> lo ha agravado al <strong>priorizar identidades<\/strong> y competencias nacionalistas <strong>por encima de la igualdad<\/strong> y solidaridad de todos. Las <strong>bisagras nacionalistas<\/strong> a\u00fan controlan parlamentos y gobiernos, exigen competencias estatales y <strong>depredan presupuestos<\/strong>. El Estado n<strong>o ha logrado ejercer el mando \u00fanico<\/strong> que reclamaba el desastre de la covid-19, las trece <strong>conferencias de presidentes<\/strong> no han logrado la cogobernanza y las Autonom\u00edas acaban <strong>rivalizando<\/strong> entre s\u00ed para controlar la desescalada.<\/p>\n<p>Los <strong>partidos pol\u00edticos<\/strong>, financiados a veces con <strong>corrupci\u00f3n<\/strong>, se han <strong>fracturado<\/strong> internamente, <strong>carecen de programas<\/strong> fiables, pelean entre s\u00ed y p<strong>ierden la confianza<\/strong> de sus votantes. Hasta la colaboraci\u00f3n de las f<strong>uerzas de seguridad<\/strong> ha sufrido <strong>controles<\/strong> pol\u00edticos y <strong>enredos<\/strong> judiciales.<\/p>\n<p>La econom\u00eda anuncia otra <strong>depresi\u00f3n<\/strong> por el lastre de la enorme <strong>deuda<\/strong> p\u00fablica, el <strong>d\u00e9ficit<\/strong> de hacienda y la incapacidad de acordar el <strong>presupuesto<\/strong>. Son profundas las <strong>dificultades del turismo y la industria automovil\u00edstica<\/strong>. Tal vez ni siquiera el dinero de la Europa dividida pueda ofrecer un respiro temporal.<\/p>\n<p>La sociedad se ve amenazada por un <strong>paro de 19 millones<\/strong> y padece una creciente p<strong>obreza que alcanza al 25%<\/strong> de la poblaci\u00f3n, incluida la clase media.<\/p>\n<p>Mientras <strong>los ciudadanos han cumplido<\/strong> con responsabilidad el confinamiento, la pandemia ha visibilizado <strong>serios defectos que los pol\u00edticos<\/strong> deber\u00edan reconocer: La <strong>debilidad de los poderes del Estado<\/strong>, el <strong>particularismo<\/strong> de las CCAA, las <strong>fracturas de los partidos<\/strong>, la v<strong>ulnerabilidad de nuestro Estado de Bienestar<\/strong>, la escasa valoraci\u00f3n de los <strong>bienes comunes<\/strong>, la incapacidad para lograr <strong>pactos de Estado<\/strong> y las <strong>incorrectas formas<\/strong> de los pol\u00edticos.<\/p>\n<p>&nbsp;<\/p>\n<p>Este art\u00edculo ha sido revisado para la p\u00e1gina web de las Asociaci\u00f3n Cultural DDOOSS<\/p>\n","protected":false},"excerpt":{"rendered":"<p>El espa\u00f1olito de Machado sigue triste porque una de las dos Espa\u00f1as a\u00fan puede helarle el coraz\u00f3n. Si estuviera aqu\u00ed, tras cien d\u00edas de confinamiento, rodeado de un cuarto de mill\u00f3n de contagiados y de 40000 muertos, se preguntar\u00eda asustado \u00bfpor qu\u00e9 los partidos pol\u00edticos no alcanzan pactos de Estado y se pelean con provocaci\u00f3n, [&hellip;]<\/p>\n","protected":false},"author":34,"featured_media":0,"comment_status":"open","ping_status":"closed","sticky":false,"template":"","format":"standard","meta":[],"categories":[1],"tags":[],"_links":{"self":[{"href":"https:\/\/blogs.elnortedecastilla.es\/miradordeclio\/wp-json\/wp\/v2\/posts\/143"}],"collection":[{"href":"https:\/\/blogs.elnortedecastilla.es\/miradordeclio\/wp-json\/wp\/v2\/posts"}],"about":[{"href":"https:\/\/blogs.elnortedecastilla.es\/miradordeclio\/wp-json\/wp\/v2\/types\/post"}],"author":[{"embeddable":true,"href":"https:\/\/blogs.elnortedecastilla.es\/miradordeclio\/wp-json\/wp\/v2\/users\/34"}],"replies":[{"embeddable":true,"href":"https:\/\/blogs.elnortedecastilla.es\/miradordeclio\/wp-json\/wp\/v2\/comments?post=143"}],"version-history":[{"count":1,"href":"https:\/\/blogs.elnortedecastilla.es\/miradordeclio\/wp-json\/wp\/v2\/posts\/143\/revisions"}],"predecessor-version":[{"id":144,"href":"https:\/\/blogs.elnortedecastilla.es\/miradordeclio\/wp-json\/wp\/v2\/posts\/143\/revisions\/144"}],"wp:attachment":[{"href":"https:\/\/blogs.elnortedecastilla.es\/miradordeclio\/wp-json\/wp\/v2\/media?parent=143"}],"wp:term":[{"taxonomy":"category","embeddable":true,"href":"https:\/\/blogs.elnortedecastilla.es\/miradordeclio\/wp-json\/wp\/v2\/categories?post=143"},{"taxonomy":"post_tag","embeddable":true,"href":"https:\/\/blogs.elnortedecastilla.es\/miradordeclio\/wp-json\/wp\/v2\/tags?post=143"}],"curies":[{"name":"wp","href":"https:\/\/api.w.org\/{rel}","templated":true}]}}