{"id":159,"date":"2020-11-01T20:26:57","date_gmt":"2020-11-01T19:26:57","guid":{"rendered":"https:\/\/blogs.elnortedecastilla.es\/miradordeclio\/?p=159"},"modified":"2020-11-01T20:26:57","modified_gmt":"2020-11-01T19:26:57","slug":"vecinos-comuneros","status":"publish","type":"post","link":"https:\/\/blogs.elnortedecastilla.es\/miradordeclio\/2020\/11\/01\/vecinos-comuneros\/","title":{"rendered":"Vecinos comuneros"},"content":{"rendered":"<div class=\"voc-detail-header\">\n<h1 class=\"voc-opinion\"><strong>Vecinos comuneros<\/strong><\/h1>\n<div class=\"voc-center-div\">\n<h2 class=\"voc-opinion\">\u00abDespu\u00e9s de los recortes de 2008, de los indignados de 2011 y de la pandemia de 2020, estas asociaciones tal vez ya no deban mirar tanto al urbanismo cuanto a los nuevos problemas de las personas\u00bb<\/h2>\n<\/div>\n<figure class=\"voc-main-figure voc-opinion\">\n<div class=\"voc-height-auto\"><img title=\"\" src=\"https:\/\/static.elnortedecastilla.es\/www\/multimedia\/202010\/29\/media\/cortadas\/cara-k6nB-U120603448324H5D-624x385@El%20Norte.jpg\" alt=\"Actividad solidaria de la asociaci\u00f3n de vecinos de la Rondilla.\/Henar Sastre\" \/><\/div><figcaption class=\"figure-caption\"><span class=\"voc-photo-caption\">Actividad solidaria de la asociaci\u00f3n de vecinos de la Rondilla. \/\u00a0<\/span><span class=\"voc-photo-author\">HENAR SASTRE<\/span><\/figcaption><\/figure>\n<div class=\"voc-author-timesocial\">\n<div class=\"voc-author-timesocial__voc-container-info-signature\">\n<figure class=\"voc-image-signature\"><img src=\"https:\/\/static2.elnortedecastilla.es\/comun\/img\/2014\/autor\/autor-2786-foto-1.jpeg\" alt=\"Pedro Carasa\" \/><\/figure>\n<div>\n<div class=\"voc-author-info\"><a class=\"voc-author\" title=\"PEDRO CARASA\" href=\"https:\/\/www.elnortedecastilla.es\/autor\/pedro-carasa-2786.html\" rel=\"external nofollow\">PEDRO CARASA\u00a0<\/a><span class=\"voc-special\">Valladolid\u00a0<\/span><time>Jueves, 29 octubre 2020, 08:04<\/time><\/div>\n<\/div>\n<\/div>\n<\/div>\n<\/div>\n<p>Las asociaciones de vecinos han liderado el mayor movimiento social urbano de Espa\u00f1a desde fines del franquismo hasta el 11M. Lucharon por la ca\u00edda de la dictadura, la conquista de la libertad y la participaci\u00f3n pol\u00edtica en la gesti\u00f3n de unas ciudades solidarias y sostenibles.\u00a0<strong>Tras la primera asociaci\u00f3n de Vallecas en 1968, Mill\u00e1n Santos se moviliz\u00f3 en Delicias de forma pionera desde 1969<\/strong>. Ahora se celebra el cuadrag\u00e9simo aniversario de la creaci\u00f3n de la Federaci\u00f3n de Asociaciones de Vecinos Antonio Machado, que coordin\u00f3 la unidad muchas asociaciones vallisoletanas. Merecen nuestro reconocimiento porque fueron una escuela de democracia que dio un car\u00e1cter popular a la Transici\u00f3n en Valladolid.<\/p>\n<p>Las asociaciones suelen nacer en las crisis, momentos oportunos para superar viejos defectos y crear nuevos proyectos con que superar los retos presentes.\u00a0<strong>Al final de la dictadura y durante la Transici\u00f3n hicieron un comprometido esfuerzo por participar en la gesti\u00f3n de la ciudad, procurar la justicia social<\/strong>, repartir mejor los servicios, asegurar la sanidad y educaci\u00f3n p\u00fablicas, humanizar el urbanismo, conseguir la dignidad e integraci\u00f3n social de los barrios y superar las desigualdades y exclusiones de sus vecinos.<\/p>\n<p>Una constante de la acci\u00f3n de estos vecinos ha sido la uni\u00f3n de todos para elaborar programas conjuntos y pactados, porque cada crisis exige siempre acordar, solidarizarse, consensuar, cooperar, negociar y aliarse.\u00a0<strong>As\u00ed ha nacido la cultura social de tantas instituciones hist\u00f3ricas: familia, concejo, ayuntamiento, comunidad de villa y tierra, hermandad, cofrad\u00eda, gremio, comunidad, socorro mutuo, sociedad de resistencia, montep\u00edo, junta, asociaci\u00f3n, concordato, cooperativa o sindicato<\/strong>. Estas comunidades lanzaron los gritos de &#8216;La uni\u00f3n hace la fuerza&#8217;, &#8216;El pueblo unido jam\u00e1s ser\u00e1 vencido&#8217; o &#8216;Proletarios del mundo un\u00edos&#8217;.<\/p>\n<p>En general, las asociaciones nacieron desde la iniciativa popular, la solidaridad desde abajo organiz\u00f3 los movimientos sociales, moviliz\u00f3 a trabajadores, asoci\u00f3 a vecinos de barrios y movi\u00f3 mareas. Fue m\u00e1s intenso el movimiento colectivo cuando las crisis fueron m\u00e1s profundas:\u00a0<strong>Levantamiento comunero, ca\u00edda del absolutismo, guerra de la independencia, nacimiento de la soberan\u00eda nacional, revoluci\u00f3n de 1868, fracaso militar en Marruecos, crisis social de 1919-22, exilio y represi\u00f3n de la Guerra Civil, crisis del petr\u00f3leo con reconversi\u00f3n industrial, transici\u00f3n democr\u00e1tica, mareas populistas y pandemia de 2020<\/strong>. Sin embargo, en esos trances, la uni\u00f3n no prendi\u00f3 en los partidos pol\u00edticos, al rev\u00e9s, tendieron a romperse en las crisis y a crecer en los triunfos electorales.<\/p>\n<p>Entre estos movimientos de unidad popular destac\u00f3 la valent\u00eda de las asociaciones de vecinos. Muchos barrios urbanos se movilizaron unidos desde 1968 en el \u00faltimo franquismo y la Transici\u00f3n. Tambi\u00e9n en Valladolid, este extenso movimiento social urbano, independiente y c\u00edvico, implant\u00f3 grandes avances en vivienda, sanidad, transporte, abastecimiento, empleo, participaci\u00f3n ciudadana, solidaridad, pacifismo, medio ambiente, inclusi\u00f3n social, igualdad de la mujer, antirracismo, igualdad e identidad de los barrios.\u00a0<strong>El movimiento cuenta hoy con casi 50 asociaciones vecinales de otros tantos barrios de la capital y su alfoz, que han federado a casi 15.000 vecinos.<\/strong>\u00a0Por delante de sindicatos y partidos, sembraron en el pueblo la semilla democr\u00e1tica antes de la Ley de Reforma Pol\u00edtica de 1977. Desde aquella intervenci\u00f3n de Mill\u00e1n Santos en 1969, Valladolid debe agradecer a las asociaciones todos esos avances de servicios y la incorporaci\u00f3n de los barrios a la ciudad.<\/p>\n<p>Fueron adem\u00e1s una escuela de democracia y una did\u00e1ctica de participaci\u00f3n, que no han sido recogidas por la historia oficial de la Transici\u00f3n, centrada solo en el consenso de las elites minoritarias.\u00a0<strong>No es verdadero el relato populista del r\u00e9gimen de la Transici\u00f3n como un reparto de poder entre la casta corrupta franquista, militar, empresarial, pol\u00edtica y sindical contra el pueblo.<\/strong>\u00a0La Transici\u00f3n fue un m\u00e9rito de toda la sociedad espa\u00f1ola, fue colectiva y debe subrayarse el protagonismo popular que tuvo el compromiso de tantos vecinos, estudiantes, profesores, profesionales y obreros. Y fue pionero el protagonismo de las asociaciones de vecinos.<\/p>\n<p>Despu\u00e9s de los recortes de 2008, de los indignados de 2011 y de la pandemia de 2020, estas asociaciones tal vez ya no deban mirar tanto al urbanismo cuanto a los nuevos problemas de las personas.\u00a0<strong>Siguen valiendo sus cien reivindicaciones urbanas de la Carta Ciudadana de 2019-23, pero deben hacer un relevo generacional de asociados y dirigentes<\/strong>, actualizar sus demandas a los retos sociales m\u00e1s urgentes de hoy y usar los lenguajes de la comunicaci\u00f3n en red.<\/p>\n<p>Vivimos hoy una emergencia del pa\u00eds muy honda. La polarizaci\u00f3n pol\u00edtica y el independentismo deterioran la separaci\u00f3n de los poderes legislativo, ejecutivo y judicial y minan el s\u00edmbolo del rey. La urgencia social incrementa gravemente el paro y la pobreza.\u00a0<strong>No son eficaces 17 gestiones auton\u00f3micas divergentes de la educaci\u00f3n y la sanidad. La econom\u00eda no supera el viejo sistema productivo, no integra las nuevas formas de trabajo y se endeuda en exceso<\/strong>. La pandemia descubre debilidades en el sistema sanitario, azota con rigor a mayores, dependientes y familias populares y est\u00e1 siendo gestionada con lenta eficacia.<\/p>\n<p>Lamentamos que los representantes del pueblo no practiquen la unidad exigida por tan grave situaci\u00f3n. Asistimos at\u00f3nitos a peleas infantiles en el Parlamento, mezquinas luchas personales, sucios insultos, enconamientos no exentos de odio, aritm\u00e9ticas variables que buscan mantenerse en el poder sin legislar ni gobernar para todos, censuras usadas como atajos electorales para ocupar la Moncloa.<strong>\u00a0As\u00ed no representan el sentir de la sociedad espa\u00f1ola, son solo v\u00edctimas de sus burdas luchas por el poder y de sus miopes t\u00e1cticas electoralistas<\/strong>. La sociedad no se siente representada en este frentismo, solo est\u00e1 agobiada por la supervivencia social e inquieta por la inseguridad sanitaria y econ\u00f3mica. Es peligroso alimentar esta cultura pol\u00edtica que deval\u00faa la representaci\u00f3n parlamentaria, desconf\u00eda de sus gobernantes y desprecia los s\u00edmbolos de unidad.<\/p>\n<p>Celebrando la unidad de los vecinos comuneros federados desde 1980,\u00a0<strong>protestamos por los pol\u00edticos enfrentados e incapaces de unirse<\/strong>\u00a0para resolver los graves da\u00f1os que afligen a la sociedad.<\/p>\n<p>Editado en El Norte de Castilla del 29 de octubre de 2020<\/p>\n","protected":false},"excerpt":{"rendered":"<p>Vecinos comuneros \u00abDespu\u00e9s de los recortes de 2008, de los indignados de 2011 y de la pandemia de 2020, estas asociaciones tal vez ya no deban mirar tanto al urbanismo cuanto a los nuevos problemas de las personas\u00bb Actividad solidaria de la asociaci\u00f3n de vecinos de la Rondilla. \/\u00a0HENAR SASTRE PEDRO CARASA\u00a0Valladolid\u00a0Jueves, 29 octubre 2020, [&hellip;]<\/p>\n","protected":false},"author":34,"featured_media":0,"comment_status":"open","ping_status":"closed","sticky":false,"template":"","format":"standard","meta":[],"categories":[1],"tags":[],"_links":{"self":[{"href":"https:\/\/blogs.elnortedecastilla.es\/miradordeclio\/wp-json\/wp\/v2\/posts\/159"}],"collection":[{"href":"https:\/\/blogs.elnortedecastilla.es\/miradordeclio\/wp-json\/wp\/v2\/posts"}],"about":[{"href":"https:\/\/blogs.elnortedecastilla.es\/miradordeclio\/wp-json\/wp\/v2\/types\/post"}],"author":[{"embeddable":true,"href":"https:\/\/blogs.elnortedecastilla.es\/miradordeclio\/wp-json\/wp\/v2\/users\/34"}],"replies":[{"embeddable":true,"href":"https:\/\/blogs.elnortedecastilla.es\/miradordeclio\/wp-json\/wp\/v2\/comments?post=159"}],"version-history":[{"count":1,"href":"https:\/\/blogs.elnortedecastilla.es\/miradordeclio\/wp-json\/wp\/v2\/posts\/159\/revisions"}],"predecessor-version":[{"id":160,"href":"https:\/\/blogs.elnortedecastilla.es\/miradordeclio\/wp-json\/wp\/v2\/posts\/159\/revisions\/160"}],"wp:attachment":[{"href":"https:\/\/blogs.elnortedecastilla.es\/miradordeclio\/wp-json\/wp\/v2\/media?parent=159"}],"wp:term":[{"taxonomy":"category","embeddable":true,"href":"https:\/\/blogs.elnortedecastilla.es\/miradordeclio\/wp-json\/wp\/v2\/categories?post=159"},{"taxonomy":"post_tag","embeddable":true,"href":"https:\/\/blogs.elnortedecastilla.es\/miradordeclio\/wp-json\/wp\/v2\/tags?post=159"}],"curies":[{"name":"wp","href":"https:\/\/api.w.org\/{rel}","templated":true}]}}