{"id":168,"date":"2021-01-03T14:00:25","date_gmt":"2021-01-03T13:00:25","guid":{"rendered":"https:\/\/blogs.elnortedecastilla.es\/miradordeclio\/?p=168"},"modified":"2021-01-03T14:00:25","modified_gmt":"2021-01-03T13:00:25","slug":"galdos-y-mariclio","status":"publish","type":"post","link":"https:\/\/blogs.elnortedecastilla.es\/miradordeclio\/2021\/01\/03\/galdos-y-mariclio\/","title":{"rendered":"Gald\u00f3s y Maricl\u00edo"},"content":{"rendered":"<div class=\"voc-detail-header\">\n<h1 class=\"voc-opinion\">Gald\u00f3s y Maricl\u00edo<\/h1>\n<div class=\"voc-center-div\">\n<h2 class=\"voc-opinion\">Fue un historiador antiacad\u00e9mico, rompedor y pionero. No sigui\u00f3 el estilo literario dominante. Vivi\u00f3 a contracorriente, un verso suelto y libre que inquiet\u00f3 a la censura<\/h2>\n<\/div>\n<figure class=\"voc-main-figure voc-opinion\">\n<div class=\"voc-height-auto\"><img title=\"\" src=\"https:\/\/static.elnortedecastilla.es\/www\/multimedia\/202012\/18\/media\/cortadas\/galdos-U901768719939HG-U1201065711721Jx-624x385@El%20Norte-ElNorte.jpg\" alt=\"Benito P\u00e9rez Gald\u00f3s.\/\" \/><\/div><figcaption class=\"figure-caption\"><span class=\"voc-photo-caption\">Benito P\u00e9rez Gald\u00f3s.<\/span><\/figcaption><\/figure>\n<div class=\"voc-author-timesocial\">\n<div class=\"voc-author-timesocial__voc-container-info-signature\">\n<figure class=\"voc-image-signature\"><img src=\"https:\/\/static2.elnortedecastilla.es\/comun\/img\/2014\/autor\/autor-2786-foto-1.jpeg\" alt=\"Pedro Carasa\" \/><\/figure>\n<div>\n<div class=\"voc-author-info\"><a class=\"voc-author\" title=\"PEDRO CARASA\" href=\"https:\/\/www.elnortedecastilla.es\/autor\/pedro-carasa-2786.html\" rel=\"external nofollow\">PEDRO CARASA\u00a0<\/a><span class=\"voc-special\">Valladolid\u00a0 \u00a0<\/span><time>Viernes, 18 diciembre 2020, 12:19<\/time><\/div>\n<\/div>\n<\/div>\n<div class=\"voc-author-social\"><i class=\"voc-icons comment\"><\/i><i class=\"voc-icons facebook\"><\/i><i class=\"voc-icons twitter\"><\/i><input id=\"moreSocialMedia\" class=\"voc-input-media\" type=\"checkbox\" \/><label class=\"voc-social-btn voc-more-share\" for=\"moreSocialMedia\"><i class=\"voc-icons dots\"><\/i><\/label><i class=\"voc-icons bookmark\"><\/i><\/div>\n<\/div>\n<\/div>\n<p>A los cien a\u00f1os de la muerte de Gald\u00f3s, queremos recordarle como un escritor ind\u00f3mito y un historiador pionero. No se domestic\u00f3, ni se cas\u00f3, ni se encaj\u00f3 en un partido o ideolog\u00eda. Metido en turbas revolucionarias, rompi\u00f3 toda ortodoxia, rechaz\u00f3 al rey, atac\u00f3 al clero, fue civilista en una familia militar y se mostr\u00f3 arabuno en el conflicto marroqu\u00ed. Fue un historiador antiacad\u00e9mico, rompedor y pionero. No sigui\u00f3 el estilo literario dominante. Vivi\u00f3 a contracorriente, un verso suelto y libre que inquiet\u00f3 a la censura. Los conservadores le tildaron de mal espa\u00f1ol, le vetaron el Nobel y le frenaron en la Academia. Hoy Pablo Iglesias le prefiere a P\u00e9rez Reverte.<\/p>\n<p>Fue un hijo rebelde de padre militar y de madre autoritaria. Se enamor\u00f3 de su prima. Salt\u00f3 de Canarias a la pen\u00ednsula en busca del libre ganduleo por Madrid observando al pueblo. Un estudiante perezoso que no iba a clase, debi\u00f3 estudiar Derecho y por sus novillos le anularon la matr\u00edcula en 1868. Acab\u00f3 en garras de usureros, vestido de oscuro, descuidado, con migra\u00f1as, casi ciego y empobrecido. Pero siempre fue querido por su ternura y d\u00e1diva popular. Todo un reflejo de la verdad humana, como ha reconocido la reciente exposici\u00f3n de la BNE.<\/p>\n<p>Se empe\u00f1\u00f3 y consigui\u00f3 ser periodista y escritor, redact\u00f3 mil art\u00edculos, cr\u00f3nicas de sociedad, ensayos pol\u00edticos, cr\u00edticas de m\u00fasica y gastronom\u00eda, 46 episodios nacionales, 32 novelas y 26 obras de teatro con ocho mil personajes. Fue muy discutido, para Incl\u00e1n un garbancero, costumbrista agropecuario, populachero, sin est\u00e9tica y sin estilo, una mofa para Umbral, tambi\u00e9n lo atacaron Baroja, Azor\u00edn, Pereda, Benet, Umbral o Cercas. Pero lo defendieron Juan Ram\u00f3n Jim\u00e9nez, Cernuda, Max Aub, Chirbes o Mu\u00f1oz. Nosotros creemos, como muchos, que fue tan popular como Lope y tan universal como Cervantes.<\/p>\n<p>Un creyente anticlerical, antijesuita, escritor comecuras en Tristana (1892), Halma (1895), Electra (1901) y Casandra (1910).[ Por criticar el poder, la moral y los bienes de la Iglesia, estuvo a punto de ser apedreado en el teatro Espa\u00f1ol, pero sali\u00f3 a hombros y vitoreado. Era un ciudadano inquieto, tolerante y leal con sus adversarios, que trat\u00f3 de armonizar raz\u00f3n y coraz\u00f3n, esp\u00edritu y cuerpo, uni\u00f3n y pluralismo, religi\u00f3n y laicismo, con ello quiso hermanar las dos Espa\u00f1as. Un patriota, convencido de la Espa\u00f1a digna, solidaria, libre y participativa, sin cantonalismos ni separatismos. Le doli\u00f3 como a Goya el pesimismo acomplejado de los espa\u00f1oles a garrotazos. Fue aliad\u00f3filo y viajero por la vanguardia europea, siempre atento a lo mejor que estaba public\u00e1ndose en la narrativa occidental.<\/p>\n<p>Como pol\u00edtico result\u00f3 esc\u00e9ptico y sin vocaci\u00f3n, fue progresista, socialista, regeneracionista, republicano y anarquista. Se code\u00f3 con los pol\u00edticos de m\u00e1s relieve: Sagasta, C\u00e1novas, Silvela, Canalejas, Dato, Romanones, Primo de Rivera y amigo de Pablo Iglesias. Fue un mudo parlamentario por Guayama, Madrid y Las Palmas. El senado se reuni\u00f3 para despedirle. Pero sobre todo fue disc\u00edpulo o amigo de pensadores y escritores relevantes, bebi\u00f3 de Giner de los R\u00edos, Jacinto Benavente, Canalejas, Adolfo Cam\u00fas, Valeriano Fern\u00e1ndez, Chac\u00f3n Oviedo, Clar\u00edn, P\u00e9rez de Ayala, Echegaray, Cajal, Sorolla, Andr\u00e9s Segovia, Mariano de Cavia, Victorio Macho o los \u00c1lvarez Quintero. Incluso Ortega y Unamuno escribieron de \u00e9l. Y es que Don Benito aprendi\u00f3 de regeneracionistas y noventaiochistas a aflorar la intrahistoria unamuniana.<\/p>\n<p>Se comport\u00f3 como un apasionado amante de actrices, cantantes, literatas y viudas, a menudo er\u00f3tico, celoso y posesivo. Un cazador cazado por la Pardo Baz\u00e1n que le llam\u00f3 Miqui\u00f1o m\u00edo, ambos se gozaron, escondieron, enga\u00f1aron y respetaron con ardor, infidelidad y clandestinidad. Acab\u00f3 padre soltero.<\/p>\n<p>Como historiador vivi\u00f3 la historia y la narr\u00f3 en los Episodios Nacionales y las novelas contempor\u00e1neas con muchos rasgos de actualidad. Todas las series de los Episodios son populares, la primera fue m\u00e1s cl\u00e1sica, la segunda radical, socialista y anarquista, las \u00faltimas mostraron ya un amargo escepticismo regeneracionista y a veces anarquista. Siempre se distanci\u00f3 de los historiadores cl\u00e1sicos, como Modesto Lafuente o C\u00e1novas.<\/p>\n<p>Puso al pueblo en medio de las dos desgarradas Espa\u00f1as: Trafalgar, Independencia, revoluciones, caciquismo, guerras carlistas y coloniales. No resalt\u00f3 h\u00e9roes eminentes ni grandes hechos \u00e9picos. Escogi\u00f3 a personajes p\u00edcaros del pueblo, gente corriente como Gabriel Araceli, Alonso o Marcial, como salvadores de la patria dividida. Recogi\u00f3 su memoria desde abajo. Hoy lo llamar\u00edamos microhistoria, porque vio los hechos desde la mirada interior de un ciudadano vulgar. Hizo historia oral y pis\u00f3 el terreno de los hechos. Hasta mostr\u00f3 un cierto giro ling\u00fc\u00edstico al usar el lenguaje popular como mensaje hist\u00f3rico.<\/p>\n<p>Aunque no era marxista, su historia manejaba la dial\u00e9ctica, porque se met\u00eda en todos los conflictos posibles: clerical, mon\u00e1rquico, feminista, elitista, nobiliario, ben\u00e9fico. Utiliz\u00f3 incluso el recurso de los esc\u00e1ndalos, el anticlerical con Electra en 1901 y el pol\u00edtico con Casandra en 1910. Gald\u00f3s ha convertido al pueblo en un personaje colectivo, un sujeto con vida propia, hace un relato grupal que convence de que lo sucedido es cosa de todos.<\/p>\n<p>Se atrevi\u00f3 a hacer presentismo, porque interpret\u00f3 el presente desde el pasado y repens\u00f3 la actualidad desde la historia. Incluso lo hizo con su familia, vio Trafalgar con la mirada de su padre militar, vislumbr\u00f3 a su autoritaria madre bajo Do\u00f1a Perfecta para criticar el caciquismo. Incluso su misma persona particip\u00f3 en eventos de la historia del XIX, como la Fontana de Oro, San Gil, la noche de San Daniel o la Gloriosa del 68.<\/p>\n<p>Se proyect\u00f3 en personajes m\u00edticos relacionados con la historia. Lo hizo con Tito Liviano, para desdoblarse a s\u00ed mismo como narrador ubicuo. Pero, sobre todo, invent\u00f3 a Maricl\u00edo, como si fuera otra amante, una ninfa femenina que representaba coloquialmente la historia del pueblo. Trat\u00f3 de alejar as\u00ed al viejo mito de la musa Cl\u00edo y recrearlo bajo un nombre tan populachero como Maricl\u00edo. As\u00ed quiso encarnar la historia en una mujer de barrio, envuelta en griter\u00edo de calle, que ve la gente cotidiana, palpa vulgarmente sus pasiones, conflictos y bondades.<\/p>\n<p>Gald\u00f3s anticip\u00f3 la primera historia social espa\u00f1ola, abri\u00f3 en canal a la sociedad, mostr\u00f3 sus carencias al tiempo que subrayaba su dignidad, tolerancia y empe\u00f1o por pacificar su patria. No histori\u00f3 las instituciones, Iglesia, Corona, Parlamento, Academia, ej\u00e9rcito o partido, porque \u00e9l crey\u00f3 que s\u00f3lo controlaban al pueblo. No le interes\u00f3 la historia tradicional de reyes, nobles, cl\u00e9rigos y militares, sino que narr\u00f3 en novelas la historia del pueblo madrile\u00f1o. Necesit\u00e1bamos que otro Gald\u00f3s nos hubiera contado hoy el 11M de la Puerta del Sol.<\/p>\n<p>&nbsp;<\/p>\n<p>El original fue publicado en La Sombra del Cipr\u00e9s de El Norte de Castilla del\u00a0<time>18 diciembre de 2020,<\/time><\/p>\n","protected":false},"excerpt":{"rendered":"<p>Gald\u00f3s y Maricl\u00edo Fue un historiador antiacad\u00e9mico, rompedor y pionero. No sigui\u00f3 el estilo literario dominante. Vivi\u00f3 a contracorriente, un verso suelto y libre que inquiet\u00f3 a la censura Benito P\u00e9rez Gald\u00f3s. PEDRO CARASA\u00a0Valladolid\u00a0 \u00a0Viernes, 18 diciembre 2020, 12:19 A los cien a\u00f1os de la muerte de Gald\u00f3s, queremos recordarle como un escritor ind\u00f3mito y [&hellip;]<\/p>\n","protected":false},"author":34,"featured_media":0,"comment_status":"open","ping_status":"closed","sticky":false,"template":"","format":"standard","meta":[],"categories":[1],"tags":[],"_links":{"self":[{"href":"https:\/\/blogs.elnortedecastilla.es\/miradordeclio\/wp-json\/wp\/v2\/posts\/168"}],"collection":[{"href":"https:\/\/blogs.elnortedecastilla.es\/miradordeclio\/wp-json\/wp\/v2\/posts"}],"about":[{"href":"https:\/\/blogs.elnortedecastilla.es\/miradordeclio\/wp-json\/wp\/v2\/types\/post"}],"author":[{"embeddable":true,"href":"https:\/\/blogs.elnortedecastilla.es\/miradordeclio\/wp-json\/wp\/v2\/users\/34"}],"replies":[{"embeddable":true,"href":"https:\/\/blogs.elnortedecastilla.es\/miradordeclio\/wp-json\/wp\/v2\/comments?post=168"}],"version-history":[{"count":1,"href":"https:\/\/blogs.elnortedecastilla.es\/miradordeclio\/wp-json\/wp\/v2\/posts\/168\/revisions"}],"predecessor-version":[{"id":169,"href":"https:\/\/blogs.elnortedecastilla.es\/miradordeclio\/wp-json\/wp\/v2\/posts\/168\/revisions\/169"}],"wp:attachment":[{"href":"https:\/\/blogs.elnortedecastilla.es\/miradordeclio\/wp-json\/wp\/v2\/media?parent=168"}],"wp:term":[{"taxonomy":"category","embeddable":true,"href":"https:\/\/blogs.elnortedecastilla.es\/miradordeclio\/wp-json\/wp\/v2\/categories?post=168"},{"taxonomy":"post_tag","embeddable":true,"href":"https:\/\/blogs.elnortedecastilla.es\/miradordeclio\/wp-json\/wp\/v2\/tags?post=168"}],"curies":[{"name":"wp","href":"https:\/\/api.w.org\/{rel}","templated":true}]}}