{"id":170,"date":"2021-01-30T10:14:20","date_gmt":"2021-01-30T09:14:20","guid":{"rendered":"https:\/\/blogs.elnortedecastilla.es\/miradordeclio\/?p=170"},"modified":"2021-01-30T10:14:20","modified_gmt":"2021-01-30T09:14:20","slug":"el-poso-de-las-olas","status":"publish","type":"post","link":"https:\/\/blogs.elnortedecastilla.es\/miradordeclio\/2021\/01\/30\/el-poso-de-las-olas\/","title":{"rendered":"El poso de las olas"},"content":{"rendered":"<p style=\"text-align: right;\">Pedro Carasa. Historiador<\/p>\n<p>\u00a0 \u00a0 \u00a0 Las epidemias <strong>hist\u00f3rica<\/strong>s nos han ayudado a organizar la vida social y cultural de una manera m\u00e1s <strong>humana<\/strong>, a salvar vidas y a mejorar la convivencia. Ense\u00f1aron a creer en la <strong>ciencia<\/strong> como la \u00fanica soluci\u00f3n segura de las enfermedades. Vacuna, biolog\u00eda, virolog\u00eda, epidemiolog\u00eda, inmunolog\u00eda, farmacolog\u00eda e higienismo nacieron as\u00ed para vencer de forma <strong>racional<\/strong> y humana la viruela, paludismo, tifus, c\u00f3lera, tisis, fiebre espa\u00f1ola y covid. Entonces Espa\u00f1a lider\u00f3 una exitosa campa\u00f1a de vacunaci\u00f3n contra la viruela en sus colonias.<\/p>\n<p>La gesti\u00f3n de las epidemias <strong>humaniz\u00f3 las ciudades<\/strong>, origin\u00f3 <strong>servicios municipales<\/strong>, sane\u00f3 las aguas y abastos, orden\u00f3 calles y manzanas, cre\u00f3 juntas y zonas de sanidad, form\u00f3 desde los hospitales de pobres un <strong>sistema sanitario<\/strong>, levant\u00f3 casas de socorro y gest\u00f3 desde la beneficencia municipal la asistencia p\u00fablica domiciliaria. Numerosas <strong>toponimias<\/strong> urbanas recuerdan este origen sanitario de barrios y calles.<\/p>\n<p>El coronavirus que padecemos no es un bicho asesino enviado por el <strong>malvado destino<\/strong> de la naturaleza para destruirnos. Es inoportuno ese lenguaje <strong>b\u00e9lico y milenarista.<\/strong> Se trata de un fen\u00f3meno reiterado en la <strong>evoluci\u00f3n natural<\/strong> que ha desarrollado nuestra especie durante millones de a\u00f1os. Es una <strong>simbiosis<\/strong> de colaboraci\u00f3n reactiva entre virus y c\u00e9lula, en la que \u00e9sta consigue su <strong>inmunizaci\u00f3n<\/strong> frente al microorganismo pat\u00f3geno.<\/p>\n<p>Desde las plagas de Egipto se explic\u00f3 este fen\u00f3meno como <strong>castigo divino<\/strong> o nefasto destino. A\u00fan hoy proponen algunos culpas extra\u00f1as y <strong>trisagios.<\/strong> Los mismos pol\u00edticos, aunque saben que la ciencia es su \u00fanica explicaci\u00f3n, buscan culpables y generan t<strong>ensi\u00f3n, frentismo y crispaci\u00f3n<\/strong>: Nacionalistas contra el Estado, centralistas contra las Autonom\u00edas, \u00e9stas entre s\u00ed, la izquierda contra la derecha, un coaligado contra otro, una provincia frente a la vecina. Falsas cortinas y chivos expiatorios que no dejan ver el lado humano de la crisis e impiden abordarla con <strong>raz\u00f3n y responsabilidad ciudadana<\/strong>. No podemos mirar a otro lado sin ver los d\u00e9ficits humanitarios que impiden alcanzar un <strong>compromiso colectivo<\/strong> entre sanitarios, pol\u00edticos y ciudadanos.<\/p>\n<p>Algo no hemos hecho bien en la pandemia que nos afecta al dejarla crecer en <strong>tres olas imparables<\/strong>. Han faltado valores humanos en su gesti\u00f3n social y pol\u00edtica. Las tres olas nos han planteado un <strong>examen de rev\u00e1lida de humanidad que hemos suspendido<\/strong>. En su tratamiento hemos mostrado graves <strong>d\u00e9ficits sociales<\/strong>, culturales, pol\u00edticos, econ\u00f3micos, sanitarios, docentes, laborales, urbanos y domiciliarios, que han causado graves carencias de humanidad en el confinamiento y las restricciones.<\/p>\n<p>Nuestras ciudades, viviendas, espacios y trabajos estaban <strong>dise\u00f1ados para producir, vender y consumir<\/strong>, y no han protegido la convivencia humana y la vida familiar en este trance. Nuestra ordenaci\u00f3n territorial y <strong>cultura auton\u00f3mica<\/strong> han impuesto excluyentes fronteras, competencias, foralidades e independencias, de manera que cada elite regional ha impuesto su <strong>visi\u00f3n aislada y excluyente de la sanidad y la educaci\u00f3n<\/strong>.<\/p>\n<p>El sistema sanitario ha mostrado graves <strong>carencias de prevenci\u00f3n<\/strong> y ha <strong>sobrecargado<\/strong> en exceso al <strong>personal<\/strong> sanitario. Hemos <strong>minusvalorado a las personas mayores<\/strong>, casi la mitad de los muertos. El Estado ten\u00eda desprotegida gran parte de la<strong> dependencia<\/strong> dejada en manos de <strong>inversores descarados.<\/strong> Ha <strong>empeorado la crisis del Estado de Bienestar,<\/strong> con graves problemas en sanidad, residencias de mayores y seguridad social.<\/p>\n<p>La gesti\u00f3n pol\u00edtica ha <strong>priorizado la producci\u00f3n y el consumo<\/strong> y ha dejado en segundo plano lo humano y lo social. El economicismo, el <strong>populismo<\/strong> callejero y el <strong>electoralismo<\/strong> partidista han restado sensibilidad social en los pol\u00edticos. El Papa Francisco ha dicho que condenar m\u00e1s la ca\u00edda de cinco puntos de la bolsa que la muerte de miles de ancianos es apoyar la exclusi\u00f3n y la inequidad, que <strong>equilibrar econom\u00eda y sanidad<\/strong> ante el virus es <strong>injusto, inhumano y mercantilista<\/strong>, porque la vida de una persona no puede igualarse al mercado, al trabajo o la bolsa. El af\u00e1n electoralista de <strong>salvar la Navidad ha empeorado la sanidad<\/strong> de todos.<\/p>\n<p>Demasiados pol\u00edticos han <strong>mentido<\/strong>, ocultado, manipulado y contradicho la informaci\u00f3n y las cifras. El <strong>d\u00e9bil Estado<\/strong>, las fuertes elites territoriales, el roto y cautivo gobierno de coalici\u00f3n, la tirantez entre Madrid y Barcelona y los pactos con soberanistas han <strong>impedido un plan sanitario y social para todos.<\/strong> La <strong>pantalla ficticia de la cogobernanza<\/strong> ha permitido al gobierno electoralista traspasar a las Autonom\u00edas el desgaste pol\u00edtico de las medidas impopulares. Al final, el <strong>galimat\u00edas<\/strong> de medidas auton\u00f3micas, a veces de pueril competitividad, ha sembrado <strong>desconfianza, confusi\u00f3n y discriminaci\u00f3n<\/strong>.<\/p>\n<p>El confinamiento, teletrabajo y cierre de colegios ha castigado a las familias trabajadoras y profesionales con graves <strong>problemas de conciliaci\u00f3n laboral<\/strong>. A pesar del gobierno radical de <strong>izquierdas,<\/strong> no se han dedicado recursos disponibles para <strong>apoyar familias, mayores y parados<\/strong>. Ha habido fallos importantes en la gesti\u00f3n: Informaci\u00f3n <strong>err\u00e1tica,<\/strong> poco <strong>rastreo<\/strong> de contagios, inexistencia de comisi\u00f3n de <strong>expertos<\/strong>, datos inexactos de <strong>mortalidad<\/strong>, reparto de fondos por <strong>pactos de investidura<\/strong>, vacunaci\u00f3n <strong>lenta sin plan<\/strong> ni equipos paralelos propios, <strong>uso electoral<\/strong> partidista del ministro de sanidad, etc.<\/p>\n<p>El uso masivo de las relaciones virtuales, redes sociales, compra on line, videoconferencia, audios y videos de wasap, ha aliviado dram\u00e1ticas situaciones de soledad. Pero su uso en momentos dif\u00edciles ha <strong>limitado la riqueza humana<\/strong> de nuestros h\u00e1bitos de compa\u00f1\u00eda, abrazos y presencia afectiva corporal.<\/p>\n<p>La mayor\u00eda de las <strong>viviendas<\/strong>, dise\u00f1adas por el negocio inmobiliario solo <strong>para comer y dormir<\/strong>, no han favorecido la convivencia ni el teletrabajo. Las <strong>calles<\/strong> trazadas para circular veh\u00edculos, acceder a comercios y centros de consumo, no han servido para el <strong>encuentro<\/strong>, la <strong>actividad cultural<\/strong> y la <strong>vida vecinal.<\/strong> Con la pandemia hemos valorado movernos como peatones y ciclistas, aunque fuera con la disculpa de pasear al perro. Porque inmovilizados, confinados, cerrados, aislados, aforados y distanciados hemos <strong>echado en falta el espacio social<\/strong> y exterior que nos han robado. Hemos tenido ansia de un ventanal o una terraza.<\/p>\n<p>Nos prometieron volver al <strong>para\u00edso<\/strong> de una <strong>nueva normalidad<\/strong>, que no va a llegar tras esta gesti\u00f3n <strong>deshumanizada, mercantilista, ideologizada y fragmentada<\/strong>. Lo que deseamos es que los pol\u00edticos de izquierda que gobiernan se dejen de fronteras, nacionalismos y frentismos y gestionen la pandemia con atenci\u00f3n a\u00a0<strong>lo humano, lo com\u00fan, lo cient\u00edfico y lo sanitario<\/strong>.<\/p>\n<p>&nbsp;<\/p>\n<p>El original se public\u00f3 en <em>El Norte de Castilla<\/em> del viernes, 29 de enero de 2021.<\/p>\n<div class=\"ms-editor-squiggler\" style=\"color: initial; font: initial; font-feature-settings: initial; font-kerning: initial; font-optical-sizing: initial; font-variation-settings: initial; forced-color-adjust: initial; text-orientation: initial; text-rendering: initial; -webkit-font-smoothing: initial; -webkit-locale: initial; -webkit-text-orientation: initial; -webkit-writing-mode: initial; writing-mode: initial; zoom: initial; place-content: initial; place-items: initial; place-self: initial; alignment-baseline: initial; animation: initial; appearance: initial; aspect-ratio: initial; backdrop-filter: initial; backface-visibility: initial; background: initial; background-blend-mode: initial; baseline-shift: initial; block-size: initial; border-block: initial; border: initial; border-radius: initial; border-collapse: initial; border-inline: initial; inset: initial; box-shadow: initial; box-sizing: initial; break-after: initial; break-before: initial; break-inside: initial; buffered-rendering: initial; caption-side: initial; caret-color: initial; clear: initial; clip: initial; clip-path: initial; clip-rule: initial; color-interpolation: initial; color-interpolation-filters: initial; color-rendering: initial; color-scheme: initial; columns: initial; column-fill: initial; gap: initial; column-rule: initial; column-span: initial; contain: initial; contain-intrinsic-size: initial; content: initial; content-visibility: initial; counter-increment: initial; counter-reset: initial; counter-set: initial; cursor: initial; cx: initial; cy: initial; d: initial; display: block; dominant-baseline: initial; empty-cells: initial; fill: initial; fill-opacity: initial; fill-rule: initial; filter: initial; flex: initial; flex-flow: initial; float: initial; flood-color: initial; flood-opacity: initial; grid: initial; grid-area: initial; height: initial; hyphens: initial; image-orientation: initial; image-rendering: initial; inline-size: initial; inset-block: initial; inset-inline: initial; isolation: initial; letter-spacing: initial; lighting-color: initial; line-break: initial; list-style: initial; margin-block: initial; margin: initial; margin-inline: initial; marker: initial; mask: initial; mask-type: initial; max-block-size: initial; max-height: initial; max-inline-size: initial; max-width: initial; min-block-size: initial; min-height: initial; min-inline-size: initial; min-width: initial; mix-blend-mode: initial; object-fit: initial; object-position: initial; offset: initial; opacity: initial; order: initial; origin-trial-test-property: initial; orphans: initial; outline: initial; outline-offset: initial; overflow-anchor: initial; overflow-wrap: initial; overflow: initial; overscroll-behavior-block: initial; overscroll-behavior-inline: initial; overscroll-behavior: initial; padding-block: initial; padding: initial; padding-inline: initial; page: initial; page-orientation: initial; paint-order: initial; perspective: initial; perspective-origin: initial; pointer-events: initial; position: initial; quotes: initial; r: initial; resize: initial; ruby-position: initial; rx: initial; ry: initial; scroll-behavior: initial; scroll-margin-block: initial; scroll-margin: initial; scroll-margin-inline: initial; scroll-padding-block: initial; scroll-padding: initial; scroll-padding-inline: initial; scroll-snap-align: initial; scroll-snap-stop: initial; scroll-snap-type: initial; shape-image-threshold: initial; shape-margin: initial; shape-outside: initial; shape-rendering: initial; size: initial; speak: initial; stop-color: initial; stop-opacity: initial; stroke: initial; stroke-dasharray: initial; stroke-dashoffset: initial; stroke-linecap: initial; stroke-linejoin: initial; stroke-miterlimit: initial; stroke-opacity: initial; stroke-width: initial; tab-size: initial; table-layout: initial; text-align: initial; text-align-last: initial; text-anchor: initial; text-combine-upright: initial; text-decoration: initial; text-decoration-skip-ink: initial; text-indent: initial; text-overflow: initial; text-shadow: initial; text-size-adjust: initial; text-transform: initial; text-underline-offset: initial; text-underline-position: initial; touch-action: initial; transform: initial; transform-box: initial; transform-origin: initial; transform-style: initial; transition: initial; user-select: initial; vector-effect: initial; vertical-align: initial; visibility: initial; -webkit-app-region: initial; border-spacing: initial; -webkit-border-image: initial; -webkit-box-align: initial; -webkit-box-decoration-break: initial; -webkit-box-direction: initial; -webkit-box-flex: initial; -webkit-box-ordinal-group: initial; -webkit-box-orient: initial; -webkit-box-pack: initial; -webkit-box-reflect: initial; -webkit-highlight: initial; -webkit-hyphenate-character: initial; -webkit-line-break: initial; -webkit-line-clamp: initial; -webkit-mask-box-image: initial; -webkit-mask: initial; -webkit-mask-composite: initial; -webkit-perspective-origin-x: initial; -webkit-perspective-origin-y: initial; -webkit-print-color-adjust: initial; -webkit-rtl-ordering: initial; -webkit-ruby-position: initial; -webkit-tap-highlight-color: initial; -webkit-text-combine: initial; -webkit-text-decorations-in-effect: initial; -webkit-text-emphasis: initial; -webkit-text-emphasis-position: initial; -webkit-text-fill-color: initial; -webkit-text-security: initial; -webkit-text-stroke: initial; -webkit-transform-origin-x: initial; -webkit-transform-origin-y: initial; -webkit-transform-origin-z: initial; -webkit-user-drag: initial; -webkit-user-modify: initial; white-space: initial; widows: initial; width: initial; will-change: initial; word-break: initial; word-spacing: initial; x: initial; y: initial; z-index: initial;\"><\/div>\n","protected":false},"excerpt":{"rendered":"<p>Pedro Carasa. Historiador \u00a0 \u00a0 \u00a0 Las epidemias hist\u00f3ricas nos han ayudado a organizar la vida social y cultural de una manera m\u00e1s humana, a salvar vidas y a mejorar la convivencia. Ense\u00f1aron a creer en la ciencia como la \u00fanica soluci\u00f3n segura de las enfermedades. Vacuna, biolog\u00eda, virolog\u00eda, epidemiolog\u00eda, inmunolog\u00eda, farmacolog\u00eda e higienismo nacieron [&hellip;]<\/p>\n","protected":false},"author":34,"featured_media":0,"comment_status":"open","ping_status":"closed","sticky":false,"template":"","format":"standard","meta":[],"categories":[1],"tags":[],"_links":{"self":[{"href":"https:\/\/blogs.elnortedecastilla.es\/miradordeclio\/wp-json\/wp\/v2\/posts\/170"}],"collection":[{"href":"https:\/\/blogs.elnortedecastilla.es\/miradordeclio\/wp-json\/wp\/v2\/posts"}],"about":[{"href":"https:\/\/blogs.elnortedecastilla.es\/miradordeclio\/wp-json\/wp\/v2\/types\/post"}],"author":[{"embeddable":true,"href":"https:\/\/blogs.elnortedecastilla.es\/miradordeclio\/wp-json\/wp\/v2\/users\/34"}],"replies":[{"embeddable":true,"href":"https:\/\/blogs.elnortedecastilla.es\/miradordeclio\/wp-json\/wp\/v2\/comments?post=170"}],"version-history":[{"count":2,"href":"https:\/\/blogs.elnortedecastilla.es\/miradordeclio\/wp-json\/wp\/v2\/posts\/170\/revisions"}],"predecessor-version":[{"id":172,"href":"https:\/\/blogs.elnortedecastilla.es\/miradordeclio\/wp-json\/wp\/v2\/posts\/170\/revisions\/172"}],"wp:attachment":[{"href":"https:\/\/blogs.elnortedecastilla.es\/miradordeclio\/wp-json\/wp\/v2\/media?parent=170"}],"wp:term":[{"taxonomy":"category","embeddable":true,"href":"https:\/\/blogs.elnortedecastilla.es\/miradordeclio\/wp-json\/wp\/v2\/categories?post=170"},{"taxonomy":"post_tag","embeddable":true,"href":"https:\/\/blogs.elnortedecastilla.es\/miradordeclio\/wp-json\/wp\/v2\/tags?post=170"}],"curies":[{"name":"wp","href":"https:\/\/api.w.org\/{rel}","templated":true}]}}