{"id":199,"date":"2022-12-02T20:53:37","date_gmt":"2022-12-02T19:53:37","guid":{"rendered":"https:\/\/blogs.elnortedecastilla.es\/miradordeclio\/?p=199"},"modified":"2022-12-02T20:53:37","modified_gmt":"2022-12-02T19:53:37","slug":"por-un-plato-de-lentejas","status":"publish","type":"post","link":"https:\/\/blogs.elnortedecastilla.es\/miradordeclio\/2022\/12\/02\/por-un-plato-de-lentejas\/","title":{"rendered":"Por un plato de lentejas"},"content":{"rendered":"<p>&nbsp;<\/p>\n<p>Pedro Carasa. Historiador<\/p>\n<p>Vivimos crisis de geoestrategia pol\u00edtica, carest\u00eda energ\u00e9tica, migrantes, invasi\u00f3n rusa, inflaci\u00f3n y huelgas. En tiempos de tribulaci\u00f3n no hacer mudanza, dec\u00eda San Ignacio. Pero con este temporal, el presidente ha dado un giro y puesto el S\u00e1hara a disposici\u00f3n de Marruecos, contra la historia, la ONU, el derecho internacional, el parlamento y parte de su propio partido.<\/p>\n<p>Esta dejaci\u00f3n del S\u00e1hara contin\u00faa la l\u00ednea de las nefastas relaciones coloniales de Espa\u00f1a con \u00c1frica, que desde el siglo XV fueron escasas de conquistas, sobradas de derrotas y poco respetuosas con los derechos de los nativos. Recorriendo sus hitos veremos c\u00f3mo semejante bandazo prosigue hoy tan dolorida historia.<\/p>\n<p>En busca de pesca, comercio y religi\u00f3n, en 1497 Medina Sidonia y los Reyes Cat\u00f3licos conquistaron Melilla. Despu\u00e9s ocuparon las islas Chafarinas, V\u00e9lez de la Gomera, Alhucemas y Perejil. En el siglo XVI la monarqu\u00eda arrib\u00f3 a Santa Cruz de la Mar Peque\u00f1a (luego Ifni) y conquist\u00f3 Buj\u00eda, Or\u00e1n, T\u00fanez y Tr\u00edpoli. En 1668 consigui\u00f3 Ceuta (mercado de oro, marfil y esclavos) que fue sede administrativa de los territorios africanos. Desde fines del XVIII control\u00f3 Fernando Poo, Annob\u00f3n y la regi\u00f3n de R\u00edo Muni.<\/p>\n<p>En el XIX se abri\u00f3 el problema colonial de Marruecos cuando se cerr\u00f3 el de Am\u00e9rica. En 1858 se fund\u00f3 Guinea Espa\u00f1ola (independizada en 1968). En 1881 una organizaci\u00f3n canaria fund\u00f3 el enclave comercial de R\u00edo de Oro, luego S\u00e1hara Espa\u00f1ol, con centro en Villa Cisneros. En 1884 estableci\u00f3 un protectorado costero en el Cabo Bojador y otros puestos comerciales.<\/p>\n<p>El siglo XX fue m\u00e1s sangriento. Tras firmar con Francia el protectorado espa\u00f1ol sobre Ifni y el S\u00e1hara Espa\u00f1ol, entre 1908-12 surgieron guerras con los bereberes. En protesta por el env\u00edo de soldados a \u00c1frica se produjo la Semana Tr\u00e1gica de julio de 1909. En 1921 el levantamiento de Abd-el-Krim acab\u00f3 en el desastre de Annual, pr\u00f3ximo a Melilla. Se sucedieron sufrimientos sociales por movilizados y muertos, errores militares, debates parlamentarios, acusaciones de corrupci\u00f3n en el expediente Picasso, cerrado por Primo de Rivera y abierto por la II Rep\u00fablica para acusar al rey. Nuevos agobios tras la Guerra del Rif, titubeos con Marruecos, desembarco de Alhucemas (1925) y dura represi\u00f3n de los ind\u00edgenas.<\/p>\n<p>Caus\u00f3 efectos muy negativos a la sociedad espa\u00f1ola. Las guerras de Marruecos infligieron enorme dolor social y tensi\u00f3n pol\u00edtica y militar, evocados en los nombres de Semana Tr\u00e1gica, Rif, Barranco del Lobo, Arruit, Abd el Krim o Annual. Pero su m\u00e1s dram\u00e1tica consecuencia fue el africanismo militarista nacido en Marruecos (Franco, Varela, Mill\u00e1n Astray, Mola, Queipo, Goded, Yag\u00fce, Alonso Vega, Berenguer) que gest\u00f3 e inici\u00f3 la guerra civil. Franco, reputado africanista entre 1920-36, transport\u00f3 su ej\u00e9rcito desde \u00c1frica a la pen\u00ednsula para dar el golpe de Estado contra la Rep\u00fablica.<\/p>\n<p>En la Segunda Guerra Mundial, Marruecos fue ocupado por EEUU para abastecerse. En 1956 se independiz\u00f3 del protectorado franc\u00e9s y en 1959 Espa\u00f1a no pudo defender el suyo. Tras convertir en provincias espa\u00f1olas Ceuta, Melilla, el S\u00e1hara Espa\u00f1ol, Ifni e islas adyacentes, Marruecos invadi\u00f3 en 1975 el S\u00e1hara Occidental con el ej\u00e9rcito de liberaci\u00f3n de guerrillas conocido como la Marcha Verde. En 1976 Espa\u00f1a descoloniz\u00f3 el S\u00e1hara y por derecho internacional qued\u00f3 como potencia administradora de iure. En la guerra fr\u00eda, EEUU y Francia defendieron la pertenencia a Marruecos y Rusia, Argelia y el Frente Polisario apostaron por la autodeterminaci\u00f3n poscolonial que ya en 1960 anunci\u00f3 la Misi\u00f3n de Naciones Unidas y en 1991 fij\u00f3 la resoluci\u00f3n de la ONU.<\/p>\n<p>Tras casi medio siglo, hoy en la sociedad espa\u00f1ola pervive un v\u00ednculo emocional dolorido por los conflictos y abandonos pasados del S\u00e1hara. Los socialistas debieran ser especialmente sensibles por haber prometido la autodeterminaci\u00f3n prevista por la ONU en las elecciones de 2019. La sociedad espa\u00f1ola merece curar y no ahondar esa sensaci\u00f3n de humillaci\u00f3n y abandono de una colonia varias veces traicionada.<\/p>\n<p>En el fondo subyace la tan manida autodeterminaci\u00f3n que S\u00e1nchez no ha sabido gestionar. Primero por autodeterminarse y cambiar de posici\u00f3n \u00e9l solito sin contar con nadie. Segundo porque, contrariado, querr\u00eda hab\u00e9rsela dado a sus socios podemitas e independentistas catalanes, pero se vio obligado a decirles que la \u00fanica autodeterminaci\u00f3n v\u00e1lida era la poscolonial, justo la que ahora niega a los saharauis. Tercero y m\u00e1s grave, porque ha negado el derecho de refer\u00e9ndum del pueblo saharaui reconocido por la ONU y por su partido.<\/p>\n<p>Adem\u00e1s, al alejarse de Argelia, ha complicado nuestro abastecimiento del gas, ha impedido que Espa\u00f1a sea el hub concentrador de redes de gasoductos argelinos a Europa y ha conseguido que Argelia nos lo encarezca y lo conduzca por Italia.<\/p>\n<p>Antes de viajar a Marruecos todo el Congreso se ha opuesto a la decisi\u00f3n del presidente. Navarra Suma y Nueva Canarias exigen cumplir las resoluciones de la ONU. UP, ERC y Bildu piden que el Congreso fije el refer\u00e9ndum conforme al derecho internacional, fruto del di\u00e1logo entre ambas partes. PNV reprueba el giro de S\u00e1nchez y solicita incluso la leg\u00edtima independencia del S\u00e1hara. Hasta el PP ha dicho que podr\u00eda votar a favor de enmiendas que incluyeran el derecho de autodeterminaci\u00f3n. Ciudadanos reclama las medidas diplom\u00e1ticas necesarias para normalizar las relaciones bilaterales con Argelia. Tambi\u00e9n los fiscales progresistas exigen la descolonizaci\u00f3n del S\u00e1hara mediante refer\u00e9ndum seg\u00fan el derecho internacional. Incluso parte del PSOE discrepa del giro de Pedro S\u00e1nchez y pide cumplir con la ONU.<\/p>\n<p>Al final, S\u00e1nchez se ha quedado solo, sin Europa, sin sus coaligados, sin oposici\u00f3n, sin parlamento, sin diplom\u00e1ticos, sin socios catalanes ni vascos, ni siquiera con todo su partido. No asegura las respuestas de Marruecos, empeora el consenso pol\u00edtico, complica el suministro energ\u00e9tico, margina la v\u00eda diplom\u00e1tica, impide el pacto parlamentario en un problema de Estado y no propicia que Europa apoye la gesti\u00f3n de su frontera meridional. As\u00ed ha vendido el legado hist\u00f3rico espa\u00f1ol en \u00c1frica, la dignidad de Espa\u00f1a en Ceuta, Melilla y Canarias, los valores de su partido, la diplomacia internacional y el suministro de gas, por un plato de lentejas.<\/p>\n<p>&nbsp;<\/p>\n<p>&nbsp;<\/p>\n<p>El art\u00edculo fue remitido a El Norte de Castilla el 7 de abril de 2022. En plena crisis del abandono de la causa del S\u00e1hara por el Gobierno de Espa\u00f1a, pero el art\u00edculo no se public\u00f3.<\/p>\n","protected":false},"excerpt":{"rendered":"<p>&nbsp; Pedro Carasa. Historiador Vivimos crisis de geoestrategia pol\u00edtica, carest\u00eda energ\u00e9tica, migrantes, invasi\u00f3n rusa, inflaci\u00f3n y huelgas. En tiempos de tribulaci\u00f3n no hacer mudanza, dec\u00eda San Ignacio. Pero con este temporal, el presidente ha dado un giro y puesto el S\u00e1hara a disposici\u00f3n de Marruecos, contra la historia, la ONU, el derecho internacional, el parlamento [&hellip;]<\/p>\n","protected":false},"author":34,"featured_media":0,"comment_status":"open","ping_status":"closed","sticky":false,"template":"","format":"standard","meta":[],"categories":[1],"tags":[],"_links":{"self":[{"href":"https:\/\/blogs.elnortedecastilla.es\/miradordeclio\/wp-json\/wp\/v2\/posts\/199"}],"collection":[{"href":"https:\/\/blogs.elnortedecastilla.es\/miradordeclio\/wp-json\/wp\/v2\/posts"}],"about":[{"href":"https:\/\/blogs.elnortedecastilla.es\/miradordeclio\/wp-json\/wp\/v2\/types\/post"}],"author":[{"embeddable":true,"href":"https:\/\/blogs.elnortedecastilla.es\/miradordeclio\/wp-json\/wp\/v2\/users\/34"}],"replies":[{"embeddable":true,"href":"https:\/\/blogs.elnortedecastilla.es\/miradordeclio\/wp-json\/wp\/v2\/comments?post=199"}],"version-history":[{"count":1,"href":"https:\/\/blogs.elnortedecastilla.es\/miradordeclio\/wp-json\/wp\/v2\/posts\/199\/revisions"}],"predecessor-version":[{"id":200,"href":"https:\/\/blogs.elnortedecastilla.es\/miradordeclio\/wp-json\/wp\/v2\/posts\/199\/revisions\/200"}],"wp:attachment":[{"href":"https:\/\/blogs.elnortedecastilla.es\/miradordeclio\/wp-json\/wp\/v2\/media?parent=199"}],"wp:term":[{"taxonomy":"category","embeddable":true,"href":"https:\/\/blogs.elnortedecastilla.es\/miradordeclio\/wp-json\/wp\/v2\/categories?post=199"},{"taxonomy":"post_tag","embeddable":true,"href":"https:\/\/blogs.elnortedecastilla.es\/miradordeclio\/wp-json\/wp\/v2\/tags?post=199"}],"curies":[{"name":"wp","href":"https:\/\/api.w.org\/{rel}","templated":true}]}}