{"id":225,"date":"2024-01-29T18:09:11","date_gmt":"2024-01-29T17:09:11","guid":{"rendered":"https:\/\/blogs.elnortedecastilla.es\/miradordeclio\/?p=225"},"modified":"2024-01-29T18:09:11","modified_gmt":"2024-01-29T17:09:11","slug":"puente-entre-cantabria-y-castilla","status":"publish","type":"post","link":"https:\/\/blogs.elnortedecastilla.es\/miradordeclio\/2024\/01\/29\/puente-entre-cantabria-y-castilla\/","title":{"rendered":"Puente entre Cantabria y Castilla"},"content":{"rendered":"<p><strong>Pedro Carasa. Historiador<\/strong><\/p>\n<p>Desfila por esta pasarela de poder <strong>C\u00e9sar Sili\u00f3 (1865-1944)<\/strong>, porque con sus ladrillos construy\u00f3 los <strong>arcos<\/strong> de un <strong>puente<\/strong> entre <strong>\u00e9lites c\u00e1ntabras y castellanas<\/strong>. Fue c<strong>oncejal, parlamentario, ministro y abogado conservador,<\/strong> pero tambi\u00e9n p<strong>eriodista pionero, universitario innovador y empresario descubridor<\/strong>.<\/p>\n<p>Su <strong>arco familiar<\/strong> de ra\u00edz monta\u00f1esa emparent\u00f3 con los Delibes y se asent\u00f3 en Valladolid. Logr\u00f3 conectar cargos, navieras e industrias c\u00e1ntabras y castellanas. Hijo del <strong>harinero de la India Chica<\/strong> de Rioseco, en el <strong>Canal de Castilla<\/strong>, vincul\u00f3 negocio y pol\u00edtica entre <strong>Santander, Palencia y Valladolid.<\/strong><\/p>\n<p>Subray\u00f3 la <strong>tradici\u00f3n de la Iglesia<\/strong>, su padre fund\u00f3 los C\u00edrculos Obreros Cat\u00f3licos, su fe cambi\u00f3 su criminalismo positivista y <strong>posibilit\u00f3 al clero influir en la Universidad<\/strong>.<\/p>\n<p>La crisis espa\u00f1ola del 98 <strong>tens\u00f3 su esp\u00edritu espa\u00f1ol<\/strong>. Fue pesimista al abandonar la leyenda de oro, pero ensalz\u00f3 a <strong>Isabel la Cat\u00f3lica como fundadora de Espa\u00f1a.<\/strong> Como corresponsal de <em>El Norte de Castilla<\/em> en la Exposici\u00f3n de Par\u00eds se asombr\u00f3 de la pujanza francesa, brit\u00e1nica y alemana y lament\u00f3 la carencia espa\u00f1ola de valores burgueses. Escribi\u00f3 \u201c\u00a1Qu\u00e9 grande era la Espa\u00f1a del siglo XVI! \u00bfNo hay hoy Espa\u00f1a?\u201d <strong>Aspir\u00f3 a burgu\u00e9s europeo pero se qued\u00f3 en regeneracionista desde arriba por los l\u00edmites conservadores mauristas.<\/strong><\/p>\n<p>Sigui\u00f3 la opci\u00f3n pol\u00edtica de <strong>Gamazo y Maura<\/strong> y no se consider\u00f3 albista, pero era s<strong>ocio y pariente de Alba.<\/strong> Por eso, siendo jefe del partido conservador local, fue <strong>diputado gracias al albismo<\/strong>. Critic\u00f3 las revoluciones socialistas, no reprob\u00f3 la proximidad del rey a la dictadura, <strong>apoy\u00f3 la dictablanda, se opuso a la Rep\u00fablica y coincidi\u00f3 con el primer franquismo<\/strong>.<\/p>\n<p>Como pol\u00edtico <strong>mezcl\u00f3 partidos, asambleas y distritos<\/strong> (Valladolid 1903-18 y Villalpando \u00a0(1919). Senador universitario, diputado conservador, <strong>concejal con albistas, gamacista en la Diputaci\u00f3n<\/strong>, vocal de la Asamblea <strong>Nacional Consultiva<\/strong>\u00a0(1927-30) y cofundador del partido <strong>Renovaci\u00f3n Espa\u00f1ola.<\/strong><\/p>\n<p>Fue concejal y teniente bajo la influencia de Alba en el ayuntamiento. Al ser <strong>pariente de alcaldes albistas<\/strong> (Fdz.Reguera y G\u00f3mez Diez) hizo con ellos <strong>pactos familiares<\/strong> para que Alba lo apoyara como diputado.<\/p>\n<p>Su ministerio inici\u00f3 en 1919 la <strong>autonom\u00eda universitaria,<\/strong> tan <strong>meritoria como limitada<\/strong>. Fue administrativa, acad\u00e9mica, financiera y cient\u00edfica, contra el centralismo de la\u00a0<a href=\"https:\/\/personal.us.es\/alporu\/historia\/ley_moyano.htm\" rel=\"external nofollow\">Ley Moyano<\/a>. Le dio <strong>personalidad<\/strong> jur\u00eddica, <strong>estatutos,<\/strong> e<strong>lecci\u00f3n<\/strong> rectoral, asociaciones <strong>estudiantiles<\/strong>, personal administrativo, <strong>programas d<\/strong>ocentes e iniciativas<strong> investigadora,<\/strong> literaria y cient\u00edfica. Pero lo pens\u00f3 <strong>desde arriba<\/strong>, sin dar parte a los interesados, <strong>sin recursos<\/strong> econ\u00f3micos y con el fin de p<strong>ropiciar la influencia cat\u00f3lica<\/strong>. La Universidad de Valladolid logr\u00f3 <strong>estatutos,<\/strong> pero Coss\u00edo y Men\u00e9ndez Pidal le llamaron p<strong>recipitado y adicto a\u00a0 la Iglesia<\/strong>.<\/p>\n<p>En la <strong>ense\u00f1anza<\/strong> tambi\u00e9n su <strong>arco se trenz\u00f3<\/strong> bastante. Renov\u00f3 la\u00a0 Universidad e introdujo Publicidad en las Escuelas de Comercio, pero <strong>se opuso a la ILE, a las escuelas laicas y a la reforma republicana<\/strong>.<\/p>\n<p>Como abogado fue <strong>pasante del bufete<\/strong> del mas\u00f3n \u00c1lvarez <strong>Taladriz<\/strong> y <strong>defensor de una acusada de violencia<\/strong> conyugal que i<strong>nteres\u00f3 a la Pardo Baz\u00e1n<\/strong>. Al tiempo, critic\u00f3 el criminalismo de Lombroso para respetar la tradici\u00f3n cat\u00f3lica.<\/p>\n<p>En efecto, fue n<strong>otable su gesti\u00f3n period\u00edstica como director de El <em>Norte de Castilla<\/em><\/strong> con Alba de gerente. Lo convirtieron en un peri\u00f3dico pol\u00edtico <strong>liberal, moderno, seguidor de su pol\u00edtica y de la econom\u00eda regional.<\/strong> Dej\u00f3 de ser portavoz de la vieja burgues\u00eda harinera y se convirti\u00f3 en un peri\u00f3dico <strong>renovador de la cultura pol\u00edtica e impulsor del desarrollo de Castilla. Se transform\u00f3 en sociedad an\u00f3nima m\u00e1s rentable, renov\u00f3 m\u00e1quinas, sedes y ediciones y acogi\u00f3 notables firmas<\/strong>: Baz\u00e1n, N\u00fa\u00f1ez de Arce,\u00a0 Ortega Zapata, Mart\u00ed y Mons\u00f3, Mac\u00edas Picabea, Agapito Revilla, Alonso Cort\u00e9s, Yllera Medina y \u201cel Prior\u201d Alba. Sili\u00f3 escribi\u00f3 <strong>buenos art\u00edculos en <em>Cr\u00f3nicas de actualidad<\/em> <\/strong>y por su prestigio presidi\u00f3 la primera Asociaci\u00f3n de Prensa en Valladolid. Pero en 1901 dej\u00f3 <em>El Norte<\/em> y <strong>se alej\u00f3 de Alba,<\/strong> compr\u00f3 y d<strong>irigi\u00f3 el conservador <em>La Libertad<\/em><\/strong>, que pronto <em>El Norte<\/em> fagocit\u00f3.<\/p>\n<p>El a<strong>rco empresarial<\/strong> de Sili\u00f3 fue sin duda el m\u00e1s<strong> amplio, activo y rompedor<\/strong>. Su padre Eloy, burgu\u00e9s <strong>harinero,<\/strong> cre\u00f3 una pionera <strong>cer\u00e1mica<\/strong>, fue primer <strong>cervecero<\/strong> y perteneci\u00f3 a la <strong>electricista<\/strong> Santillana. Como empresario prestigioso entr\u00f3 en la C<strong>\u00e1mara de Comerci<\/strong>o y en la S<strong>ociedad Industrial Castellana.<\/strong> C\u00e9sar continu\u00f3 esta senda pionera. Mantuvieron las cerveceras <strong>El \u00c1guila, La Cruz Blanca y hasta la Gambrinus<\/strong> en Valladolid. Levantaron en San Juan la <strong>F\u00e1brica de teja y ladrillo de Castilla<\/strong> y en San Vicente la <strong>Tejera mec\u00e1nica<\/strong>, fundieron luego la <strong>Progresiva de Castilla<\/strong> y alcanzaron Madrid y Reinosa. En 1908 formaron sociedad an\u00f3nima, <strong>ampliaron el ladrillo al hormig\u00f3n<\/strong>, usaron maquinaria francesa, hicieron propaganda y vendieron el <strong>cemento Pozzuoli<\/strong> (al difundirlo como <em>puzolano<\/em> l<strong>lamaron <em>pucelanos<\/em> a los distribuidores vallisoletanos<\/strong>). Aunque protestaron los vecinos por polvo y gases, su <strong>esbelta chimenea se apreci\u00f3 como valioso patrimonio<\/strong> de arquitectura industrial. Lo demandaba el urbanismo pujante de los 60000 vallisoletanos.<\/p>\n<p>Al tiempo fue <strong>banquero, internacional<\/strong> como consejero del Banco Hispano-Austro-H\u00fangaro, <strong>nacional<\/strong> del Banco de Madrid y <strong>local<\/strong> de Valladolid, que era tercer foco financiero espa\u00f1ol.<\/p>\n<p>Result\u00f3 buen <strong>orador, acad\u00e9mico,<\/strong> colaborador de revistas y autor de l<strong>ibros de derecho, historia y educaci\u00f3n<\/strong>. Un <strong>pionero<\/strong> en cultura e<strong>mpresarial,<\/strong> misi\u00f3n <strong>period\u00edstica<\/strong> y reforma <strong>universitaria<\/strong>. El p<strong>recoz pucelano<\/strong> leg\u00f3 un valioso patrimonio a Valladolid, por eso u<strong>na calle con su nombre lo recuerda.<\/strong><\/p>\n<p>&nbsp;<\/p>\n<p>El original se edit\u00f3 en papel en <em>El Norte de Castilla<\/em> del domingo 28 de enero de 2024<\/p>\n","protected":false},"excerpt":{"rendered":"<p>Pedro Carasa. Historiador Desfila por esta pasarela de poder C\u00e9sar Sili\u00f3 (1865-1944), porque con sus ladrillos construy\u00f3 los arcos de un puente entre \u00e9lites c\u00e1ntabras y castellanas. Fue concejal, parlamentario, ministro y abogado conservador, pero tambi\u00e9n periodista pionero, universitario innovador y empresario descubridor. Su arco familiar de ra\u00edz monta\u00f1esa emparent\u00f3 con los Delibes y se [&hellip;]<\/p>\n","protected":false},"author":34,"featured_media":0,"comment_status":"open","ping_status":"closed","sticky":false,"template":"","format":"standard","meta":[],"categories":[1],"tags":[],"_links":{"self":[{"href":"https:\/\/blogs.elnortedecastilla.es\/miradordeclio\/wp-json\/wp\/v2\/posts\/225"}],"collection":[{"href":"https:\/\/blogs.elnortedecastilla.es\/miradordeclio\/wp-json\/wp\/v2\/posts"}],"about":[{"href":"https:\/\/blogs.elnortedecastilla.es\/miradordeclio\/wp-json\/wp\/v2\/types\/post"}],"author":[{"embeddable":true,"href":"https:\/\/blogs.elnortedecastilla.es\/miradordeclio\/wp-json\/wp\/v2\/users\/34"}],"replies":[{"embeddable":true,"href":"https:\/\/blogs.elnortedecastilla.es\/miradordeclio\/wp-json\/wp\/v2\/comments?post=225"}],"version-history":[{"count":1,"href":"https:\/\/blogs.elnortedecastilla.es\/miradordeclio\/wp-json\/wp\/v2\/posts\/225\/revisions"}],"predecessor-version":[{"id":226,"href":"https:\/\/blogs.elnortedecastilla.es\/miradordeclio\/wp-json\/wp\/v2\/posts\/225\/revisions\/226"}],"wp:attachment":[{"href":"https:\/\/blogs.elnortedecastilla.es\/miradordeclio\/wp-json\/wp\/v2\/media?parent=225"}],"wp:term":[{"taxonomy":"category","embeddable":true,"href":"https:\/\/blogs.elnortedecastilla.es\/miradordeclio\/wp-json\/wp\/v2\/categories?post=225"},{"taxonomy":"post_tag","embeddable":true,"href":"https:\/\/blogs.elnortedecastilla.es\/miradordeclio\/wp-json\/wp\/v2\/tags?post=225"}],"curies":[{"name":"wp","href":"https:\/\/api.w.org\/{rel}","templated":true}]}}