{"id":231,"date":"2024-04-22T18:08:20","date_gmt":"2024-04-22T16:08:20","guid":{"rendered":"https:\/\/blogs.elnortedecastilla.es\/miradordeclio\/?p=231"},"modified":"2024-04-22T18:08:20","modified_gmt":"2024-04-22T16:08:20","slug":"la-memoria-de-los-comuneros-reforzo-nuestra-identidad-regional","status":"publish","type":"post","link":"https:\/\/blogs.elnortedecastilla.es\/miradordeclio\/2024\/04\/22\/la-memoria-de-los-comuneros-reforzo-nuestra-identidad-regional\/","title":{"rendered":"La Memoria de los Comuneros \u00bfreforz\u00f3 nuestra identidad regional?"},"content":{"rendered":"<p>Los poderes suelen <strong>controlar el relato del pasado y regular su memoria<\/strong> para potenciar sus valores. <strong>Ti\u00f1eron la memoria de los Comuneros<\/strong> con la cultura de cada conmemoraci\u00f3n y a veces les aplicaron valores <strong>impropios del siglo XVI.<\/strong><\/p>\n<p>Se excedieron algunos centenarios al definirles con <strong>virtudes futuras y conceptos anacr\u00f3nicos<\/strong>: Revoluci\u00f3n burguesa, democracia, regionalismo, castellanismo, nacionalismo, soberanismo, republicanismo, feminismo.<\/p>\n<p>Los Austrias del <strong>I centenario de 1621<\/strong> condenaron la rebeli\u00f3n. Los Borbones de 1721 olvidaron <strong>II centenario<\/strong> del levantamiento.<\/p>\n<p>En el <strong>III centenario de 1821<\/strong> los liberales, el Empecinado y la masoner\u00eda llamaron comunero y carbonario al primer movimiento de la libertad contra la monarqu\u00eda, exaltaron a los Comuneros como precursores liberales y m\u00e1rtires del absolutismo. La <strong>generaci\u00f3n de 1868<\/strong> volvi\u00f3 a tildarlos de revolucionarios <strong>republicanos,<\/strong> iz\u00f3 la bandera con el morado del pend\u00f3n, redact\u00f3 el <strong>pacto federal<\/strong> castellano de 1869 y los agit\u00f3 en la insurrecci\u00f3n <strong>cantonalista<\/strong> de 1873. En cambio, <strong>Ganivet<\/strong> y <strong>Men\u00e9ndez Pelayo<\/strong> de la generaci\u00f3n del 98 y <strong>Mara\u00f1\u00f3n<\/strong> del 14 los <strong>demonizaron<\/strong>, bien decapitados por rebeldes al rey.<\/p>\n<p>El<strong> IV centenario de 1921,<\/strong> en pleno movimiento regionalista, volvi\u00f3 a tintarles de <strong>castellanistas y autonomistas<\/strong> y ubic\u00f3 en Villalar el Santo Grial castellano. Corominas los crey\u00f3 precursores de las revoluciones inglesa y francesa y descubri\u00f3 la <strong>soberan\u00eda popular<\/strong> en el mensaje de la junta comunera al emperador. La II Rep\u00fablica volvi\u00f3 a simbolizarlos en su <strong>bandera como republicanos<\/strong> y autonomistas. Un batall\u00f3n republicano de la guerra civil se llam\u00f3 Comuneros.<\/p>\n<p><em>\u00a0 \u00a0 \u00a0 \u00a0El florido pensil<\/em> recuerda que la dictadura <strong>franquista conden\u00f3<\/strong> las Comunidades por tradicionalistas y reaccionarias. Pem\u00e1n los llam\u00f3 <strong>politicastros<\/strong> como los nacionalistas perif\u00e9ricos, incapaces de admirar el sublime destino imperial desde el campanario de su aldea.<\/p>\n<p>Maravall en 1960 consider\u00f3 a las Comunidades el primer movimiento revolucionario de la Europa moderna. Y en 1977 el hispanista <strong>Joseph P\u00e9rez<\/strong> edit\u00f3 el excelente libro <em>La revoluci\u00f3n de las comunidades de Castilla (1520-1521).<\/em><\/p>\n<p>En 1972 se fund\u00f3 la <strong>librer\u00eda Villalar,<\/strong> homenaje a las libertades castellanas y sede del movimiento antifranquista. Present\u00f3 el poema <em>Los Comuneros<\/em> de L\u00f3pez \u00c1lvarez que cant\u00f3 el <strong>Nuevo Mester<\/strong> de Juglar\u00eda como <strong>himno auton\u00f3mico<\/strong>.<\/p>\n<p>En esa d\u00e9cada la izquierda, el Instituto y la Alianza Regional se <strong>movilizaron en Villalar<\/strong>. Varios marxistas aplicaron a las Comunidades el concepto materialista de <strong>revoluci\u00f3n burguesa<\/strong> del XIX.<\/p>\n<p>En 1<strong>983 el Estatuto fij<\/strong>\u00f3 la fiesta regional del 23 de abril de las Comunidades en el escenario de Villalar. Todos los partidos, sin la ultraderecha, acudieron a su campa. En 2003 las Cortes crearon la <strong>Fundaci\u00f3n Villalar<\/strong> y fijaron en la villa comunera el <strong>dep\u00f3sito de los s\u00edmbolos regionales.<\/strong> Los Indignados y mareas populistas de las crisis inmobiliaria y epid\u00e9mica los exaltaron como<strong> dem\u00f3cratas<\/strong>. El <strong>feminismo<\/strong> cant\u00f3 a las mujeres comuneras como precursoras de la igualdad.<\/p>\n<p>Pero la memoria de los Comuneros <strong>hoy se aleja.<\/strong> <strong>No ha reforzado la identidad<\/strong> de Castilla y Le\u00f3n. Sus Cortes <strong>desmontaron la Fundaci\u00f3n Villalar e<\/strong>n 2020. El a\u00f1o epid\u00e9mico de <strong>2021 confin\u00f3 a los Comunero<\/strong>s <strong>sin celebrar el V centenario<\/strong>. Los 150 documentos, pinturas, esculturas, tapices, ense\u00f1as y vestimentas de la exposici\u00f3n <em>Comuneros: 500 a\u00f1os<\/em> apenas reflejaron sus memorias. Algunas provincias prefieren <strong>cambiar la campa festiva.<\/strong> Le\u00f3n quiere s<strong>eparar la fiesta regional<\/strong>, una castellana en Villalar y otra <strong>leonesa<\/strong> para celebrar el 18 de abril en el claustro de San Isidoro la formaci\u00f3n del <strong>primer parlamento en 1188<\/strong>. Hablan de <strong>Lexit <\/strong>para separarse.<\/p>\n<p><strong>Aconsejamos la historia<\/strong> de Joseph P\u00e9rez. Se basa en testimonios de reuniones sinceras con la reina Juana en Tordesillas, intervenciones voceadas en la junta comunera, cartas personales y familiares, declaraciones airadas y negociaciones tensas con villas no rebeldes y pactos valientes en concejos. Descubre la <strong>mente comunera revuelta contra la gesti\u00f3n imperial germ\u00e1nica y flamenca<\/strong> de Carlos V. Les aplica <strong>valores propios del XVI<\/strong>: Humanismo renacentista, concejos abiertos, lanas y mercados castellanos, lengua propia, impuestos malgastados, respeto a las villas mercantiles de Tordesillas, Villal\u00f3n, Segovia, Toledo, Zamora, Medina del Campo y a la corte de Valladolid.<\/p>\n<p>Incluye levantamiento <strong>antise\u00f1orial<\/strong>, movimiento <strong>antifiscal<\/strong>, mala cosecha y crisis de subsistencia, defensa de intereses y productos comerciales castellanos <strong>sometidos al beneficio flamenco<\/strong>, t<strong>ensi\u00f3n gremial<\/strong> interior entre centros laneros castellanos, lamento por la inversi\u00f3n de i<strong>mpuestos castellanos en alejados conflictos<\/strong> y guerras imperiales, sumisi\u00f3n del monarca castellano <strong>Carlos I bajo Carlos V<\/strong> emperador del Sacro Imperio Romano Germ\u00e1nico, peticiones de <strong>servicios a las Cortes<\/strong> para viajar a Flandes, negativa actitud imperial de la a<strong>lta nobleza<\/strong> y territorios perif\u00e9ricos castellanos, queja por no usar la <strong>lengua castellana<\/strong> dentro de la corte, disgusto por el <strong>irenismo carolino<\/strong> ante la agresi\u00f3n luterana a la religiosidad cat\u00f3lica sentida en Castilla como relata <em>El Hereje<\/em> de Delibes, protesta por la entrada de la <strong>\u00e9lite flamenca en la corte<\/strong> castellana.<\/p>\n<p>A los humanistas cristianos del siglo XVI no podemos llamarles <strong>barrocos<\/strong> del XVII, r<strong>acionalistas<\/strong> del XVIII, <strong>liberales<\/strong> o <strong>republicanos<\/strong> del XIX, <strong>regionalistas<\/strong> castellanos, <strong>fascistas<\/strong> o <strong>comunistas<\/strong> del XX, <strong>nacionalistas,<\/strong> <strong>feministas<\/strong> o populistas del siglo XXI. Vale la hip\u00f3tesis de que los comuneros habr\u00edan vivido esos valores m\u00e1s tarde, pero no en 1521. Sus memorias conmemorativas <strong>ni han alimentado la misma identidad regional, ni han reflejado la historia del siglo XVI.<\/strong><\/p>\n<p>&nbsp;<\/p>\n<p>&nbsp;<\/p>\n<p>El original se public\u00f3 el domingo 21 de abril de 2024 en la edici\u00f3n de El Norte de Castilla y en su versi\u00f3n on line.<\/p>\n","protected":false},"excerpt":{"rendered":"<p>Los poderes suelen controlar el relato del pasado y regular su memoria para potenciar sus valores. Ti\u00f1eron la memoria de los Comuneros con la cultura de cada conmemoraci\u00f3n y a veces les aplicaron valores impropios del siglo XVI. Se excedieron algunos centenarios al definirles con virtudes futuras y conceptos anacr\u00f3nicos: Revoluci\u00f3n burguesa, democracia, regionalismo, castellanismo, [&hellip;]<\/p>\n","protected":false},"author":34,"featured_media":0,"comment_status":"open","ping_status":"closed","sticky":false,"template":"","format":"standard","meta":[],"categories":[1],"tags":[],"_links":{"self":[{"href":"https:\/\/blogs.elnortedecastilla.es\/miradordeclio\/wp-json\/wp\/v2\/posts\/231"}],"collection":[{"href":"https:\/\/blogs.elnortedecastilla.es\/miradordeclio\/wp-json\/wp\/v2\/posts"}],"about":[{"href":"https:\/\/blogs.elnortedecastilla.es\/miradordeclio\/wp-json\/wp\/v2\/types\/post"}],"author":[{"embeddable":true,"href":"https:\/\/blogs.elnortedecastilla.es\/miradordeclio\/wp-json\/wp\/v2\/users\/34"}],"replies":[{"embeddable":true,"href":"https:\/\/blogs.elnortedecastilla.es\/miradordeclio\/wp-json\/wp\/v2\/comments?post=231"}],"version-history":[{"count":2,"href":"https:\/\/blogs.elnortedecastilla.es\/miradordeclio\/wp-json\/wp\/v2\/posts\/231\/revisions"}],"predecessor-version":[{"id":233,"href":"https:\/\/blogs.elnortedecastilla.es\/miradordeclio\/wp-json\/wp\/v2\/posts\/231\/revisions\/233"}],"wp:attachment":[{"href":"https:\/\/blogs.elnortedecastilla.es\/miradordeclio\/wp-json\/wp\/v2\/media?parent=231"}],"wp:term":[{"taxonomy":"category","embeddable":true,"href":"https:\/\/blogs.elnortedecastilla.es\/miradordeclio\/wp-json\/wp\/v2\/categories?post=231"},{"taxonomy":"post_tag","embeddable":true,"href":"https:\/\/blogs.elnortedecastilla.es\/miradordeclio\/wp-json\/wp\/v2\/tags?post=231"}],"curies":[{"name":"wp","href":"https:\/\/api.w.org\/{rel}","templated":true}]}}