{"id":25,"date":"2016-09-18T10:46:07","date_gmt":"2016-09-18T08:46:07","guid":{"rendered":"http:\/\/blogs.elnortedecastilla.es\/miradordeclio\/?p=25"},"modified":"2016-09-18T10:46:07","modified_gmt":"2016-09-18T08:46:07","slug":"el-otono-del-psoe-historico","status":"publish","type":"post","link":"https:\/\/blogs.elnortedecastilla.es\/miradordeclio\/2016\/09\/18\/el-otono-del-psoe-historico\/","title":{"rendered":"El oto\u00f1o del PSOE hist\u00f3rico"},"content":{"rendered":"<p>El oto\u00f1o del PSOE hist\u00f3rico<\/p>\n<p align=\"right\">Pedro Carasa<\/p>\n<p>Vemos al PSOE como un \u00e1rbol hist\u00f3rico de cuatro ramas que forman sus iniciales: partido pol\u00edtico, ideolog\u00eda socialista, composici\u00f3n obrera y naturaleza espa\u00f1ola. Su tronco federal fue alimentado por unas ra\u00edces de 137 a\u00f1os y pensado para producir frutos de justicia, solidaridad e igualdad. Particip\u00f3 en gobiernos republicanos, ha ganado 17 elecciones, ha gobernado 21 a\u00f1os en la Transici\u00f3n, ha recibido m\u00e1s de un tercio de los votos, ha modernizado los movimientos sociales, la cultura pol\u00edtica y el mundo laboral. Ha sido un pilar b\u00e1sico de la democracia en Espa\u00f1a.<\/p>\n<p>Siguiendo el s\u00edmil del \u00e1rbol en las estaciones de la historia, parece que el partido culmin\u00f3 su oto\u00f1o y comenz\u00f3 a invernar. Como en la naturaleza, las instituciones deben adecuar sus ramas y hojas a cada etapa hist\u00f3rica, pero no deben perder la fortaleza de su tronco para seguir dando frutos. Al PSOE se le cayeron sus ramas y hojas originales, pero tambi\u00e9n perdi\u00f3 cohesi\u00f3n en su tronco federal, y dej\u00f3 de dar sus frutos de justicia, solidaridad e igualdad.<\/p>\n<p>Cuando naci\u00f3 todas sus iniciales eran imprescindibles. La \u201cP\u201d de partido pol\u00edtico de masas, el primero de participaci\u00f3n popular. La \u201cS\u201d por adherirse al socialismo y marxismo, la teor\u00eda social, pol\u00edtica y econ\u00f3mica m\u00e1s avanzada de entonces, defensora de la igualdad, la solidaridad y la justicia social. Comenz\u00f3 con un programa ortodoxo y radical de lucha proletaria, de propiedad social y de poder pol\u00edtico de clase. La \u201cO\u201d fue la letra m\u00e1s espec\u00edfica y la preferida por Pablo Iglesias, porque pretendi\u00f3 emancipar al movimiento obrero de la tutela de la burgues\u00eda dem\u00f3crata y republicana, y quiso formar un partido pol\u00edtico obrero y no burgu\u00e9s. La \u201cE\u201d aseguraba representar a toda la naci\u00f3n espa\u00f1ola, como otros partidos socialistas europeos que inclu\u00edan en sus siglas el nombre del pa\u00eds. Se distingu\u00eda as\u00ed de los emergentes partidos nacionalistas vasco y catal\u00e1n, burgueses, conservadores, no internacionalistas y ajenos a la clase obrera.<\/p>\n<p>Su tronco era federal, estaba internamente articulado de esa forma y propon\u00eda organizar Espa\u00f1a en Estados federales, sim\u00e9tricos y articulados. Pretend\u00eda romper con el centralismo espa\u00f1olista y evitar la ruptura estatal de los nacionalismos. Aunque el PSOE no consigui\u00f3 introducir el federalismo en los debates constitucionales.<\/p>\n<p>El oto\u00f1o le lleg\u00f3 al \u00e1rbol hist\u00f3rico del PSOE cuando se hizo socialdem\u00f3crata y burgu\u00e9s, apoy\u00f3 al nacionalismo y amput\u00f3 sus primeras ramas y hojas. Cay\u00f3 la \u201cO\u201d de obrero, arrancada por varios vientos: conjunci\u00f3n republicano-socialista, alianza con la burgues\u00eda radical-intelectual, fracturas de sus comit\u00e9s y pugnas con comunistas y anarquistas. En la Transici\u00f3n la \u201cO\u201d sobraba en sus siglas y desapareci\u00f3 en los partidos auton\u00f3micos. Hoy es un partido de clases medias,<a class=\"MFRZgh7BN0r6 Gtli8jyt\" title=\"Clic para continuar por Advertise\" href=\"#8510677\"> aliado<img src=\"\/\/cdncache-a.akamaihd.net\/items\/it\/img\/arrow.png\" alt=\"\" \/><\/a> d\u00e9bilmente con el proletariado solo por el sindicato UGT.<\/p>\n<p>Tambi\u00e9n vol\u00f3 la hoja socialista. El congreso extraordinario de 1979 abandon\u00f3 el marxismo, borr\u00f3 las ra\u00edces originarias del socialismo cient\u00edfico, olvid\u00f3 la asc\u00e9tica de Pablo Iglesias, y diluy\u00f3 su ideolog\u00eda en el sincretismo socialdem\u00f3crata. En la democracia el partido antepuso la modernidad a la igualdad, el crecimiento econ\u00f3mico a la justicia social, y prefiri\u00f3 la identidad a la solidaridad entre las regiones. Un proceso propio del contexto del fin del socialismo real, del descr\u00e9dito marxista y la ca\u00edda del muro, que afect\u00f3 a otros partidos socialistas europeos.<\/p>\n<p>Perdi\u00f3 significado su letra \u201cE\u201d, eliminada en algunos partidos regionales. Dentro del partido se sugiri\u00f3 recientemente que esta letra significara europeo y no espa\u00f1ol. Padeci\u00f3 cierta sensaci\u00f3n vergonzante de llamarse espa\u00f1ol, mostr\u00f3 ambig\u00fcedad ante el derecho a decidir y propuso un indefinido federalismo asim\u00e9trico, opuesto a su legado hist\u00f3rico de igualdad. Abandon\u00f3 tambi\u00e9n el republicanismo, predominante en su historia, y apoy\u00f3 la monarqu\u00eda en la Transici\u00f3n.<\/p>\n<p>Esta adaptaci\u00f3n de ramas y hojas a las condiciones clim\u00e1ticas de la sociedad espa\u00f1ola le fortaleci\u00f3 y otorg\u00f3 el poder. En la d\u00e9cada de los ochenta moderniz\u00f3 y europeiz\u00f3 Espa\u00f1a, pero despu\u00e9s, al perder el poder, el \u00e1rbol hist\u00f3rico del PSOE abandon\u00f3 sus viejos ideales, dej\u00f3 su tronco resquebrajado y no produjo los viejos valores de igualdad y solidaridad. Su organizaci\u00f3n federal quebr\u00f3 al segregarse partidos auton\u00f3micos.<\/p>\n<p>Se a\u00f1adieron a este oto\u00f1o institucional graves circunstancias que empeoraron sus efectos: la crisis de valores en las clases medias, la ruptura de la izquierda y la honda fractura territorial espa\u00f1ola.<\/p>\n<p>El partido ha perdido una oportunidad de oro en la \u00faltima crisis social para recuperar sus necesarios valores hist\u00f3ricos. En ella ha cedido a la corrupci\u00f3n, se ha limitado a llorar por los recortes, ha debilitado su liderazgo y ha perdido el poder y el electorado. El PSOE no ha podido con la crisis y la crisis ha podido con el PSOE. Ha abjurado de su internacionalismo hist\u00f3rico, ha pactado con los nacionalismos y antepuesto lo particular a lo general y lo identitario a lo solidario. Ha postergado as\u00ed el papel com\u00fan del Estado que deb\u00eda defender y lo ha dejado como un enemigo residual al que las Autonom\u00edas deb\u00edan arrancar recursos.<\/p>\n<p>Espa\u00f1a necesita hoy un partido socialista con sentido de Estado, descentralizado y federal, que cultive los frutos hist\u00f3ricos de justicia, igualdad y solidaridad. Los electores comprometidos socialmente carecen de este instrumento para solucionar la grave deriva del problema territorial y la hondura de las desigualdades sociales.<\/p>\n","protected":false},"excerpt":{"rendered":"<p>El oto\u00f1o del PSOE hist\u00f3rico Pedro Carasa Vemos al PSOE como un \u00e1rbol hist\u00f3rico de cuatro ramas que forman sus iniciales: partido pol\u00edtico, ideolog\u00eda socialista, composici\u00f3n obrera y naturaleza espa\u00f1ola. Su tronco federal fue alimentado por unas ra\u00edces de 137 a\u00f1os y pensado para producir frutos de justicia, solidaridad e igualdad. Particip\u00f3 en gobiernos republicanos, [&hellip;]<\/p>\n","protected":false},"author":34,"featured_media":0,"comment_status":"open","ping_status":"closed","sticky":false,"template":"","format":"standard","meta":[],"categories":[2],"tags":[],"_links":{"self":[{"href":"https:\/\/blogs.elnortedecastilla.es\/miradordeclio\/wp-json\/wp\/v2\/posts\/25"}],"collection":[{"href":"https:\/\/blogs.elnortedecastilla.es\/miradordeclio\/wp-json\/wp\/v2\/posts"}],"about":[{"href":"https:\/\/blogs.elnortedecastilla.es\/miradordeclio\/wp-json\/wp\/v2\/types\/post"}],"author":[{"embeddable":true,"href":"https:\/\/blogs.elnortedecastilla.es\/miradordeclio\/wp-json\/wp\/v2\/users\/34"}],"replies":[{"embeddable":true,"href":"https:\/\/blogs.elnortedecastilla.es\/miradordeclio\/wp-json\/wp\/v2\/comments?post=25"}],"version-history":[{"count":0,"href":"https:\/\/blogs.elnortedecastilla.es\/miradordeclio\/wp-json\/wp\/v2\/posts\/25\/revisions"}],"wp:attachment":[{"href":"https:\/\/blogs.elnortedecastilla.es\/miradordeclio\/wp-json\/wp\/v2\/media?parent=25"}],"wp:term":[{"taxonomy":"category","embeddable":true,"href":"https:\/\/blogs.elnortedecastilla.es\/miradordeclio\/wp-json\/wp\/v2\/categories?post=25"},{"taxonomy":"post_tag","embeddable":true,"href":"https:\/\/blogs.elnortedecastilla.es\/miradordeclio\/wp-json\/wp\/v2\/tags?post=25"}],"curies":[{"name":"wp","href":"https:\/\/api.w.org\/{rel}","templated":true}]}}