{"id":265,"date":"2026-03-04T14:13:37","date_gmt":"2026-03-04T13:13:37","guid":{"rendered":"https:\/\/blogs.elnortedecastilla.es\/miradordeclio\/?p=265"},"modified":"2026-03-04T14:13:41","modified_gmt":"2026-03-04T13:13:41","slug":"miradas-sobre-castilla","status":"publish","type":"post","link":"https:\/\/blogs.elnortedecastilla.es\/miradordeclio\/2026\/03\/04\/miradas-sobre-castilla\/","title":{"rendered":"Miradas sobre Castilla"},"content":{"rendered":"<p>Pedro Carasa. Historiador<br \/>\nCastilla como Condado, Reino y Corona se ve\u00eda rica porque ten\u00eda plurirreino, multicultura, interreligi\u00f3n y hetero\u00e9tnia. Desde que en 1812 pas\u00f3 a ser regi\u00f3n, cada poder la retrat\u00f3 a su medida. El XIX la mir\u00f3 con buenos ojos; el XX la vio peor. Castilla perdi\u00f3 valor. Veremos opuestas las miradas de liberales, dem\u00f3cratas federales, canovistas, generaci\u00f3n del 98, regeneracionistas, nacionalistas vascos y catalanes, artistas de la edad de plata, republicanos, franquistas y regionalistas. En la historia el poder es un espejo.<br \/>\nComenzaron los Borbones ilustrados viendo a Castilla en declive, arcaica, contrarreformista, barroca y antiliberal.<br \/>\nLa visi\u00f3n rom\u00e1ntica liberal radical cant\u00f3 en el III aniversario comunero el municipalismo y democracia de los concejos abiertos medievales y cre\u00f3 logias mas\u00f3nicas antiabsolutistas llamadas Comuneros.<br \/>\nEn 1840-60 la burgues\u00eda castellana la mir\u00f3 euf\u00f3rica por el tren, trigo y talleres del Reino de Ceres: Comercio ultramarino, f\u00e1bricas de harina del Canal, bancos, ferrocarril, talleres del Norte, peri\u00f3dico El Norte y Exposici\u00f3n Agraria Castellana (1859).<br \/>\nEl Sexenio Democr\u00e1tico tuvo la visi\u00f3n ut\u00f3pica de Castilla libre, federal y cantonal. En la calle incluy\u00f3 el carmes\u00ed del pend\u00f3n en la bandera republicana. 700.000 firmas de la Iglesia protestaron.<br \/>\nRestauraci\u00f3n prefiri\u00f3 la visi\u00f3n pragm\u00e1tica de una Castilla de pergamino, her\u00e1ldica, mon\u00e1rquica, mon\u00e1stica, acad\u00e9mica y proteccionista. Los guardianes de la historia (C\u00e1novas investig\u00f3 en Simancas) la creyeron central, imperial, cat\u00f3lica y tradicional. En el IV Centenario del Descubrimiento hicieron a Castilla l\u00edder de la Hispanidad.<br \/>\nLa crisis identitaria del 98 imagin\u00f3 a Castilla \u00e9tica, \u00e9pica, simb\u00f3lica, patri\u00f3tica y cuna de Espa\u00f1a. \u00c9sta perdi\u00f3 identidad y pas\u00f3 de imperio a naci\u00f3n, al tiempo que Castilla pas\u00f3 a ser una regi\u00f3n desde\u00f1ada.<br \/>\nLos regeneracionistas laceraron a Castilla como negra, en escombros, cadav\u00e9rica, sin pulso, caciquil y olig\u00e1rquica. Poes\u00eda, novela y pintura de Picavea, Senador, Azc\u00e1rate, Machado, Unamuno, Maeztu, Regoyos y Solana pintaron a Castilla ideal de Espa\u00f1a. Unos la lloraban por castiza, tradicional y arcaica, otros la cantaban por europea, erasmista y humanista. Era molde del nacionalismo espa\u00f1ol pol\u00edtico, social, econ\u00f3mico y de lengua \u00fanica y bella. Pero no formaron un partido pol\u00edtico.<br \/>\nMientras catalanes como Gener divulgaron una Castilla de cerebro d\u00e9bil y raza inferior y vascos aislaron a maketos espa\u00f1olistas, el sano regionalismo castellano de Royo Villanova y V\u00e1zquez de Mella acus\u00f3 de morboso al nacionalismo catal\u00e1n. Castilla y Catalu\u00f1a rompieron, Alba sin Camb\u00f3 y Royo sin Maci\u00e1.<br \/>\nLa edad de plata luci\u00f3 a Castilla como patrimonial, art\u00edstica, pict\u00f3rica, po\u00e9tica y con brillo literario en cert\u00e1menes y juegos florales. Hubo Comisiones de Monumentos, Sociedades de Estudios y Facultad de Historia en Valladolid. Esta Castilla activa vivi\u00f3 un s\u00f3lido regionalismo: Asamblea de Diputaciones, Mancomunidad Castellana, Mensaje de Castilla y Bases de Segovia. Restauraron bastante patrimonio. Los Ateneos promocionaron Castilla. Se public\u00f3 la revista Castilla. Impuls\u00f3 el regionalismo El Norte de Castilla. Boletines de instituciones cantaron identidades.<br \/>\nHistoriadores ahondaron en la Castilla germen de Espa\u00f1a. Con prestigio, Men\u00e9ndez Pidal, S\u00e1nchez Albornoz y Am\u00e9rico Castro en debate, echaron 7 llaves al sepulcro del Cid.<br \/>\nLa II Rep\u00fablica hizo patrimonial a Castilla con el Museo Nacional de Escultura. Aprobado el sistema auton\u00f3mico, Alonso Cort\u00e9s, Ba\u00f1uelos, Garc\u00eda Quintana y Landrove redactaron el Estatuto de Autonom\u00eda. Aunque Misael public\u00f3 sus bases en El Norte (26\/05\/1936), no lleg\u00f3 a aprobarse por el levantamiento de julio.<br \/>\nFue mortal que Franco, un cruzado bajo palio, se basara en la Castilla aut\u00e1rquica, tradicional, mesi\u00e1nica, caudillista, falangista y nacionalcat\u00f3lica. Enciclopedias escolares castellanizaron la historia de Espa\u00f1a, sus haza\u00f1as y figuras eran antecedentes: Reconquista recatolizadora, Isabel de Castilla, Hispanidad, yugo y flechas de Falange, Imperio Cristiano, autores contrarreformistas. Despreciaron a los comuneros por malcriados. El CIS y sus instituciones en provincias elaboraron la historia de Castilla clerical, antivasca, anticatalana y antiobrera.<br \/>\nLa Constituci\u00f3n de 1978 estableci\u00f3 las Comunidades Aut\u00f3nomas sin ser federales. Castilla y Le\u00f3n fue la \u00faltima en constituirse en 1983. Vivi\u00f3 una turbulenta pre-autonom\u00eda. Pugn\u00f3 Alianza Regional y Pancal a la derecha con Instituto de Estudios Castellanos a la izquierda. Fueron tensas Mancomunidad de Diputaciones, Asamblea de Parlamentarios y Consejo General. Lucharon por el territorio Santander, Logro\u00f1o, Burgos, Le\u00f3n y Segovia. Pugnaron s\u00edmbolos, sedes y capitales. Fue tirante aprobar el Estatuto. Se rompi\u00f3 pol\u00edticamente la fiesta de Villalar. Algunos cantaron haza\u00f1as y festejaron el castellanismo con Nuevo Mester de Juglar\u00eda.<br \/>\nTras 1983 hicieron historia regional Institutos de Estudios, congresos oficiales y la Editorial \u00c1mbito. La Junta public\u00f3 alguna obra regionalista. Pero debi\u00f3 padecer el victimismo y verduguismo de las otras historias nacionalistas.<br \/>\nDespacio se apag\u00f3 el trasfondo hist\u00f3rico, desapareci\u00f3 la Fundaci\u00f3n Villalar y decay\u00f3 la fiesta de su campa. Fue bueno que el regionalismo no desfigurara su historia. El nivel en el informe educativo Pisa fue superior porque sus ciencias sociales no se hirieron con invenciones nacionalistas.<br \/>\nPero las autonom\u00edas, no federales, han desequilibrado regiones y  debilitado al Estado en Espa\u00f1a. Sus poderes legislativo y judicial se han politizado, ca\u00eddo su separaci\u00f3n y disminuido su valor y dignidad.<\/p>\n","protected":false},"excerpt":{"rendered":"<p>Pedro Carasa. Historiador Castilla como Condado, Reino y Corona se ve\u00eda rica porque ten\u00eda plurirreino, multicultura, interreligi\u00f3n y hetero\u00e9tnia. Desde que en 1812 pas\u00f3 a ser regi\u00f3n, cada poder la retrat\u00f3 a su medida. El XIX la mir\u00f3 con buenos ojos; el XX la vio peor. Castilla perdi\u00f3 valor. Veremos opuestas las miradas de liberales, [&hellip;]<\/p>\n","protected":false},"author":34,"featured_media":0,"comment_status":"open","ping_status":"closed","sticky":false,"template":"","format":"standard","meta":[],"categories":[1],"tags":[],"_links":{"self":[{"href":"https:\/\/blogs.elnortedecastilla.es\/miradordeclio\/wp-json\/wp\/v2\/posts\/265"}],"collection":[{"href":"https:\/\/blogs.elnortedecastilla.es\/miradordeclio\/wp-json\/wp\/v2\/posts"}],"about":[{"href":"https:\/\/blogs.elnortedecastilla.es\/miradordeclio\/wp-json\/wp\/v2\/types\/post"}],"author":[{"embeddable":true,"href":"https:\/\/blogs.elnortedecastilla.es\/miradordeclio\/wp-json\/wp\/v2\/users\/34"}],"replies":[{"embeddable":true,"href":"https:\/\/blogs.elnortedecastilla.es\/miradordeclio\/wp-json\/wp\/v2\/comments?post=265"}],"version-history":[{"count":1,"href":"https:\/\/blogs.elnortedecastilla.es\/miradordeclio\/wp-json\/wp\/v2\/posts\/265\/revisions"}],"predecessor-version":[{"id":266,"href":"https:\/\/blogs.elnortedecastilla.es\/miradordeclio\/wp-json\/wp\/v2\/posts\/265\/revisions\/266"}],"wp:attachment":[{"href":"https:\/\/blogs.elnortedecastilla.es\/miradordeclio\/wp-json\/wp\/v2\/media?parent=265"}],"wp:term":[{"taxonomy":"category","embeddable":true,"href":"https:\/\/blogs.elnortedecastilla.es\/miradordeclio\/wp-json\/wp\/v2\/categories?post=265"},{"taxonomy":"post_tag","embeddable":true,"href":"https:\/\/blogs.elnortedecastilla.es\/miradordeclio\/wp-json\/wp\/v2\/tags?post=265"}],"curies":[{"name":"wp","href":"https:\/\/api.w.org\/{rel}","templated":true}]}}