{"id":267,"date":"2026-03-04T14:16:12","date_gmt":"2026-03-04T13:16:12","guid":{"rendered":"https:\/\/blogs.elnortedecastilla.es\/miradordeclio\/?p=267"},"modified":"2026-03-04T14:16:20","modified_gmt":"2026-03-04T13:16:20","slug":"seoane-una-figura-clave-en-el-origen-de-la-sanidad-publica","status":"publish","type":"post","link":"https:\/\/blogs.elnortedecastilla.es\/miradordeclio\/2026\/03\/04\/seoane-una-figura-clave-en-el-origen-de-la-sanidad-publica\/","title":{"rendered":"Seoane: Una figura clave en el origen de la Sanidad P\u00fablica"},"content":{"rendered":"<p>Pedro Carasa. Historiador<br \/>\nMateo Seoane, hijo de Isidro (propietario lucense) y Mar\u00eda Sobral (hija de exp\u00f3sito), naci\u00f3 en Valladolid en 1791. Estudi\u00f3 en la Universidad Literaria de Valladolid, Sociedad de Amigos y Academia de la Concepci\u00f3n. Curs\u00f3 Medicina en Salamanca. Fue m\u00e9dico en Rueda, donde naci\u00f3 su hijo Juan Antonio, Marqu\u00e9s de Seoane. Muri\u00f3 en Madrid en 1870, llorado como ejemplo c\u00edvico.<br \/>\nFue un joven afrancesado y antiabsolutista. En el Trienio Liberal entr\u00f3 en la Sociedad de los Comuneros y fue diputado liberal por Valladolid. Fernando VII lo persigui\u00f3 y conden\u00f3 a muerte por desmentir su falsa gota y apoyar su incapacitaci\u00f3n. Se exili\u00f3 entre 1823-34, pas\u00f3 por T\u00e1nger, Gibraltar, Irlanda, Francia y Londres.<br \/>\nPUBLICIDAD<br \/>\nAmnistiado al morir Fernando VII, se present\u00f3 de nuevo a elecciones en Valladolid en 1836, pero no fue elegido. Los estudiantes lo aclamaron por criticar apa\u00f1os electorales, pedir el voto ciudadano, apoyar la prensa progresista, promover el proyecto ilustrado del Canal de Castilla y condenar a obispos absolutistas.<br \/>\nTras la epidemia europea de c\u00f3lera de 1831, Cea Berm\u00fadez lo incluy\u00f3 en la sanidad espa\u00f1ola como corresponsal en la Junta de Medicina de Londres. Desde all\u00ed public\u00f3 instrucciones e informes de la epidemia. En 1834 volvi\u00f3 a Espa\u00f1a e intervino en el c\u00f3lera, hasta poner su vida en peligro.<br \/>\nDesde 1854 se alej\u00f3 del progresismo. Protest\u00f3 la ca\u00edda de Espartero, sali\u00f3 del Consejo de Instrucci\u00f3n P\u00fablica, y no quiso ser m\u00e9dico de c\u00e1mara de Isabel II. No fue nombrado senador. Al curar a O&#8217;Donnell, a petici\u00f3n de C\u00e1novas, le hicieron regidor de Madrid. En el Sexenio fue leal a Amadeo I.<br \/>\nDesde 1834, su obra intelectual y profesional fundament\u00f3 la Sanidad P\u00fablica y sembr\u00f3 los valores de nuestro Estado de Bienestar. Perteneci\u00f3 a la generaci\u00f3n de m\u00e9dicos de honda sensibilidad social en el XIX. Primero emancip\u00f3 la sanidad de la beneficencia de la que depend\u00eda. Desarroll\u00f3 algunos precedentes b\u00e1sicos para cimentar el sistema sanitario p\u00fablico espa\u00f1ol.<br \/>\nAparecieron estos principios en tres proyectos de Ley de Sanidad en los que intervino y en un proyecto de C\u00f3digo Sanitario que redact\u00f3. En particular los aplic\u00f3 en la Ley General de Sanidad de 1855, vigente hasta 1986; fue en ello muy tenaz y molest\u00f3 a sus amigos del exilio (Antonio Balboa y \u00c1lvarez Mendiz\u00e1bal). Decidi\u00f3 que la Direcci\u00f3n General de Sanidad y su Consejo en el Ministerio de Gobernaci\u00f3n gestionaran la Sanidad P\u00fablica. Verdadero precursor del higienismo y la prevenci\u00f3n sanitaria que luego demand\u00f3 el movimiento obrero e inici\u00f3 la Comisi\u00f3n de Reformas Sociales de 1883.<br \/>\nReforz\u00f3 la figura del m\u00e9dico en el Ayuntamiento, cuando era necesaria la salud p\u00fablica en las nuevas trazas y ensanches urbanos. Orient\u00f3 recursos ben\u00e9ficos desamortizados a costear la sanidad municipal. Como m\u00e9dico de la Junta de Beneficencia incluy\u00f3 en la Ley de Beneficencia juntas parroquiales para la hospitalidad domiciliaria. La asistencia domiciliar de los pobres la encomend\u00f3 a los m\u00e9dicos del Ayuntamiento, de donde naci\u00f3 despu\u00e9s la Asistencia P\u00fablica Domiciliaria. Estableci\u00f3 Juntas Municipales de Sanidad y la Comisi\u00f3n Permanente de Salubridad. Fij\u00f3 (con M\u00e9ndez \u00c1lvaro y Felipe Monlau) los inspectores municipales de Salud P\u00fablica en las ciudades. Estimul\u00f3 la valoraci\u00f3n social de los m\u00e9dicos rurales. En 1863 dio completa jurisdicci\u00f3n sobre los cementerios a los Ayuntamientos.<br \/>\nMejor\u00f3 la ense\u00f1anza de la Sanidad P\u00fablica. En varias comisiones reform\u00f3 titulaciones m\u00e9dicas y encarg\u00f3 su formaci\u00f3n universitaria a Instrucci\u00f3n P\u00fablica. Introdujo en las Facultades de Medicina la estad\u00edstica y el c\u00e1lculo de probabilidades como parte de la Higiene P\u00fablica. Cre\u00f3 el plan de la Escuela de Sanidad en el Hospital militar de Madrid. Ante 35 titulaciones sin formaci\u00f3n reglada que hab\u00eda en Espa\u00f1a, exigi\u00f3 al sanitario ser un experto en higiene y medicina con instrucci\u00f3n p\u00fablica, acceso por oposici\u00f3n, responsabilidad profesional y remuneraci\u00f3n por servicio.<br \/>\nAlcanz\u00f3 prestigio y \u00e9xito en Espa\u00f1a y en el exilio. Fue miembro destacado de Real Academia Espa\u00f1ola, Real Academia de Ciencias, Sociedad Econ\u00f3mica de Amigos del Pa\u00eds, Real Colegio de Sordomudos y Ciegos, Sociedad de Educaci\u00f3n Popular y Sociedades Econ\u00f3micas de Cervera y Jerez.<br \/>\nSab\u00eda griego, lat\u00edn, franc\u00e9s, ingl\u00e9s y \u00e1rabe. En el exterior imparti\u00f3 clases a emigrados en el Ateneo espa\u00f1ol de Londres. Perteneci\u00f3 y escribi\u00f3 en el Instituto General M\u00e9dico ingl\u00e9s, la Sociedad M\u00e9dico-Quir\u00fargica y el sistema hospitalario londinense. Colabor\u00f3 en Academias de Ciencias de Berl\u00edn y Dresde, M\u00e9dico-Quir\u00fargicas de Brujas, Edimburgo y Bruselas y en la Academia de Medicina de Par\u00eds.<br \/>\nSeoane escribi\u00f3 tambi\u00e9n literatura, pero se incendiaron muchos textos originales. Exalt\u00f3 a los exaltados, cant\u00f3 a los libertadores de la Patria y alab\u00f3 a vencedores anticarlistas. Public\u00f3 sobre plan de estudios m\u00e9dicos, ejercicio de la medicina, propagaci\u00f3n de c\u00f3lera indiano, principios de higiene p\u00fablica, estad\u00edstica m\u00e9dica, ciencias exactas y naturales para medicina. Colabor\u00f3 en Revistas de Sanidad, Bolet\u00edn de Medicina y Farmacia y en Anales de Cirug\u00eda. Jubilado pens\u00f3 escribir un tratado de Higiene P\u00fablica.<br \/>\nSustituy\u00f3 viejos valores de la Caridad por los del Bienestar, pas\u00f3 de religi\u00f3n a ciencia, beneficencia a sanidad, curaci\u00f3n a prevenci\u00f3n, privada a p\u00fablica, galeno a m\u00e9dico, curandero a doctor, alb\u00e9itar a veterinario, hermana a enfermera, albergue a hospital, p\u00f3cima a medicina, limosna a consulta, botica a farmacia y urinario a higiene.<br \/>\nSolo lo recordamos con una calle en Parquesol. Deber\u00edamos apreciarlo m\u00e1s como padre de muchos valores de nuestra Sanidad P\u00fablica y Estado de Bienestar.<\/p>\n","protected":false},"excerpt":{"rendered":"<p>Pedro Carasa. Historiador Mateo Seoane, hijo de Isidro (propietario lucense) y Mar\u00eda Sobral (hija de exp\u00f3sito), naci\u00f3 en Valladolid en 1791. Estudi\u00f3 en la Universidad Literaria de Valladolid, Sociedad de Amigos y Academia de la Concepci\u00f3n. Curs\u00f3 Medicina en Salamanca. Fue m\u00e9dico en Rueda, donde naci\u00f3 su hijo Juan Antonio, Marqu\u00e9s de Seoane. Muri\u00f3 en [&hellip;]<\/p>\n","protected":false},"author":34,"featured_media":0,"comment_status":"open","ping_status":"closed","sticky":false,"template":"","format":"standard","meta":[],"categories":[1],"tags":[],"_links":{"self":[{"href":"https:\/\/blogs.elnortedecastilla.es\/miradordeclio\/wp-json\/wp\/v2\/posts\/267"}],"collection":[{"href":"https:\/\/blogs.elnortedecastilla.es\/miradordeclio\/wp-json\/wp\/v2\/posts"}],"about":[{"href":"https:\/\/blogs.elnortedecastilla.es\/miradordeclio\/wp-json\/wp\/v2\/types\/post"}],"author":[{"embeddable":true,"href":"https:\/\/blogs.elnortedecastilla.es\/miradordeclio\/wp-json\/wp\/v2\/users\/34"}],"replies":[{"embeddable":true,"href":"https:\/\/blogs.elnortedecastilla.es\/miradordeclio\/wp-json\/wp\/v2\/comments?post=267"}],"version-history":[{"count":1,"href":"https:\/\/blogs.elnortedecastilla.es\/miradordeclio\/wp-json\/wp\/v2\/posts\/267\/revisions"}],"predecessor-version":[{"id":268,"href":"https:\/\/blogs.elnortedecastilla.es\/miradordeclio\/wp-json\/wp\/v2\/posts\/267\/revisions\/268"}],"wp:attachment":[{"href":"https:\/\/blogs.elnortedecastilla.es\/miradordeclio\/wp-json\/wp\/v2\/media?parent=267"}],"wp:term":[{"taxonomy":"category","embeddable":true,"href":"https:\/\/blogs.elnortedecastilla.es\/miradordeclio\/wp-json\/wp\/v2\/categories?post=267"},{"taxonomy":"post_tag","embeddable":true,"href":"https:\/\/blogs.elnortedecastilla.es\/miradordeclio\/wp-json\/wp\/v2\/tags?post=267"}],"curies":[{"name":"wp","href":"https:\/\/api.w.org\/{rel}","templated":true}]}}