{"id":269,"date":"2026-03-04T14:18:31","date_gmt":"2026-03-04T13:18:31","guid":{"rendered":"https:\/\/blogs.elnortedecastilla.es\/miradordeclio\/?p=269"},"modified":"2026-03-04T14:18:35","modified_gmt":"2026-03-04T13:18:35","slug":"pepe-zorita-azucarera-alumbrado-y-automoviles","status":"publish","type":"post","link":"https:\/\/blogs.elnortedecastilla.es\/miradordeclio\/2026\/03\/04\/pepe-zorita-azucarera-alumbrado-y-automoviles\/","title":{"rendered":"Pepe Zorita: Azucarera, alumbrado y autom\u00f3viles"},"content":{"rendered":"<p>Pedro Carasa. Historiador<br \/>\nJos\u00e9 Mar\u00eda Zorita fue un pol\u00edtico popular, con sentido social y eficaz orientaci\u00f3n econ\u00f3mica. Naci\u00f3 en Tordesillas (1859) y muri\u00f3 en Valladolid (1942). Su padre fue Juan de Mata, propietario de Castronu\u00f1o que estudi\u00f3 Leyes en Valladolid y fue diputado de Uni\u00f3n Liberal en Medina-Mota del Marqu\u00e9s, representante conservador en la Diputaci\u00f3n, Alcalde de Tordesillas (1869-70), Gobernador civil de Valladolid (1876) y diputado fusionista en Castell\u00f3n (1878-91).<br \/>\nJos\u00e9 Mar\u00eda, llamado Pepe Zorita, curs\u00f3 Derecho, aprendi\u00f3 en el bufete de P\u00ed i Margall e ingres\u00f3 en la carrera judicial. Matilde Zorita, su hermana, destac\u00f3 como benefactora de ni\u00f1os pobres en el racionamiento de los a\u00f1os 40. Viudos ambos de los hermanos Luengo, vivieron juntos en Tordesillas, que puso su nombre a dos calles.<br \/>\nPepe Zorita ocup\u00f3 cargos de subsecretario de Hacienda, delegado Regio de P\u00f3sitos, subsecretario de Instrucci\u00f3n P\u00fablica, director general de Obras P\u00fablicas, Consejo Superior de Agricultura, magistrado de la Audiencia Territorial y ministro de Instrucci\u00f3n P\u00fablica interino (1911). Como alcalde de Tordesillas gan\u00f3 votos mediante peones camineros, vivienda popular, ayudas obreras y fiesta del toro de la Vega.<br \/>\nSu pol\u00edtica se ha llamado Zoritismo. Fue del partido liberal, pero no anticlerical. Pele\u00f3 contra Gamazo en Tordesillas. En 1890 edit\u00f3 El Eco del Duero como su apoyo pol\u00edtico. Se dec\u00eda que miraba a Tetu\u00e1n, no al de las monas, sino al ministro de Estado. \u00c9l escribi\u00f3 que no era \u00abuno de esos se\u00f1oritos de pueblo, solamente conocidos por las muchas hect\u00e1reas de vi\u00f1as y tierras y por alg\u00fan t\u00edtulo acad\u00e9mico de esos que las Universidades otorgan a los hijos de los ricos sabiendo el escaso fruto que sacan de ellos\u00bb.<br \/>\nLo derrot\u00f3 un gamacista en sus primeras elecciones, quiz\u00e1s por buscar apoyos carlistas. Pero en 1901, muerto Gamazo, gan\u00f3 como diputado de Nava del Rey-Tordesillas. Tild\u00f3 a los gamacistas de \u00abse\u00f1oritos de pueblo que vienen a la capital a cobrar sus dietas, a pasear por la Acera y el Campo Grande por la noche y a perseguir Monegildas por la ma\u00f1ana\u00bb. Lo aclamaron los republicanos por ganar a los \u00abcarcas del distrito, capitaneados por cl\u00e9rigos bragados y de pelo en pecho que echaban los bofes a favor del candidato cristiano\u00bb.<br \/>\nCon Moret en el gobierno (1906), Zorita fue el \u00fanico liberal del distrito de Tordesillas. En 1907 los conservadores le hicieron senador por Valladolid. Fue diputado en todas las elecciones hasta 1923. Si en 1903 sac\u00f3 el 55% de votos, a veces se proclam\u00f3 sin elecci\u00f3n por el art.29. Incluso continu\u00f3 en Ayuntamientos de la Dictadura de Primo de Rivera. Sus familiares tambi\u00e9n tuvieron poder, su cu\u00f1ado Luengo accedi\u00f3 al Senado y algunos parientes a la Diputaci\u00f3n Provincial.<br \/>\nSu hermana y \u00e9l pose\u00edan m\u00e1s de 2000 Has procedentes de la desamortizaci\u00f3n. Pepe fue proteccionista, defendi\u00f3 intereses cerealistas de Castilla, mejor\u00f3 cr\u00e9ditos, seguros, riegos y canalizaciones. Construy\u00f3 el Canal entre Simancas y Tordesillas y repobl\u00f3 montes. Acompa\u00f1\u00f3 como experto agr\u00edcola a Moret al Protectorado de Marruecos y apoy\u00f3 en la prensa explotar su territorio. Tambi\u00e9n innov\u00f3 desde el Sindicato Nacional de Maquinaria Agr\u00edcola.<br \/>\nLa crisis finisecular le incit\u00f3 a buscar un renacimiento castellano. La p\u00e9rdida de colonias repatri\u00f3 capitales y cre\u00f3 nuevas empresas. Pepe Zorita, al tiempo que Alba, supo introducir en Valladolid cultivos agrarios y fuentes de energ\u00eda casi revolucionarios: Remolacha, electricidad y autom\u00f3viles.<br \/>\nRedact\u00f3 los estatutos del Banco Castellano con m\u00e1s parlamentarios. Con Pesquera constituy\u00f3 (500.000 pts) la Sociedad Industrial Castellana para cultivar remolacha en regad\u00edo y obtener az\u00facar refinado. El Norte de Alba apoy\u00f3 que, al caer el az\u00facar cubano, Valladolid lo produjera y comprara el Canal del Duero como riego.<br \/>\nAdem\u00e1s fund\u00f3 en 1900 la pionera y regeneradora Sociedad Espa\u00f1ola de Autom\u00f3viles, ra\u00edz de la industria automovil\u00edstica vallisoletana. Buscaba coches de vapor para crear l\u00edneas de transporte entre Valladolid-Zamora-Segovia y comunicar la ciudad y el campo sin ferrocarril. Fueron m\u00e9ritos electorales para Zorita en Tordesillas y en Tiedra. La compa\u00f1\u00eda fracas\u00f3, pero reforz\u00f3 lazos con Alba y sembr\u00f3 la semilla francesa de autom\u00f3viles en Valladolid, que brotar\u00e1 en los cincuenta.<br \/>\nZorita impuls\u00f3 otra iniciativa innovadora albista, la empresa de producci\u00f3n y distribuci\u00f3n el\u00e9ctrica para industria y alumbrado. Sacaron la electricidad del lujo para generalizarla entre la poblaci\u00f3n. El albismo municipal se propuso eliminar el privilegiado alumbrado p\u00fablico por gas y hacerlo el\u00e9ctrico. El concejal albista Aguirre lo concedi\u00f3 a la Sociedad Electricista Castellana, que no triunf\u00f3. Pero en 1906 levantaron la Electra Popular Vallisoletana para abastecer desde los saltos de agua de El Porvenir de Zamora comprada por Alba y C. Rodr\u00edguez.<br \/>\nSu cultura fue regeneracionista y albista. Colabor\u00f3 en su peri\u00f3dico, El Norte de Castilla, y en los rotativos El Globo, Diario Universal, La Correspondencia de Espa\u00f1a, dirigi\u00f3 El Conservador y promovi\u00f3 en Tordesillas El Eco del Duero (1892-93) que dirigi\u00f3 L. Stampa. Como castellanista conmemor\u00f3 en su distrito electoral el centenario de la batalla de Villalar. Cre\u00f3 y presidi\u00f3 la Cruz Roja de Tordesillas. Se colg\u00f3 m\u00e9ritos espa\u00f1oles y extranjeros: Medalla de oro de Alfonso XII, Cruz del M\u00e9rito Militar, Legi\u00f3n de Honor Francesa, Orden tunecina de N.Iftikhar. Pero no tiene una calle en Valladolid.<br \/>\nUn pol\u00edtico humanitario que plant\u00f3 en la crisis finisecular una buena sementera econ\u00f3mica en Valladolid. \u00bfSemillas de Acor, Iberduero y Fasa?<\/p>\n","protected":false},"excerpt":{"rendered":"<p>Pedro Carasa. Historiador Jos\u00e9 Mar\u00eda Zorita fue un pol\u00edtico popular, con sentido social y eficaz orientaci\u00f3n econ\u00f3mica. Naci\u00f3 en Tordesillas (1859) y muri\u00f3 en Valladolid (1942). Su padre fue Juan de Mata, propietario de Castronu\u00f1o que estudi\u00f3 Leyes en Valladolid y fue diputado de Uni\u00f3n Liberal en Medina-Mota del Marqu\u00e9s, representante conservador en la Diputaci\u00f3n, [&hellip;]<\/p>\n","protected":false},"author":34,"featured_media":0,"comment_status":"open","ping_status":"closed","sticky":false,"template":"","format":"standard","meta":[],"categories":[1],"tags":[],"_links":{"self":[{"href":"https:\/\/blogs.elnortedecastilla.es\/miradordeclio\/wp-json\/wp\/v2\/posts\/269"}],"collection":[{"href":"https:\/\/blogs.elnortedecastilla.es\/miradordeclio\/wp-json\/wp\/v2\/posts"}],"about":[{"href":"https:\/\/blogs.elnortedecastilla.es\/miradordeclio\/wp-json\/wp\/v2\/types\/post"}],"author":[{"embeddable":true,"href":"https:\/\/blogs.elnortedecastilla.es\/miradordeclio\/wp-json\/wp\/v2\/users\/34"}],"replies":[{"embeddable":true,"href":"https:\/\/blogs.elnortedecastilla.es\/miradordeclio\/wp-json\/wp\/v2\/comments?post=269"}],"version-history":[{"count":1,"href":"https:\/\/blogs.elnortedecastilla.es\/miradordeclio\/wp-json\/wp\/v2\/posts\/269\/revisions"}],"predecessor-version":[{"id":270,"href":"https:\/\/blogs.elnortedecastilla.es\/miradordeclio\/wp-json\/wp\/v2\/posts\/269\/revisions\/270"}],"wp:attachment":[{"href":"https:\/\/blogs.elnortedecastilla.es\/miradordeclio\/wp-json\/wp\/v2\/media?parent=269"}],"wp:term":[{"taxonomy":"category","embeddable":true,"href":"https:\/\/blogs.elnortedecastilla.es\/miradordeclio\/wp-json\/wp\/v2\/categories?post=269"},{"taxonomy":"post_tag","embeddable":true,"href":"https:\/\/blogs.elnortedecastilla.es\/miradordeclio\/wp-json\/wp\/v2\/tags?post=269"}],"curies":[{"name":"wp","href":"https:\/\/api.w.org\/{rel}","templated":true}]}}