{"id":271,"date":"2026-03-04T14:19:51","date_gmt":"2026-03-04T13:19:51","guid":{"rendered":"https:\/\/blogs.elnortedecastilla.es\/miradordeclio\/?p=271"},"modified":"2026-03-04T14:19:56","modified_gmt":"2026-03-04T13:19:56","slug":"el-archivo-de-simancas-una-ventana-a-la-memoria-mundial","status":"publish","type":"post","link":"https:\/\/blogs.elnortedecastilla.es\/miradordeclio\/2026\/03\/04\/el-archivo-de-simancas-una-ventana-a-la-memoria-mundial\/","title":{"rendered":"El Archivo de Simancas. Una ventana a la Memoria Mundial"},"content":{"rendered":"<p>Pedro Carasa. Historiador<br \/>\nEl Archivo de Simancas naci\u00f3 casi universal. Carlos V lo inici\u00f3 en 1540 y Felipe II lo dio el primer Reglamento de archivos en 1588. Fue instrumento de poder para controlar los territorios en que no se pon\u00eda el sol, porque la legitimidad y seguridad de los documentos gobierna el Imperio.<br \/>\nSe eligi\u00f3 el viejo castillo de los Almirantes en Simancas que convirtieron en archivo Herrera, Praves, Mora, Ventura Rodr\u00edguez y Villanueva. Fue c\u00e1rcel que apres\u00f3 al comunero Maldonado y ejecut\u00f3 al obispo Acu\u00f1a.<br \/>\nBraudel crey\u00f3 que Felipe II fue la ara\u00f1a que teji\u00f3 la tela del imperio con el hilo de la escritura archivada. Sin duda es fuente hist\u00f3rica de la Humanidad, el mejor archivo tras el Vaticano. Refleja la evoluci\u00f3n pol\u00edtica, militar, econ\u00f3mica, social, religiosa y cultural de los siglos XVI-XVIII.<br \/>\nDel XVI nos ofrece humanismo, renacimiento, conquista de Am\u00e9rica, reforma protestante, siglo de oro, arte europeo y genio castellano de pintura y escultura. Laten en \u00e9l consejeros, militares, descubridores, eclesi\u00e1sticos, gram\u00e1ticos, escritores y artistas de su entorno cultural.<br \/>\nRefleja del XVII el rico barroco contrarreformista y el sobrio patrimonio de Castilla. Y hace vibrar las reformas catastrales y laborales del racionalismo de las luces del XVIII.<br \/>\nMuestra un abanico de tratados, paces, testamentos, capitulaciones, planos, mapas, dibujos y cartas. Escribe una torre de babel de \u00e1rabe, lat\u00edn, griego, ruso, armenio, portugu\u00e9s, castellano y euskera. Visibiliza razas y tierras europeas, germanas, n\u00f3rdicas, mediterr\u00e1neas, turcas, babil\u00f3nicas, egipcias, americanas y gitanas. Es mosaico de estados modernos y de los tensos imperios de Europa, Asia, \u00c1frica y Am\u00e9rica. Enlaza religiones orientales, jud\u00eda, musulmana, protestante, ortodoxa y cat\u00f3lica.<br \/>\nMide 13 kms. de legajos de Consejos de los Austria, Secretar\u00edas de Despacho de los Borbones y Contadur\u00edas del Tesoro: Consejos de Castilla, Arag\u00f3n, Indias, Italia, Flandes y Portugal para gobernar Estado, Guerra y Hacienda. \u00c9sta ocupa 38000 legajos, m\u00e1s de la mitad del archivo.<br \/>\nEntre 1540-1844 vive como archivo administrativo al servicio del extenso poder y no de la ciencia o la historia. A mediados del XIX se abre como archivo hist\u00f3rico al servicio de afectados por las reformas liberales. En el XIX usaron Simancas concejos, ayuntamientos, monasterios, cabildos, militares, titulares de bienes amortizados, apellidos y linajes para defenderse de cambio jurisdiccional, abolici\u00f3n de se\u00f1or\u00edo, desamortizaci\u00f3n, p\u00e9rdida de fueros o diezmos.<br \/>\nAcudieron las emergentes naciones de tierras relacionadas con el imperio: Francia, B\u00e9lgica, Alemania, Inglaterra, Vaticano, Portugal, Suiza, Flandes, Pa\u00edses Bajos, Sicilia, Cerde\u00f1a, C\u00f3rcega, Mil\u00e1n, G\u00e9nova, M\u00f3naco, Malta, Filipinas. Sus comisionados recogieron documentos para narrar historias nacionales y legitimar su naciente naci\u00f3n. Los nacionalismos se hicieron v\u00edctimas con la leyenda negra del verdugo imperial.<br \/>\nEn Simancas nacieron corpus documentales nacionales: Monumenta Germaniae, Collection de documents in\u00e9dits sur l&#8217;histoire de France, Monumenta Historiae Patriae de Cerde\u00f1a, Calendars of State Papers, CODOIN espa\u00f1ol.<br \/>\nUsaron Simancas como escenario mundial intelectuales contempor\u00e1neos: Comte, Croce, Heine, Merkle, Morel-Fatio, Grandmaison, Deicinger, Nielsen o Reinhardt.<br \/>\nLos Guardianes de la Historia redactaron la historia nacional espa\u00f1ola. Surgieron archivo nacional, biblioteca nacional, academia nacional, escuela nacional, corona nacional, conmemoraci\u00f3n nacional y doctrinarismo nacional (constituci\u00f3n hist\u00f3rica y soberan\u00eda compartida). Basaron la naci\u00f3n en la historia y la corona al exaltar la leyenda blanca de Felipe II como eje mon\u00e1rquico y religioso de Espa\u00f1a. Desde Simancas restauraron la corona C\u00e1novas, Danvila, Gayangos, Lafuente, P.J.Pidal o Vignau.<br \/>\nDel universal Simancas se segregaron \u00bfcon raz\u00f3n? el Archivo de Indias en 1785, el saqueo de Napole\u00f3n en 1810-11 (devuelto por P\u00e9tain en 1943), el Consejo de Arag\u00f3n en 1852 e Inquisici\u00f3n y \u00d3rdenes del AHN en 1914.<br \/>\nImpidi\u00f3 trasladarlo a Madrid Alonso Cort\u00e9s en 1922, pero Mergelina busc\u00f3 traerlo a Valladolid en 1942. La Facultad de Filosof\u00eda y Letras (1917) logr\u00f3 su pr\u00e9stamo permanente. La dif\u00edcil locomoci\u00f3n y hospedaje crearon la Residencia de investigadores en Simancas (1950).<br \/>\nEn la edad de plata de la cultura espa\u00f1ola (1900-36) acogi\u00f3 historiadores espa\u00f1oles profesionalizados y universitarios para relacionarlos con autores y temas mundiales. Al investigar el XVIII se renov\u00f3 la historia espa\u00f1ola. El archivo vivi\u00f3 liberalismo, doctrinarismo, romanticismo, positivismo, regeneracionismo, historicismo, materialismo, vitalismo, modernismo o regionalismo. Dominaron Annales franceses, historia econ\u00f3mica, demogr\u00e1fica e historia social marxista inflexible. La Transici\u00f3n conmemor\u00f3 reyes, olvid\u00f3 dictaduras y seleccion\u00f3 memorias hist\u00f3ricas. Rivalizaron regionalismos y hubo independentismo e historia demasiado frentista.<br \/>\n\tEn 2017 UNESCO reconoci\u00f3 al Archivo de Simancas Patrimonio de la Humanidad y Ventana de la Memoria Mundial. Por su territorio sin puesta de sol, por sellar alianzas en tres continentes y tres siglos y cimentar pol\u00edtica, econom\u00eda, sociedad, religi\u00f3n y cultura en Occidente. En el XIX legitim\u00f3 las naciones. En el XX socializ\u00f3 la investigaci\u00f3n de los historiadores mundiales y enriqueci\u00f3 a los historiadores espa\u00f1oles. Hoy lanza su imagen mundial y lo hace on line con PARES.<br \/>\nDebemos mucho a los dos \u00faltimos directores que estudiaron y globalizaron el Archivo con inteligencia y esmero.<\/p>\n","protected":false},"excerpt":{"rendered":"<p>Pedro Carasa. Historiador El Archivo de Simancas naci\u00f3 casi universal. Carlos V lo inici\u00f3 en 1540 y Felipe II lo dio el primer Reglamento de archivos en 1588. Fue instrumento de poder para controlar los territorios en que no se pon\u00eda el sol, porque la legitimidad y seguridad de los documentos gobierna el Imperio. Se [&hellip;]<\/p>\n","protected":false},"author":34,"featured_media":0,"comment_status":"open","ping_status":"closed","sticky":false,"template":"","format":"standard","meta":[],"categories":[1],"tags":[],"_links":{"self":[{"href":"https:\/\/blogs.elnortedecastilla.es\/miradordeclio\/wp-json\/wp\/v2\/posts\/271"}],"collection":[{"href":"https:\/\/blogs.elnortedecastilla.es\/miradordeclio\/wp-json\/wp\/v2\/posts"}],"about":[{"href":"https:\/\/blogs.elnortedecastilla.es\/miradordeclio\/wp-json\/wp\/v2\/types\/post"}],"author":[{"embeddable":true,"href":"https:\/\/blogs.elnortedecastilla.es\/miradordeclio\/wp-json\/wp\/v2\/users\/34"}],"replies":[{"embeddable":true,"href":"https:\/\/blogs.elnortedecastilla.es\/miradordeclio\/wp-json\/wp\/v2\/comments?post=271"}],"version-history":[{"count":1,"href":"https:\/\/blogs.elnortedecastilla.es\/miradordeclio\/wp-json\/wp\/v2\/posts\/271\/revisions"}],"predecessor-version":[{"id":272,"href":"https:\/\/blogs.elnortedecastilla.es\/miradordeclio\/wp-json\/wp\/v2\/posts\/271\/revisions\/272"}],"wp:attachment":[{"href":"https:\/\/blogs.elnortedecastilla.es\/miradordeclio\/wp-json\/wp\/v2\/media?parent=271"}],"wp:term":[{"taxonomy":"category","embeddable":true,"href":"https:\/\/blogs.elnortedecastilla.es\/miradordeclio\/wp-json\/wp\/v2\/categories?post=271"},{"taxonomy":"post_tag","embeddable":true,"href":"https:\/\/blogs.elnortedecastilla.es\/miradordeclio\/wp-json\/wp\/v2\/tags?post=271"}],"curies":[{"name":"wp","href":"https:\/\/api.w.org\/{rel}","templated":true}]}}