{"id":279,"date":"2026-03-04T14:28:39","date_gmt":"2026-03-04T13:28:39","guid":{"rendered":"https:\/\/blogs.elnortedecastilla.es\/miradordeclio\/?p=279"},"modified":"2026-03-04T14:28:51","modified_gmt":"2026-03-04T13:28:51","slug":"el-plan-callejo","status":"publish","type":"post","link":"https:\/\/blogs.elnortedecastilla.es\/miradordeclio\/2026\/03\/04\/el-plan-callejo\/","title":{"rendered":"El Plan Callejo"},"content":{"rendered":"<p>\nPedro Carasa. Historiador<br \/>\nEl tortuoso camino de las leyes de educaci\u00f3n en Espa\u00f1a arranc\u00f3 con Moyano en el siglo XIX, vir\u00f3 por rep\u00fablicas y dictaduras en el XX y pervive en la democracia del XXI. Hubo en Espa\u00f1a 30 reformas de ense\u00f1anza entre 1857-1983. Legislaron ocho ministros castellanos, cada uno con su ideolog\u00eda, valores e intereses: Moyano moderado, Alba liberal, L.Silvela liberal, Sili\u00f3 conservador, F.Aparicio conservador, Callejo primoriverista, Villalobos republicano, San Segundo socialista. Veamos el Plan dictatorial de Callejo.<br \/>\nEduardo Callejo fue de familia y vecindad vallisoletana, donde actu\u00f3 en muchas instituciones: Academia, Audiencia, Bancos Castellano y de Espa\u00f1a, Colegio de Abogados, Cofrad\u00eda Angustias, C\u00edrculo Cat\u00f3lico, Cruz Roja, Sociedad del Porvenir. Fund\u00f3 la Asociaci\u00f3n Francisco de Vitoria para el Progreso de las Ciencias. Convivi\u00f3 en el Ateneo con Gay, Alba, A.Cort\u00e9s, Picavea, Sili\u00f3, Coss\u00edo, Ba\u00f1uelos, A.Delibes y Royo Villanova. En Valladolid fue catedr\u00e1tico de Derecho Natural y Filosof\u00eda del Derecho. En su tesis sobre El Contrato Laboral mostr\u00f3 alguna influencia liberal y defendi\u00f3 un cierto intervencionismo p\u00fablico para proteger a obreros, mujeres y ni\u00f1os.<br \/>\nColabor\u00f3 con seis alcaldes de Valladolid (1923-27): Concejal con De la Villa, primer s\u00edndico con Morales Lezcano, teniente alcalde con Sierra Rodr\u00edguez y en presupuestos con L\u00f3pez Serrano y V.Moliner. En 1927 Yllera le nombr\u00f3 alcalde honorario de Valladolid.<br \/>\nComo cat\u00f3lico militante de juventudes mauristas sufri\u00f3 por la Semana Tr\u00e1gica anticlerical (1909), la lucha sindicalista (1917) y los conflictos entre patrono\/obrero y cl\u00e9rigo\/laico. Sigui\u00f3 a Herrera Oria y al P.Nevares, l\u00edderes de Propaganda Cat\u00f3lica, para recristianizar la sociedad por medio de la ense\u00f1anza y recuperar el protagonismo social e ideol\u00f3gico que la Iglesia perdi\u00f3 en las ofensivas anarquista y socialista del trienio bolchevique. Quer\u00edan borrar la ense\u00f1anza laica de la ILE y eliminar el anticlericalismo que alej\u00f3 a los trabajadores de la Iglesia.<br \/>\nCon Primo fue m\u00e1s cat\u00f3lico que militar, perteneci\u00f3 al Directorio Civil, Uni\u00f3n Patri\u00f3tica y Asamblea Nacional Consultiva. Cofund\u00f3 y presidi\u00f3 la Uni\u00f3n Patri\u00f3tica Castellana, dirigi\u00f3 la Uni\u00f3n Patri\u00f3tica en Madrid y fue Ministro de Instrucci\u00f3n P\u00fablica (1928-29).<br \/>\nSu llamado Plan Callejo control\u00f3 la ense\u00f1anza y apoy\u00f3 la propaganda cat\u00f3lica. Elimin\u00f3 la reforma de Sili\u00f3 del Consejo de Instrucci\u00f3n, recort\u00f3 la Junta para Ampliaci\u00f3n de Estudios, reprimi\u00f3 el pluriling\u00fcismo de la R.A.de Bellas Artes y la rebeld\u00eda pol\u00edtica de la R.A.de Jurisprudencia. Con la ley de Instrucci\u00f3n de 1928, eje de su plan, reform\u00f3 la secundaria al crear bachilleratos de ciencias y letras, elemental y superior. Dict\u00f3 que s\u00f3lo los catedr\u00e1ticos escribieran libros de texto en espa\u00f1ol, afines a la patria y al orden social. Fue criticado por no articular las ense\u00f1anzas secundaria y primaria y hacer obligatoria la asignatura de religi\u00f3n.<\/p>\n","protected":false},"excerpt":{"rendered":"<p>Pedro Carasa. Historiador El tortuoso camino de las leyes de educaci\u00f3n en Espa\u00f1a arranc\u00f3 con Moyano en el siglo XIX, vir\u00f3 por rep\u00fablicas y dictaduras en el XX y pervive en la democracia del XXI. Hubo en Espa\u00f1a 30 reformas de ense\u00f1anza entre 1857-1983. Legislaron ocho ministros castellanos, cada uno con su ideolog\u00eda, valores e [&hellip;]<\/p>\n","protected":false},"author":34,"featured_media":0,"comment_status":"open","ping_status":"closed","sticky":false,"template":"","format":"standard","meta":[],"categories":[1],"tags":[],"_links":{"self":[{"href":"https:\/\/blogs.elnortedecastilla.es\/miradordeclio\/wp-json\/wp\/v2\/posts\/279"}],"collection":[{"href":"https:\/\/blogs.elnortedecastilla.es\/miradordeclio\/wp-json\/wp\/v2\/posts"}],"about":[{"href":"https:\/\/blogs.elnortedecastilla.es\/miradordeclio\/wp-json\/wp\/v2\/types\/post"}],"author":[{"embeddable":true,"href":"https:\/\/blogs.elnortedecastilla.es\/miradordeclio\/wp-json\/wp\/v2\/users\/34"}],"replies":[{"embeddable":true,"href":"https:\/\/blogs.elnortedecastilla.es\/miradordeclio\/wp-json\/wp\/v2\/comments?post=279"}],"version-history":[{"count":1,"href":"https:\/\/blogs.elnortedecastilla.es\/miradordeclio\/wp-json\/wp\/v2\/posts\/279\/revisions"}],"predecessor-version":[{"id":280,"href":"https:\/\/blogs.elnortedecastilla.es\/miradordeclio\/wp-json\/wp\/v2\/posts\/279\/revisions\/280"}],"wp:attachment":[{"href":"https:\/\/blogs.elnortedecastilla.es\/miradordeclio\/wp-json\/wp\/v2\/media?parent=279"}],"wp:term":[{"taxonomy":"category","embeddable":true,"href":"https:\/\/blogs.elnortedecastilla.es\/miradordeclio\/wp-json\/wp\/v2\/categories?post=279"},{"taxonomy":"post_tag","embeddable":true,"href":"https:\/\/blogs.elnortedecastilla.es\/miradordeclio\/wp-json\/wp\/v2\/tags?post=279"}],"curies":[{"name":"wp","href":"https:\/\/api.w.org\/{rel}","templated":true}]}}