{"id":30,"date":"2016-11-15T11:28:55","date_gmt":"2016-11-15T10:28:55","guid":{"rendered":"http:\/\/blogs.elnortedecastilla.es\/miradordeclio\/?p=30"},"modified":"2016-11-15T11:28:55","modified_gmt":"2016-11-15T10:28:55","slug":"raices-del-populismo","status":"publish","type":"post","link":"https:\/\/blogs.elnortedecastilla.es\/miradordeclio\/2016\/11\/15\/raices-del-populismo\/","title":{"rendered":"Ra\u00edces del Populismo"},"content":{"rendered":"<p align=\"center\"><strong>Ra\u00edces del populismo <\/strong><\/p>\n<p align=\"right\">Pedro Carasa<\/p>\n<p>Los populistas lucharon ayer y pelean hoy para que el pueblo llegue al poder en las crisis contempor\u00e1neas: Asamblearios frente a representativos, jacobinos frente a girondinos, anarquistas frente a socialistas, bolcheviques frente a mencheviques, fascistas frente a dem\u00f3cratas, hippies frente a burgueses, rupturistas frente a reformistas, agitadores frente a bipartidistas y Brexit frente a europe\u00edstas.<\/p>\n<p>Optaron por rep\u00fablica contra monarqu\u00eda, protecci\u00f3n contra librecambio, independencia contra uni\u00f3n, pueblo contra elite, emoci\u00f3n contra raz\u00f3n, contracultura contra cultura, movilizaci\u00f3n contra representaci\u00f3n, conflicto contra consenso, gente contra casta, calle contra esca\u00f1o, redes contra urnas, plebiscito contra parlamento, pancarta contra programa, antisistema contra instituciones, xenofobia contra integraci\u00f3n, refer\u00e9ndum contra constituci\u00f3n.<\/p>\n<p>Los populistas actualizan hoy esas opciones. Son los casos chavista, ecuatoriano, boliviano y peronista en el sur y el crudo ejemplo de Trump en el norte. Hay partidos populistas o ultras con m\u00e1s del 8% de los votos en 12 pa\u00edses europeos. La Teolog\u00eda de la Liberaci\u00f3n agita a la Iglesia. El mundo sindical se contagia. Los reality show y las tertulias inoculan sus valores en la gente. Se apunta en el \u00faltimo premio Nobel.<\/p>\n<p>El populismo espa\u00f1ol es viejo, agit\u00f3 a muchos movimientos hist\u00f3ricos para lanzar al pueblo tras el poder: Comuneros, guerrilleros, bandoleros, juntistas, carbonarios, septembrinos, cantonalistas, \u00e1cratas, republicanos radicales, juventudes socialistas, falangistas, frentepopulistas, colectivistas, trotskistas, fuerza nueva, mayo del 68, vecinos asociados, grupo GIL, o el 15M.<\/p>\n<p>No es una plaga, es una reincidente protesta radical que nace y crece en las crisis y amainar\u00e1 tras ellas. \u00c9sas son sus ra\u00edces y su vida hist\u00f3rica. Hoy vemos en ellas muchas contradicciones y ciertos logros.<\/p>\n<p>No les mueve la ideolog\u00eda, ni la raz\u00f3n, act\u00faan por miedo y odio hacia los enemigos del pueblo. Invocan el mantra popular como un dictado de creyentes, por encima de la ley. El pueblo es el s\u00fammum de las virtudes, el antipueblo la causa de todos los males. Su inflamaci\u00f3n popular y sobredosis de gente los aboca al conflicto. Por ser populares son maniqueos, explican la situaci\u00f3n pol\u00edtica como una simple oposici\u00f3n de buenos y malos para con el pueblo, de forma que han revivido las dos Espa\u00f1as.<\/p>\n<p>No lo dicen, pero adoran el poder sin cortapisas y con actos antisistema. No tienen proyectos, la acci\u00f3n directa les lleva al clientelismo popular. Buscan captar votos agradecidos y usan recursos medi\u00e1ticos y mensajes emocionales para gustar a la gente. Hablan un lenguaje pol\u00edtico banal, callejero, demag\u00f3gico, con slogans de televisi\u00f3n y redes sociales, hasta conquistar el cielo.<\/p>\n<p>Se creen fruto de la sociedad civil, ajenos a la casta; pero cuando tocan poder se convierten en el pol\u00edtico despreciado. Son personalistas, con l\u00edderes mesi\u00e1nicos para redimir a la gente. Les interesa movilizar masas m\u00e1s que transformar la sociedad. Frenan las ayudas al desarrollo internacional. No son estables y duraderos, est\u00e1n dise\u00f1ados para actuar contra las instituciones mientras duren las crisis.<\/p>\n<p>Apoyan el soberanismo, las fronteras y el derecho a decidir, siguen el error de la izquierda espa\u00f1ola que sobrepuso la identidad nacionalista a la igualdad de los espa\u00f1oles. Los independentistas, anclados en los fueros medievales, son populistas porque subordinan las necesidades sociales al soberanismo e izan esteladas como para\u00edso popular, por encima del Estado de derecho.<\/p>\n<p>Debemos reconocerles cierta eficacia. Regeneran la democracia y reaccionan a demandas sociales insatisfechas. Son exigentes con la representaci\u00f3n, conectan la pol\u00edtica con la sociedad y destapan la corrupci\u00f3n. Rompen el bipartidismo y el anquilosamiento de los partidos pol\u00edticos como m\u00e1quinas de poder que no nos representan.<\/p>\n<p>Incitan a la sociedad civil a madurar desde abajo en la gesti\u00f3n de servicios y ejercicio de derechos. Superan la excesiva subordinaci\u00f3n civil bajo la intervenci\u00f3n estatal y denuncian la inmadurez del que lo espera todo de lo p\u00fablico. Critican el agobio de tres administraciones paralelas.<\/p>\n<p>Movilizan a los ciudadanos, las manifestaciones diarias se triplican en Espa\u00f1a entre 2012-14. El 80% de los espa\u00f1oles aprob\u00f3 el significado del 15-M. Despiertan pol\u00edticamente a los j\u00f3venes otrora ap\u00e1ticos y exhiben sus s\u00edmbolos de calle en el Congreso. Las mareas inundan las ciudades con docentes y sanitarios coloreados.<\/p>\n<p>Borran la memoria de la Transici\u00f3n espa\u00f1ola. Se apropian de la hist\u00f3rica <em>ruptura democr\u00e1tica<\/em> y la llaman populista. Anuncian una segunda Transici\u00f3n de ruptura popular, contra el enga\u00f1oso pacto de las elites del r\u00e9gimen del 78. Elaboran una contramemoria de la Transici\u00f3n y eliminan el mito del consenso.<\/p>\n<p>Aportan una vitalidad nueva para salir de la crisis. Un premio Nobel de 2008 propuso un <em>contragolpe populista<\/em> pera revertir la desigualdad social. Analizan con eficacia las contradicciones pol\u00edticas y sociales del sistema en crisis. En Espa\u00f1a han absorbido el electorado de la baron\u00eda y la envejecida pol\u00edtica social del PSOE; no han roto el bipartidismo, han arruinado un partido.<\/p>\n<p>Los movimientos populistas denunciaron defectos y aportaron soluciones en las crisis hist\u00f3ricas. Actualmente tienen profundas carencias, pero sus actitudes y valores han renovado la cultura pol\u00edtica de muchos espa\u00f1oles.<\/p>\n<p>&nbsp;<\/p>\n<p>Publicado en la edici\u00f3n en papel el d\u00eda 12 de noviembre de 2016.<\/p>\n","protected":false},"excerpt":{"rendered":"<p>Ra\u00edces del populismo Pedro Carasa Los populistas lucharon ayer y pelean hoy para que el pueblo llegue al poder en las crisis contempor\u00e1neas: Asamblearios frente a representativos, jacobinos frente a girondinos, anarquistas frente a socialistas, bolcheviques frente a mencheviques, fascistas frente a dem\u00f3cratas, hippies frente a burgueses, rupturistas frente a reformistas, agitadores frente a bipartidistas [&hellip;]<\/p>\n","protected":false},"author":34,"featured_media":0,"comment_status":"open","ping_status":"closed","sticky":false,"template":"","format":"standard","meta":[],"categories":[2],"tags":[],"_links":{"self":[{"href":"https:\/\/blogs.elnortedecastilla.es\/miradordeclio\/wp-json\/wp\/v2\/posts\/30"}],"collection":[{"href":"https:\/\/blogs.elnortedecastilla.es\/miradordeclio\/wp-json\/wp\/v2\/posts"}],"about":[{"href":"https:\/\/blogs.elnortedecastilla.es\/miradordeclio\/wp-json\/wp\/v2\/types\/post"}],"author":[{"embeddable":true,"href":"https:\/\/blogs.elnortedecastilla.es\/miradordeclio\/wp-json\/wp\/v2\/users\/34"}],"replies":[{"embeddable":true,"href":"https:\/\/blogs.elnortedecastilla.es\/miradordeclio\/wp-json\/wp\/v2\/comments?post=30"}],"version-history":[{"count":0,"href":"https:\/\/blogs.elnortedecastilla.es\/miradordeclio\/wp-json\/wp\/v2\/posts\/30\/revisions"}],"wp:attachment":[{"href":"https:\/\/blogs.elnortedecastilla.es\/miradordeclio\/wp-json\/wp\/v2\/media?parent=30"}],"wp:term":[{"taxonomy":"category","embeddable":true,"href":"https:\/\/blogs.elnortedecastilla.es\/miradordeclio\/wp-json\/wp\/v2\/categories?post=30"},{"taxonomy":"post_tag","embeddable":true,"href":"https:\/\/blogs.elnortedecastilla.es\/miradordeclio\/wp-json\/wp\/v2\/tags?post=30"}],"curies":[{"name":"wp","href":"https:\/\/api.w.org\/{rel}","templated":true}]}}