{"id":45,"date":"2017-04-09T10:58:03","date_gmt":"2017-04-09T08:58:03","guid":{"rendered":"http:\/\/blogs.elnortedecastilla.es\/miradordeclio\/?p=43"},"modified":"2017-04-09T10:58:03","modified_gmt":"2017-04-09T08:58:03","slug":"el-camino-contemporaneo-de-castilla","status":"publish","type":"post","link":"https:\/\/blogs.elnortedecastilla.es\/miradordeclio\/2017\/04\/09\/el-camino-contemporaneo-de-castilla\/","title":{"rendered":"El camino contempor\u00e1neo de Castilla"},"content":{"rendered":"<p align=\"center\"><strong><span style=\"font-family: Calibri; font-size: small;\">El camino contempor\u00e1neo de Castilla<\/span><\/strong><\/p>\n<p align=\"right\"><span style=\"font-family: Calibri; font-size: small;\">Pedro Carasa<\/span><\/p>\n<p><span style=\"font-family: Calibri; font-size: small;\">Castilla ha andado un rico camino hist\u00f3rico de m\u00e1s de mil a\u00f1os. Su primer trecho medieval y moderno fue ascendente, se\u00f1alado por tres jalones brillantes: <\/span><strong><span style=\"font-family: Calibri; font-size: small;\">Condado<\/span><\/strong><span style=\"font-family: Calibri; font-size: small;\"> en el siglo IX, <\/span><strong><span style=\"font-family: Calibri; font-size: small;\">Reino<\/span><\/strong><span style=\"font-family: Calibri; font-size: small;\"> en el XI, <\/span><strong><span style=\"font-family: Calibri; font-size: small;\">Imperio<\/span><\/strong><span style=\"font-family: Calibri; font-size: small;\"> en el XVI. El segundo tramo contempor\u00e1neo fue descendente y guiado por pasos m\u00e1s modestos: <\/span><strong><span style=\"font-family: Calibri; font-size: small;\">Naci\u00f3n<\/span><\/strong><span style=\"font-family: Calibri; font-size: small;\"> en el XIX, <\/span><strong><span style=\"font-family: Calibri; font-size: small;\">Regi\u00f3n<\/span><\/strong><span style=\"font-family: Calibri; font-size: small;\"> en el XX y <\/span><strong><span style=\"font-family: Calibri; font-size: small;\">Comunidad Aut\u00f3noma<\/span><\/strong><span style=\"font-family: Calibri; font-size: small;\"> desde 1983. <\/span><\/p>\n<p><span style=\"font-family: Calibri; font-size: small;\">Super\u00f3 el primitivo <\/span><strong><span style=\"font-family: Calibri; font-size: small;\">Condado<\/span><\/strong><span style=\"font-family: Calibri; font-size: small;\"> con esfuerzo repoblador y de reconquista, que le condujo a convertirse en <\/span><strong><span style=\"font-family: Calibri; font-size: small;\">Reino<\/span><\/strong><span style=\"font-family: Calibri; font-size: small;\"> l\u00edder y unificador. Este Reino produjo unas fuerzas pol\u00edticas y econ\u00f3micas que saltaron los l\u00edmites peninsulares y encabezaron la conquista americana. Alcanz\u00f3 su c\u00e9nit de poder dentro del <\/span><strong><span style=\"font-family: Calibri; font-size: small;\">Imperio<\/span><\/strong><span style=\"font-family: Calibri; font-size: small;\"> de los Austrias en el que impuls\u00f3 una brillante edad de oro. Sus ciudades comerciales ejercieron un notable liderazgo cultural y econ\u00f3mico, que no estuvo exento de sombras de persecuci\u00f3n racial y religiosa. A partir del siglo XVII la <\/span><strong><span style=\"font-family: Calibri; font-size: small;\">Corona de Castilla<\/span><\/strong><span style=\"font-family: Calibri; font-size: small;\"> declin\u00f3 su protagonismo exterior y necesit\u00f3 las reformas de los ilustrados. <\/span><\/p>\n<p><span style=\"font-family: Calibri; font-size: small;\">Repasamos hoy el trecho contempor\u00e1neo del camino hist\u00f3rico de Castilla la Vieja, subrayando el declive que experiment\u00f3 y el menor dinamismo que acus\u00f3. Desde 1812 sus provincias se incorporaron a la <\/span><strong><span style=\"font-family: Calibri; font-size: small;\">Naci\u00f3n <\/span><\/strong><span style=\"font-family: Calibri; font-size: small;\">espa\u00f1ola, pero vivieron con pasividad e incluso con rechazo el liberalismo. Las fuerzas de la sociedad castellana del siglo XIX apenas militaron con radicales, republicanos, federales ni socialistas, conectaron mejor con los carlistas y siguieron a la Iglesia ultramontana. Salvo el breve Reinado de Ceres en Valladolid, basado en tren, trigo y talleres, Castilla la Vieja en el XIX fue agraria, proteccionista y caciquil, a pesar de creerse depositaria del alma y ser de Espa\u00f1a. <\/span><\/p>\n<p><span style=\"font-family: Calibri; font-size: small;\">Desde 1900, la<\/span><strong><span style=\"font-family: Calibri; font-size: small;\"> Regi\u00f3n<\/span><\/strong><span style=\"font-family: Calibri; font-size: small;\"> apenas asimil\u00f3 la modernizaci\u00f3n en sus ciudades y tuvo m\u00ednimos ejemplos vanguardistas de la edad de plata de la cultura espa\u00f1ola. Lentamente gener\u00f3 un regionalismo remiso y anticatal\u00e1n, que perdi\u00f3 la visi\u00f3n rom\u00e1ntica de los comuneros, no asumi\u00f3 el mito de Villalar, ni alcanz\u00f3 una identidad castellana. <\/span><\/p>\n<p><span style=\"font-family: Calibri; font-size: small;\">En Castilla fracas\u00f3 el proyecto republicano que no consigui\u00f3 aprobar su Estatuto en 1936. La izquierda no gan\u00f3 (salvo en Valladolid) ni una elecci\u00f3n entre 1931-36, pero la Iglesia y los agrarios s\u00ed que allanaron el camino al rebelde levantamiento franquista. Fue beligerante en el bando nacional, Burgos y Salamanca sirvieron de sedes al vencedor, Valladolid acun\u00f3 la falange, y la regi\u00f3n practic\u00f3 masivamente el nacionalcatolicismo. La dictadura ahond\u00f3 en Castilla un falso complejo de superioridad, vaci\u00f3 su mundo rural y arruin\u00f3 sus valores tradicionales en los a\u00f1os 60. Acab\u00f3 anestesiada y sin capacidad de generar m\u00e1s que una t\u00edmida oposici\u00f3n desde movimientos cristianos. <\/span><\/p>\n<p><span style=\"font-family: Calibri; font-size: small;\">La condici\u00f3n de <\/span><strong><span style=\"font-family: Calibri; font-size: small;\">Comunidad Aut\u00f3noma<\/span><\/strong><span style=\"font-family: Calibri; font-size: small;\"> coloc\u00f3 a Castilla en 1983 ante un importante reto de progreso, que se malogr\u00f3 por el lastre de unos escasos recursos humanos y culturales, una poblaci\u00f3n emigrada o envejecida, pueriles rivalidades provinciales, una pobre identidad regional y una econom\u00eda agraria abocada a diluirse en el mercado europeo. La recuperaci\u00f3n de Castilla durante la Transici\u00f3n ha sido leve, empujada m\u00e1s por las exportaciones y subvenciones europeas que por su gesti\u00f3n auton\u00f3mica. La Autonom\u00eda estanc\u00f3 a Castilla en la media espa\u00f1ola, y no ha logrado devolverle el protagonismo econ\u00f3mico, social y cultural de anta\u00f1o.<\/span><\/p>\n<p><span style=\"font-family: Calibri; font-size: small;\">Este bajo dinamismo regional ha dejado pendientes en su sociedad graves problemas. Los trabajadores del campo est\u00e1n abandonados por el sindicalismo, el mundo rural orientado s\u00f3lo a la segunda residencia, la cultura tradicional derrumbada, la natalidad bajo m\u00ednimos y el envejecimiento galopante, los pueblos dispersos con pocos servicios b\u00e1sicos, las juventudes campesinas y urbanas sin salida, la familia sin protecci\u00f3n oficial. La ordenaci\u00f3n del territorio no ha solucionado la dispersi\u00f3n, las provincias siguen insolidarias, los pol\u00edticos castellanos olvidan el imprescindible municipalismo, el patrimonio es explotado sin investigaci\u00f3n, los graves problemas del carb\u00f3n y la reindustrializaci\u00f3n siguen en v\u00eda muerta. <\/span><\/p>\n<p><span style=\"font-family: Calibri; font-size: small;\">Unos imputan esta apat\u00eda al conservadurismo de la sociedad castellana, alimentado por el poso eclesi\u00e1stico y agrario. Otros creen que ha sido la insensibilidad de los pol\u00edticos ante los problemas reales, particularmente la dejaci\u00f3n de la izquierda. En la democracia el 90% del poder lo ha gestionado la derecha, en las nueve legislaturas \u00e9sta obtuvo el 58,4% y la izquierda el 41,6% de los procuradores. La deserci\u00f3n del socialismo en la Comunidad Aut\u00f3noma es grave, desde 1983 s\u00f3lo gan\u00f3 el PSOE la primera elecci\u00f3n auton\u00f3mica, todas las siguientes fueron derrotas, y la de 2011 baj\u00f3 del 30%. Izquierda Unida ha desaparecido entre 2003-11. <\/span><\/p>\n<p><span style=\"font-family: Calibri; font-size: small;\">Han perdido ocho de nueve elecciones porque la oposici\u00f3n pol\u00edtica del partido socialista y los sindicatos no han perseguido sus objetivos de igualdad y solidaridad, han tenido l\u00edderes d\u00e9biles y se han acomodado a una oposici\u00f3n inactiva. Han desconectado de los problemas reales, se han fracturado y desorientado ante los populismos emergentes. La desaparici\u00f3n de la izquierda ha formado en Castilla una bolsa de carencias sociales cuyo hueco no puede llenar el populismo radical. La historia del camino contempor\u00e1neo de Castilla que hemos recorrido descubre que su sociedad necesita que los valores sociales de la izquierda se estimulen desde el poder.<\/span><\/p>\n<p>Original publicado en El Norte de Castilla del 8 de abril de 2017<\/p>\n","protected":false},"excerpt":{"rendered":"<p>El camino contempor\u00e1neo de Castilla Pedro Carasa Castilla ha andado un rico camino hist\u00f3rico de m\u00e1s de mil a\u00f1os. Su primer trecho medieval y moderno fue ascendente, se\u00f1alado por tres jalones brillantes: Condado en el siglo IX, Reino en el XI, Imperio en el XVI. El segundo tramo contempor\u00e1neo fue descendente y guiado por pasos [&hellip;]<\/p>\n","protected":false},"author":34,"featured_media":0,"comment_status":"open","ping_status":"closed","sticky":false,"template":"","format":"standard","meta":[],"categories":[2],"tags":[],"_links":{"self":[{"href":"https:\/\/blogs.elnortedecastilla.es\/miradordeclio\/wp-json\/wp\/v2\/posts\/45"}],"collection":[{"href":"https:\/\/blogs.elnortedecastilla.es\/miradordeclio\/wp-json\/wp\/v2\/posts"}],"about":[{"href":"https:\/\/blogs.elnortedecastilla.es\/miradordeclio\/wp-json\/wp\/v2\/types\/post"}],"author":[{"embeddable":true,"href":"https:\/\/blogs.elnortedecastilla.es\/miradordeclio\/wp-json\/wp\/v2\/users\/34"}],"replies":[{"embeddable":true,"href":"https:\/\/blogs.elnortedecastilla.es\/miradordeclio\/wp-json\/wp\/v2\/comments?post=45"}],"version-history":[{"count":0,"href":"https:\/\/blogs.elnortedecastilla.es\/miradordeclio\/wp-json\/wp\/v2\/posts\/45\/revisions"}],"wp:attachment":[{"href":"https:\/\/blogs.elnortedecastilla.es\/miradordeclio\/wp-json\/wp\/v2\/media?parent=45"}],"wp:term":[{"taxonomy":"category","embeddable":true,"href":"https:\/\/blogs.elnortedecastilla.es\/miradordeclio\/wp-json\/wp\/v2\/categories?post=45"},{"taxonomy":"post_tag","embeddable":true,"href":"https:\/\/blogs.elnortedecastilla.es\/miradordeclio\/wp-json\/wp\/v2\/tags?post=45"}],"curies":[{"name":"wp","href":"https:\/\/api.w.org\/{rel}","templated":true}]}}