{"id":58,"date":"2017-10-17T11:47:49","date_gmt":"2017-10-17T09:47:49","guid":{"rendered":"http:\/\/blogs.elnortedecastilla.es\/miradordeclio\/?p=58"},"modified":"2017-10-17T11:47:49","modified_gmt":"2017-10-17T09:47:49","slug":"debilidad-del-estado-y-fracaso-de-las-autonomias","status":"publish","type":"post","link":"https:\/\/blogs.elnortedecastilla.es\/miradordeclio\/2017\/10\/17\/debilidad-del-estado-y-fracaso-de-las-autonomias\/","title":{"rendered":"Debilidad del Estado y fracaso de las Autonom\u00edas"},"content":{"rendered":"<p><strong>Debilidad del Estado y fracaso de las Autonom\u00edas<\/strong><\/p>\n<p>Pedro Carasa<\/p>\n<p>Ante el <strong>reto independentista<\/strong> catal\u00e1n se ha descartado, con raz\u00f3n, la soluci\u00f3n <strong>militar<\/strong>. La respuesta <strong>pol\u00edtica<\/strong> ha llegado <strong>tarde<\/strong> y ha sido <strong>incapaz<\/strong>, ni el <strong>ejecutivo<\/strong> ha llevado la iniciativa, ni el <strong>legislativo<\/strong> fragmentado ha articulado una contestaci\u00f3n de consenso pol\u00edtico. Ha sido la actuaci\u00f3n <strong>judicial<\/strong> la que ha controlado, no solucionado, el problema. In extremis y tarde ha aparecido el <strong>poder econ\u00f3mico<\/strong> fugando empresas, lo que ha desorientado al independentismo rompiendo su <strong>c\u00e1ntaro de leche<\/strong>. Concluimos que el <strong>Estado <\/strong>ha sido <strong>d\u00e9bil<\/strong> y las <strong>Autonom\u00edas<\/strong> han <strong>fracasado<\/strong> y generan problemas.<\/p>\n<p>Los pol\u00edticos no ven las ra\u00edces de la enfermedad y no descubren su etiolog\u00eda, diagn\u00f3stico y tratamiento. Falta <strong>perspectiva hist\u00f3rica<\/strong>. Estamos ante un problema <strong>cultural <\/strong>de <strong>hondo calado<\/strong> contempor\u00e1neo que no se resuelve con medidas instant\u00e1neas, ni con <strong>violencia<\/strong>, ni con <strong>di\u00e1logos o negociaciones<\/strong>, ni con <strong>movilizaciones<\/strong> y m\u00edtines, ni con b<strong>anderas<\/strong> espa\u00f1olas, esteladas o blancas.<\/p>\n<p>El Estado de las Autonom\u00edas de 1978 muestra <strong>limitaciones y contradicciones<\/strong>. Los regionalismos y los nacionalismos nacieron hist\u00f3ricamente de la debilidad del Estado espa\u00f1ol que hoy est\u00e1 siendo <strong>socavado<\/strong> por una de sus <strong>hijas rebeldes<\/strong>.<\/p>\n<p>El Estado <strong>liberal fue d\u00e9bil<\/strong> por no ordenar eficazmente su territorio nacional en el XIX. Tras perder sus territorios coloniales, los liberales s\u00f3lo centralizaron los niveles municipal, provincial y estatal. Una oportunidad de reforzar el Estado se perdi\u00f3 con los <strong>rexurdimentos y renaixen\u00e7as<\/strong> que avivaron la cultura local y germinaron un <strong>buen modelo federal<\/strong> durante la I Rep\u00fablica. Desgraciadamente <strong>lo aboli\u00f3 la monarqu\u00eda<\/strong> centralista de la Restauraci\u00f3n que desarm\u00f3 m\u00e1s al Estado y sigui\u00f3 <strong>deteriorando el nacionalismo espa\u00f1ol<\/strong>.<\/p>\n<p>Desde fines del XIX, el Estado <strong>enflaqueci\u00f3<\/strong> exteriormente en <strong>Am\u00e9ric<\/strong>a y <strong>Europa<\/strong> y se rompi\u00f3 interiormente por la pugna de sus regiones, aquejado de <strong>foralidades<\/strong> y <strong>desigualdades<\/strong>. Al <strong>no <\/strong>estar <strong>cohesionado <\/strong>su territorio y carecer de una <strong>cultura nacional<\/strong>, el nacionalismo espa\u00f1ol fue <strong>descalificado<\/strong> por los nacionalistas y regionalistas. Eran fuerzas <strong>conservadoras<\/strong>, vinculadas a monasterios y sacrist\u00edas, que contribuyeron a <strong>evitar el sentido de Estado<\/strong>. Sin una cultura democr\u00e1tica madura, el <strong>Estado<\/strong> espa\u00f1ol enferm\u00f3 en una <strong>profunda crisis<\/strong> encadenada por la dictadura, la guerra y otra dictadura.<\/p>\n<p>La <strong>II Rep\u00fablica<\/strong> no recogi\u00f3 la cultura estatal del viejo federalismo sim\u00e9trico de 1873 y toler\u00f3 una carrera de estatutos de autonom\u00eda, <strong>sin un plan previo<\/strong> que los articulara en un Estado superior. Desde 1934, los partidos <strong>nacionalistas conservadores<\/strong> <strong>pactaron<\/strong> estrat\u00e9gicamente con la <strong>izquierda<\/strong>, los vascos con los socialistas y la Lliga con los republicanos. Se produjeron as\u00ed los primeros <strong>brotes secesionistas<\/strong>.<\/p>\n<p>Reforz\u00f3 esta falsa p\u00e1tina progresista del nacionalismo la <strong>represi\u00f3n de la dictadura<\/strong> de Franco contra sus lenguas y l\u00edderes. La oposici\u00f3n al franquismo cre\u00f3 una <strong>izquierda aliada a los nacionalismos foralistas<\/strong> que <strong>perdi\u00f3<\/strong> en su compa\u00f1\u00eda los b\u00e1sicos <strong>valores<\/strong> de igualdad y solidaridad. Esta izquierda, <strong>m\u00e1s nacionalista que estatalista<\/strong>, fue capaz de <strong>justificar el terrorismo<\/strong> etarra que caus\u00f3 mil muertos y no reforz\u00f3 al Estado, como era su obligaci\u00f3n.<\/p>\n<p>Desde 1977 el <strong>pacto constitucional<\/strong> puso a este d\u00e9bil Estado espa\u00f1ol bajo la presi\u00f3n de los <strong>nacionalismos<\/strong> apoyados por la izquierda. La Transici\u00f3n no resolvi\u00f3 el problema, camufl\u00f3 las naciones bajo las <strong>equ\u00edvocas nacionalidades<\/strong>, dise\u00f1\u00f3 un sistema de autonom\u00edas <strong>desiguales<\/strong>, marc\u00f3 <strong>diversas v\u00edas<\/strong> de acceso, cre\u00f3 <strong>excepciones <\/strong>hist\u00f3ricas, no puso <strong>techos<\/strong> competenciales, dej\u00f3 el <strong>modelo abierto<\/strong> a la competencia y no impuso un <strong>senado territorial<\/strong>. Con ello, a<strong>bland\u00f3 <\/strong>m\u00e1s al <strong>Estado<\/strong>; qued\u00f3 reducido a un tercio de competencias e ingresos y elimin\u00f3 su presencia en las Comunidades. Varios Estatutos <strong>ahondaron las desigualdades<\/strong>, pelearon por m\u00e1s competencias, los nacionalistas aspiraron a la <strong>independencia<\/strong> y evitaron el \u201c<strong>caf\u00e9 para todos<\/strong>\u201d. De aquellos polvos vienen estos lodos.<\/p>\n<p>La pr\u00e1ctica <strong>electoral <\/strong>y parlamentaria ahond\u00f3 la debilidad del Estado, dio m\u00e1s <strong>representaci\u00f3n a los peque\u00f1os<\/strong> PNV y CiU, convertidos as\u00ed en fieles de la balanza para <strong>esquilmar los presupuestos<\/strong> y acaparar m\u00e1s recursos y poderes. Equivocadamente se les dio la <strong>gesti\u00f3n de la educaci\u00f3n<\/strong>, de forma que la manipularon para construir <strong>relatos hist\u00f3ricos<\/strong> favorables a sus identidades y opuestos a la Espa\u00f1a <strong>enemiga<\/strong>. Obtuvieron tambi\u00e9n el pacto de <strong>inclusi\u00f3n ling\u00fc\u00edstica<\/strong>, que acab\u00f3 marginando el espa\u00f1ol. Colegios y universidades han <strong>inoculado<\/strong> la cultura altanera de <strong>odio a lo espa\u00f1ol<\/strong> como opresor, explotador e inferior. Al tiempo, se ha <strong>devaluado lo catal\u00e1n<\/strong> en Espa\u00f1a. Esta <strong>herida<\/strong> en la sociedad espa\u00f1ola y catalana pervivir\u00e1 varias generaciones.<\/p>\n<p>La sociedad espa\u00f1ola, mal informada por una <strong>prensa populista<\/strong> o adicta a su poder, ha <strong>mirado a otro<\/strong> lado mientras se cern\u00eda la ruptura. S\u00f3lo <strong>el rey<\/strong> ha estado en su sitio. El ejecutivo y el legislativo <strong>perdieron la Diada<\/strong>, el <strong>1-O<\/strong>, la imagen <strong>internacional <\/strong>y la <strong>confianza<\/strong> de los espa\u00f1oles. El caos catal\u00e1n pretende ahora concesiones bajo el <strong>chantaje de la negociaci\u00f3n<\/strong> o la mediaci\u00f3n.<\/p>\n<p>La Espa\u00f1a de la Autonom\u00edas ha fracasado por no conseguir la <strong>autoestima <\/strong>del pa\u00eds, ni generar referencias de <strong>igualdad<\/strong> y <strong>solidaridad<\/strong>, ni lograr un sentimiento de <strong>unidad nacional<\/strong>. Un <strong>pacto parlamentario<\/strong> de tres quintos, con los socialistas, deber\u00eda <strong>reformar la Constituci\u00f3n<\/strong>, para que un Estado fuerte, <strong>federal y sim\u00e9trico<\/strong> gestione la <strong>educaci\u00f3n<\/strong> e iguale el <strong>territorio<\/strong>.<\/p>\n<p>Editado en <em><strong>El Norte de Castilla<\/strong><\/em>, del d\u00eda 17 de octubre de 2017<\/p>\n","protected":false},"excerpt":{"rendered":"<p>Debilidad del Estado y fracaso de las Autonom\u00edas Pedro Carasa Ante el reto independentista catal\u00e1n se ha descartado, con raz\u00f3n, la soluci\u00f3n militar. La respuesta pol\u00edtica ha llegado tarde y ha sido incapaz, ni el ejecutivo ha llevado la iniciativa, ni el legislativo fragmentado ha articulado una contestaci\u00f3n de consenso pol\u00edtico. Ha sido la actuaci\u00f3n [&hellip;]<\/p>\n","protected":false},"author":34,"featured_media":0,"comment_status":"open","ping_status":"closed","sticky":false,"template":"","format":"standard","meta":[],"categories":[1],"tags":[],"_links":{"self":[{"href":"https:\/\/blogs.elnortedecastilla.es\/miradordeclio\/wp-json\/wp\/v2\/posts\/58"}],"collection":[{"href":"https:\/\/blogs.elnortedecastilla.es\/miradordeclio\/wp-json\/wp\/v2\/posts"}],"about":[{"href":"https:\/\/blogs.elnortedecastilla.es\/miradordeclio\/wp-json\/wp\/v2\/types\/post"}],"author":[{"embeddable":true,"href":"https:\/\/blogs.elnortedecastilla.es\/miradordeclio\/wp-json\/wp\/v2\/users\/34"}],"replies":[{"embeddable":true,"href":"https:\/\/blogs.elnortedecastilla.es\/miradordeclio\/wp-json\/wp\/v2\/comments?post=58"}],"version-history":[{"count":1,"href":"https:\/\/blogs.elnortedecastilla.es\/miradordeclio\/wp-json\/wp\/v2\/posts\/58\/revisions"}],"predecessor-version":[{"id":59,"href":"https:\/\/blogs.elnortedecastilla.es\/miradordeclio\/wp-json\/wp\/v2\/posts\/58\/revisions\/59"}],"wp:attachment":[{"href":"https:\/\/blogs.elnortedecastilla.es\/miradordeclio\/wp-json\/wp\/v2\/media?parent=58"}],"wp:term":[{"taxonomy":"category","embeddable":true,"href":"https:\/\/blogs.elnortedecastilla.es\/miradordeclio\/wp-json\/wp\/v2\/categories?post=58"},{"taxonomy":"post_tag","embeddable":true,"href":"https:\/\/blogs.elnortedecastilla.es\/miradordeclio\/wp-json\/wp\/v2\/tags?post=58"}],"curies":[{"name":"wp","href":"https:\/\/api.w.org\/{rel}","templated":true}]}}